{"id":49564,"date":"2026-01-29T04:25:00","date_gmt":"2026-01-29T07:25:00","guid":{"rendered":"https:\/\/noticiasdestaque.com.br\/index.php\/2026\/01\/29\/frente-fria-e-ciclone-aumentam-o-risco-de-chuvas-intensas-no-sul-e-sudeste-do-brasil\/"},"modified":"2026-01-29T04:25:00","modified_gmt":"2026-01-29T07:25:00","slug":"frente-fria-e-ciclone-aumentam-o-risco-de-chuvas-intensas-no-sul-e-sudeste-do-brasil","status":"publish","type":"post","link":"https:\/\/noticiasdestaque.com.br\/index.php\/2026\/01\/29\/frente-fria-e-ciclone-aumentam-o-risco-de-chuvas-intensas-no-sul-e-sudeste-do-brasil\/","title":{"rendered":"Frente fria e ciclone aumentam o risco de chuvas intensas no Sul e Sudeste do Brasil"},"content":{"rendered":"<p>\t\t\t\t\t\t\t\t\t\t\t<audio controls class=\"b61_audio_player\" data-noticia=\"87377\" src=\"https:\/\/brasil61.com\/rails\/active_storage\/blobs\/eyJfcmFpbHMiOnsibWVzc2FnZSI6IkJBaHBBK2pyQXc9PSIsImV4cCI6bnVsbCwicHVyIjoiYmxvYl9pZCJ9fQ==--6daa84865d0592ea50c9081cbab9e1b3fa15515a\/BRAS2615708A\"><\/audio><\/p>\n<p>\u00a0<\/p>\n<\/p>\n<p dir=\"ltr\">\u00a0A passagem de uma frente fria e a forma\u00e7\u00e3o de um <strong>ciclone no litoral do Sudeste devem provocar chuvas intensas e tempestades<\/strong> em \u00e1reas das regi\u00f5es Sul e Sudeste do Brasil a partir desta quinta-feira (29).<\/p>\n<p dir=\"ltr\">No <strong>Sul <\/strong>do pa\u00eds, o alerta \u00e9 para o Paran\u00e1 e Santa Catarina. A partir da tarde de quinta-feira (29), h\u00e1<strong> risco de tempestades<\/strong> na Regi\u00e3o Metropolitana de Curitiba, no Norte Catarinense, no Vale do Itaja\u00ed e na Regi\u00e3o Serrana de Santa Catarina. Nessas \u00e1reas, a chuva pode ser forte, acompanhada de<strong> rajadas de vento, raios e queda de granizo<\/strong>, com volumes que podem chegar a 100 mil\u00edmetros em apenas 24 horas.<\/p>\n<p dir=\"ltr\">J\u00e1 na sexta-feira (30), a forma\u00e7\u00e3o de um <strong>ciclone no litoral da Regi\u00e3o Sudeste<\/strong> deve intensificar as chuvas em S\u00e3o Paulo, no Rio de Janeiro e no sul de Minas Gerais. Os maiores acumulados est\u00e3o previstos para a Serra da Mantiqueira, onde a chuva pode superar os 100 mil\u00edmetros. No litoral paulista, os volumes podem passar de 60 mil\u00edmetros.<\/p>\n<p dir=\"ltr\">Ainda na sexta-feira (30), h\u00e1 <strong>previs\u00e3o de tempestades em grande parte do estado de S\u00e3o Paulo<\/strong>, com possibilidade de granizo, al\u00e9m de \u00e1reas do Tri\u00e2ngulo Mineiro. No s\u00e1bado (31), as chuvas mais intensas devem se concentrar entre o Tri\u00e2ngulo Mineiro e o estado do Rio de Janeiro, com acumulados que podem ultrapassar 100 mil\u00edmetros em pontos isolados.<\/p>\n<p dir=\"ltr\">A previs\u00e3o indica ainda que a atua\u00e7\u00e3o prolongada do ciclone pode formar um corredor de umidade entre o Esp\u00edrito Santo e o Mato Grosso, o que pode caracterizar um novo epis\u00f3dio da <strong>Zona de Converg\u00eancia do Atl\u00e2ntico Sul, a ZCAS, t\u00edpica do ver\u00e3o<\/strong>.<\/p>\n<p dir=\"ltr\">A orienta\u00e7\u00e3o \u00e9 que a popula\u00e7\u00e3o acompanhe as atualiza\u00e7\u00f5es meteorol\u00f3gicas e siga as recomenda\u00e7\u00f5es da Defesa Civil, especialmente em \u00e1reas com risco de alagamentos, enxurradas, quedas de \u00e1rvores e transtornos causados por ventos fortes e raios.<\/p>\n<p>\t\t\t\t\t\t\t\t\t\t<img loading=\"lazy\" decoding=\"async\" src=\"https:\/\/brasil61.com\/api\/v1\/serve_pixel\/17677\/87377\" alt=\"Pixel Brasil 61\" class=\"b61_pixel\" width=\"0\" height=\"0\"><\/p>\n<input type=\"hidden\" id=\"baseurl\" value=\"https:\/\/noticiasdestaque.com.br\"><input type=\"hidden\" id=\"audio_nonce\" value=\"9fd43fe80e\">","protected":false},"excerpt":{"rendered":"<p> Sistema meteorol\u00f3gico pode provocar temporais, volumes elevados de chuva e at\u00e9 a forma\u00e7\u00e3o de um novo epis\u00f3dio de Zona de Converg\u00eancia do Atl\u00e2ntico Sul nos pr\u00f3ximos dias<\/p>\n","protected":false},"author":1,"featured_media":49565,"comment_status":"open","ping_status":"open","sticky":false,"template":"","format":"standard","meta":{"fifu_image_url":"","fifu_image_alt":"","footnotes":""},"categories":[58],"tags":[],"class_list":["post-49564","post","type-post","status-publish","format-standard","has-post-thumbnail","hentry","category-cotidiano"],"distributor_meta":false,"distributor_terms":false,"distributor_media":false,"distributor_original_site_name":"Noticias em Destaque","distributor_original_site_url":"https:\/\/noticiasdestaque.com.br","push-errors":false,"_links":{"self":[{"href":"https:\/\/noticiasdestaque.com.br\/index.php\/wp-json\/wp\/v2\/posts\/49564","targetHints":{"allow":["GET"]}}],"collection":[{"href":"https:\/\/noticiasdestaque.com.br\/index.php\/wp-json\/wp\/v2\/posts"}],"about":[{"href":"https:\/\/noticiasdestaque.com.br\/index.php\/wp-json\/wp\/v2\/types\/post"}],"author":[{"embeddable":true,"href":"https:\/\/noticiasdestaque.com.br\/index.php\/wp-json\/wp\/v2\/users\/1"}],"replies":[{"embeddable":true,"href":"https:\/\/noticiasdestaque.com.br\/index.php\/wp-json\/wp\/v2\/comments?post=49564"}],"version-history":[{"count":0,"href":"https:\/\/noticiasdestaque.com.br\/index.php\/wp-json\/wp\/v2\/posts\/49564\/revisions"}],"wp:featuredmedia":[{"embeddable":true,"href":"https:\/\/noticiasdestaque.com.br\/index.php\/wp-json\/wp\/v2\/media\/49565"}],"wp:attachment":[{"href":"https:\/\/noticiasdestaque.com.br\/index.php\/wp-json\/wp\/v2\/media?parent=49564"}],"wp:term":[{"taxonomy":"category","embeddable":true,"href":"https:\/\/noticiasdestaque.com.br\/index.php\/wp-json\/wp\/v2\/categories?post=49564"},{"taxonomy":"post_tag","embeddable":true,"href":"https:\/\/noticiasdestaque.com.br\/index.php\/wp-json\/wp\/v2\/tags?post=49564"}],"curies":[{"name":"wp","href":"https:\/\/api.w.org\/{rel}","templated":true}]}}