{"id":49562,"date":"2026-01-29T04:15:00","date_gmt":"2026-01-29T07:15:00","guid":{"rendered":"https:\/\/noticiasdestaque.com.br\/index.php\/2026\/01\/29\/vigitel-2025-diabetes-cresce-135-no-brasil-em-18-anos\/"},"modified":"2026-01-29T04:15:00","modified_gmt":"2026-01-29T07:15:00","slug":"vigitel-2025-diabetes-cresce-135-no-brasil-em-18-anos","status":"publish","type":"post","link":"https:\/\/noticiasdestaque.com.br\/index.php\/2026\/01\/29\/vigitel-2025-diabetes-cresce-135-no-brasil-em-18-anos\/","title":{"rendered":"Vigitel 2025: diabetes cresce 135% no Brasil em 18 anos"},"content":{"rendered":"<p>\t\t\t\t\t\t\t\t\t\t\t<audio controls class=\"b61_audio_player\" data-noticia=\"87378\" src=\"https:\/\/brasil61.com\/rails\/active_storage\/blobs\/eyJfcmFpbHMiOnsibWVzc2FnZSI6IkJBaHBBK1ByQXc9PSIsImV4cCI6bnVsbCwicHVyIjoiYmxvYl9pZCJ9fQ==--fd4ea255b54b3b8834cd75db59cd4bfd6a409802\/BRAS2615709A\"><\/audio><\/p>\n<p>A <strong>diabetes cresceu 135% no Brasil em um per\u00edodo de 18 anos, variando de 5,5%, em 2006, a 12,9% em 2024<\/strong>. O n\u00famero de registros de obesidade entre os brasileiros tamb\u00e9m avan\u00e7ou 118% no pa\u00eds. Os dados s\u00e3o dados do <a href=\"https:\/\/www.gov.br\/saude\/pt-br\/centrais-de-conteudo\/publicacoes\/svsa\/vigitel\/vigitel-brasil-2006-2024.pdf\/view\" target=\"_blank\">Sistema de Vigil\u00e2ncia de Fatores de Risco e Prote\u00e7\u00e3o para Doen\u00e7as Cr\u00f4nicas por Inqu\u00e9rito Telef\u00f4nico (Vigitel) 2024<\/a>, divulgados pelo Minist\u00e9rio da Sa\u00fade.<\/p>\n<p>O aumento de<strong> diagn\u00f3sticos de diabetes<\/strong> no pa\u00eds foi observado em ambos os sexos, sendo<strong> maior entre as mulheres \u2013 variando de 6,3% a 14,3%.<\/strong> Considerando o per\u00edodo mais recente, utilizando dados de 2019, houve manuten\u00e7\u00e3o da tend\u00eancia de crescimento, variando de 8,2%, em 2019, a 12,9% em 2024, no conjunto da popula\u00e7\u00e3o.<\/p>\n<p>Em rela\u00e7\u00e3o \u00e0 <strong>obesidade<\/strong>, o avan\u00e7o de casos foi identificado em todas as faixas de idade e em todos os n\u00edveis de instru\u00e7\u00e3o. No entanto, os maiores aumentos foram <strong>entre adultos de 25 a 44 anos, variando de 37,5%\u00a0em 2006\u00a0a 61,7% em 2024 para aqueles entre 25 e 34 anos; e de 48,8% a 69,2% para aqueles entre 35 e 44 anos.\u00a0<\/strong><\/p>\n<p>O levantamento traz um panorama dos h\u00e1bitos e da sa\u00fade da popula\u00e7\u00e3o brasileira no que diz respeito \u00e0 \u00a0alimenta\u00e7\u00e3o e atividade f\u00edsica. A pesquisa tamb\u00e9m mostra dados sobre comorbidades, como hipertens\u00e3o arterial e h\u00e1bitos de sono.<\/p>\n<p>O Vigitel foi implantado em 2006 em todas as UFs. O objetivo \u00e9 monitorar anualmente, via entrevista telef\u00f4nica, a situa\u00e7\u00e3o de sa\u00fade da popula\u00e7\u00e3o brasileira.<\/p>\n<h2>H\u00e1bitos e qualidade de vida dos brasileiros<\/h2>\n<p><strong>Acompanhando o ritmo de crescimento de diabetes e obesidade entre a popula\u00e7\u00e3o adulta brasileira, o Vigitel ainda aponta que mais de 60% da popula\u00e7\u00e3o est\u00e1 acima do peso. O percentual saltou de 42,6% em 2006 para 62,6% em 2024.<\/strong><\/p>\n<p>J\u00e1 o diagn\u00f3stico de <strong>hipertens\u00e3o arterial <\/strong>entre os brasileiros aumentou 31%. Conforme a pesquisa, <strong>o percentual variou de 22,6%, em 2006, a 29,7%, em 2024. <\/strong>Nesse cen\u00e1rio, foi observado aumento na preval\u00eancia do indicador em ambos os sexos, com maior incremento entre os homens.\u00a0<\/p>\n<p>Os dados nacionais do Vigitel apontam, ainda,<strong> mudan\u00e7as nos padr\u00f5es de atividade f\u00edsica<\/strong>. A pr\u00e1tica de atividade f\u00edsica no deslocamento <strong>recuou de 17% em 2009 para 11,3% em 2024,<\/strong> enquanto a propor\u00e7\u00e3o de adultos que fazem<strong> atividade f\u00edsica moderada no tempo livre aumentou para 42,3%.\u00a0<\/strong><\/p>\n<p>No que diz respeito aos h\u00e1bitos alimentares da popula\u00e7\u00e3o brasileira, os dados apontam que o consumo regular de frutas e hortali\u00e7as permaneceu est\u00e1vel \u2013 em torno de 31% da popula\u00e7\u00e3o.<\/p>\n<h2>Dados in\u00e9ditos sobre sono<\/h2>\n<p><strong>Pela primeira vez, o Vigitel apresenta informa\u00e7\u00f5es nacionais sobre sono. No total, 20,2% dos adultos dormem menos de seis horas por noite, e 31,7% apresentam sintomas de ins\u00f4nia, com maior preval\u00eancia entre mulheres (21,3%) do que entre os homens (18,9%).<\/strong><\/p>\n<p>Quando consideradas a cidade onde o entrevistado reside, as mulheres com menos horas de sono por noite est\u00e3o em <strong>Macei\u00f3 (AL), Salvador (BA) e Rio de Janeiro (RJ) e, entre homens, em Bel\u00e9m (PA), Macap\u00e1 (AP) e S\u00e3o Lu\u00eds (MA).\u00a0<\/strong><\/p>\n<h2>Viva Mais Brasil<\/h2>\n<p>Como resposta ao cen\u00e1rio de avan\u00e7o de comorbidades e maus h\u00e1bitos de sa\u00fade dos brasileiros, o ministro da Sa\u00fade, Alexandre Padilha, lan\u00e7ou a estrat\u00e9gia Viva Mais Brasil em evento no Rio de Janeiro.<\/p>\n<p>A mobiliza\u00e7\u00e3o vai ter car\u00e1ter nacional, como foco na promo\u00e7\u00e3o da sa\u00fade, preven\u00e7\u00e3o de doen\u00e7as cr\u00f4nicas e melhoria da qualidade de vida dos brasileiros. A iniciativa contar\u00e1 com o aporte de <strong>R$ 340 milh\u00f5es em pol\u00edticas de promo\u00e7\u00e3o da atividade f\u00edsica<\/strong>, com destaque para a retomada da <strong>Academia da Sa\u00fade<\/strong> \u2013 <strong>eixo que receber\u00e1 R$ 40 milh\u00f5es ainda em 2026, previstos em portaria assinada pelo ministro.<\/strong><\/p>\n<p>\t\t\t\t\t\t\t\t\t\t<img loading=\"lazy\" decoding=\"async\" src=\"https:\/\/brasil61.com\/api\/v1\/serve_pixel\/17677\/87378\" alt=\"Pixel Brasil 61\" class=\"b61_pixel\" width=\"0\" height=\"0\"><\/p>\n<input type=\"hidden\" id=\"baseurl\" value=\"https:\/\/noticiasdestaque.com.br\"><input type=\"hidden\" id=\"audio_nonce\" value=\"9fd43fe80e\">","protected":false},"excerpt":{"rendered":"<p>Condi\u00e7\u00f5es como hipertens\u00e3o, obesidade e excesso de peso tamb\u00e9m avan\u00e7aram de 2006 a 2024; confira detalhes<\/p>\n","protected":false},"author":1,"featured_media":49563,"comment_status":"open","ping_status":"open","sticky":false,"template":"","format":"standard","meta":{"fifu_image_url":"","fifu_image_alt":"","footnotes":""},"categories":[51],"tags":[],"class_list":["post-49562","post","type-post","status-publish","format-standard","has-post-thumbnail","hentry","category-saude"],"distributor_meta":false,"distributor_terms":false,"distributor_media":false,"distributor_original_site_name":"Noticias em Destaque","distributor_original_site_url":"https:\/\/noticiasdestaque.com.br","push-errors":false,"_links":{"self":[{"href":"https:\/\/noticiasdestaque.com.br\/index.php\/wp-json\/wp\/v2\/posts\/49562","targetHints":{"allow":["GET"]}}],"collection":[{"href":"https:\/\/noticiasdestaque.com.br\/index.php\/wp-json\/wp\/v2\/posts"}],"about":[{"href":"https:\/\/noticiasdestaque.com.br\/index.php\/wp-json\/wp\/v2\/types\/post"}],"author":[{"embeddable":true,"href":"https:\/\/noticiasdestaque.com.br\/index.php\/wp-json\/wp\/v2\/users\/1"}],"replies":[{"embeddable":true,"href":"https:\/\/noticiasdestaque.com.br\/index.php\/wp-json\/wp\/v2\/comments?post=49562"}],"version-history":[{"count":0,"href":"https:\/\/noticiasdestaque.com.br\/index.php\/wp-json\/wp\/v2\/posts\/49562\/revisions"}],"wp:featuredmedia":[{"embeddable":true,"href":"https:\/\/noticiasdestaque.com.br\/index.php\/wp-json\/wp\/v2\/media\/49563"}],"wp:attachment":[{"href":"https:\/\/noticiasdestaque.com.br\/index.php\/wp-json\/wp\/v2\/media?parent=49562"}],"wp:term":[{"taxonomy":"category","embeddable":true,"href":"https:\/\/noticiasdestaque.com.br\/index.php\/wp-json\/wp\/v2\/categories?post=49562"},{"taxonomy":"post_tag","embeddable":true,"href":"https:\/\/noticiasdestaque.com.br\/index.php\/wp-json\/wp\/v2\/tags?post=49562"}],"curies":[{"name":"wp","href":"https:\/\/api.w.org\/{rel}","templated":true}]}}