{"id":49540,"date":"2026-01-28T04:45:00","date_gmt":"2026-01-28T07:45:00","guid":{"rendered":"https:\/\/noticiasdestaque.com.br\/index.php\/2026\/01\/28\/federaminas-aposta-em-2026-como-o-ano-do-associativismo\/"},"modified":"2026-01-28T04:45:00","modified_gmt":"2026-01-28T07:45:00","slug":"federaminas-aposta-em-2026-como-o-ano-do-associativismo","status":"publish","type":"post","link":"https:\/\/noticiasdestaque.com.br\/index.php\/2026\/01\/28\/federaminas-aposta-em-2026-como-o-ano-do-associativismo\/","title":{"rendered":"Federaminas aposta em 2026 como o Ano do Associativismo"},"content":{"rendered":"<p>\t\t\t\t\t\t\t\t\t\t\t<audio controls class=\"b61_audio_player\" data-noticia=\"87313\" src=\"https:\/\/brasil61.com\/rails\/active_storage\/blobs\/eyJfcmFpbHMiOnsibWVzc2FnZSI6IkJBaHBBeFhxQXc9PSIsImV4cCI6bnVsbCwicHVyIjoiYmxvYl9pZCJ9fQ==--41739dd2770f60d684e3be0ed9f2b5a24658ca9d\/CACB260111A\"><\/audio><\/p>\n<p>\u201c<strong>2026 ser\u00e1 o ano do associativismo<\/strong>. Nosso maior marco para fortalecer as Associa\u00e7\u00f5es Comerciais e Empresariais (ACEs) \u00e9 dar<strong> visibilidade ao movimento<\/strong>\u201d. A proje\u00e7\u00e3o \u00e9 do presidente da <strong><a href=\"https:\/\/www.federaminas.com.br\/\" target=\"_blank\">Federa\u00e7\u00e3o das Associa\u00e7\u00f5es Comerciais e Empresariais do Estado de Minas Gerais (Federaminas)<\/a><\/strong> e <strong>vice-presidente da <a href=\"https:\/\/cacb.org.br\/\" target=\"_blank\">Confedera\u00e7\u00e3o das Associa\u00e7\u00f5es Comerciais e Empresariais do Brasil (CACB)<\/a>, Valmir Rodrigues da Silva<\/strong>.<\/p>\n<p>Segundo ele, a principal proposta para 2026 \u00e9 <strong>consolidar o Ano do Associativismo, transformando um cen\u00e1rio econ\u00f4mico desafiador em oportunidade<\/strong>, por meio de ferramentas pr\u00e1ticas como <strong>campanhas, feir\u00f5es e a\u00e7\u00f5es<\/strong> coordenadas nos munic\u00edpios, todas organizadas dentro de um planejamento anual.<\/p>\n<p>\u201cEstamos preparando um planner completo, que reunir\u00e1 todas as agendas propostas coletivamente para as ACEs, com plano de marketing, checklist e passo a passo de cada atividade mensal\u201d. Valmir ressalta a import\u00e2ncia desse planejamento, considerando que <strong>2026 tende a ser um ano de menor produtividade, em fun\u00e7\u00e3o da quantidade de feriados, da realiza\u00e7\u00e3o da Copa do Mundo e das elei\u00e7\u00f5es<\/strong>, fatores que impactam diretamente nos resultados econ\u00f4micos do pa\u00eds.<\/p>\n<h2>Lideran\u00e7as regionais<\/h2>\n<p><strong>O desenvolvimento de lideran\u00e7as e de grupos regionais tamb\u00e9m integra os pontos estrat\u00e9gicos da Federaminas<\/strong>. Para o in\u00edcio de 2026, est\u00e1 programada uma <strong>capacita\u00e7\u00e3o imersiva e presencial<\/strong>, em Belo Horizonte, voltada a presidentes e executivos das associa\u00e7\u00f5es comerciais. O objetivo \u00e9 prepar\u00e1-los para atuar como multiplicadores em suas regi\u00f5es, disseminando conhecimento e boas pr\u00e1ticas.<\/p>\n<p>Tamb\u00e9m est\u00e1 prevista a cria\u00e7\u00e3o das <strong>\u201cRegionais e Microrregionais\u201d<\/strong>, que receber\u00e3o orienta\u00e7\u00e3o durante as atividades do <strong>Circuito Regional E-Minas<\/strong>, programado para ocorrer entre<strong> abril e agosto de 2026<\/strong>. A iniciativa busca <strong>aproximar ainda mais as ACEs da federa\u00e7\u00e3o<\/strong>, garantindo suporte, alinhamento institucional, conte\u00fado t\u00e9cnico e fortalecimento das entidades no interior do estado.<\/p>\n<p>Outro destaque para o pr\u00f3ximo ano \u00e9 a <strong>inova\u00e7\u00e3o nos formatos dos encontros institucionais<\/strong>. Um exemplo \u00e9 o <strong>Encontro de Presidentes e Executivos<\/strong>, que contar\u00e1 com uma experi\u00eancia imersiva a bordo de uma locomotiva, incluindo um trabalho de campo conduzido por uma especialista em desenvolvimento de territ\u00f3rios. A proposta \u00e9 promover uma viv\u00eancia diferenciada, conectando lideran\u00e7as e estimulando discuss\u00f5es pr\u00e1ticas e estrat\u00e9gicas.<\/p>\n<p>O <strong>Congresso da Federaminas ser\u00e1 mantido em 2026<\/strong> como um espa\u00e7o estrat\u00e9gico para networking, conex\u00e3o de neg\u00f3cios e fortalecimento do empresariado. \u201cQueremos que cada encontro seja uma <strong>oportunidade real de gerar resultados<\/strong>\u201d, afirma Valmir.<\/p>\n<h2>Qualifica\u00e7\u00e3o e treinamentos<\/h2>\n<p>O presidente da Federaminas afirma que a equipe de Relacionamento Institucional da federa\u00e7\u00e3o segue acompanhando de perto os novos grupos que assumem a gest\u00e3o das associa\u00e7\u00f5es comerciais, qualificando-os quanto \u00e0 ess\u00eancia do associativismo e \u00e0 import\u00e2ncia de gerar resultados \u00e0 frente das entidades.<\/p>\n<p>Tamb\u00e9m \u00e9 desenvolvido um trabalho com os executivos das associa\u00e7\u00f5es, por meio de<strong> treinamentos regulares<\/strong>, especialmente voltados \u00e0s equipes comerciais, consideradas fundamentais para a sustentabilidade das entidades. Al\u00e9m disso, a Federaminas busca estabelecer parcerias aplic\u00e1veis \u00e0s empresas vinculadas \u00e0s ACEs, criando oportunidades que agreguem valor e garantam sustenta\u00e7\u00e3o econ\u00f4mica ao sistema.<\/p>\n<p>\u201c<strong>Nosso foco \u00e9 formar lideran\u00e7as e qualificar continuamente as associa\u00e7\u00f5es comerciais<\/strong>\u201d, destaca.<\/p>\n<h2>Resultados<\/h2>\n<p>Valmir Rodrigues cita exemplos concretos dos benef\u00edcios gerados pelo associativismo a partir da atua\u00e7\u00e3o da Federaminas. Um deles \u00e9 o trabalho institucional junto ao governo de Minas Gerais, levando as demandas do setor produtivo, buscando apoio aos empres\u00e1rios e contribuindo para a constru\u00e7\u00e3o de solu\u00e7\u00f5es que melhorem o ambiente de neg\u00f3cios nos munic\u00edpios.<\/p>\n<p>Outro destaque \u00e9 o projeto <strong>Associa\u00e7\u00f5es do Futuro<\/strong>, estruturado para fortalecer as associa\u00e7\u00f5es comerciais em aspectos como gest\u00e3o, tomada de decis\u00e3o e amplia\u00e7\u00e3o de resultados. A iniciativa oferece acesso a um banco de dados amplo, atualizado e segmentado de empresas, possibilitando an\u00e1lises de mercado mais precisas, planejamento estrat\u00e9gico e identifica\u00e7\u00e3o de oportunidades reais para os empres\u00e1rios locais.<\/p>\n<p>A Federa\u00e7\u00e3o tamb\u00e9m tem atuado para inserir as entidades na <strong>agenda ESG<\/strong>, tema abordado no \u00faltimo congresso da institui\u00e7\u00e3o, despertando as associa\u00e7\u00f5es para o alinhamento \u00e0 Agenda 2030 e \u00e0s pr\u00e1ticas sustent\u00e1veis. \u201cEsse movimento \u00e9 essencial para que as entidades estejam conectadas \u00e0s tend\u00eancias globais e agreguem valor \u00e0s empresas que representam\u201d, avalia Valmir.<\/p>\n<p>Outro exemplo \u00e9 o <strong>Programa Empreender<\/strong>, que promove a forma\u00e7\u00e3o de n\u00facleos empresariais segmentados, fortalecendo redes de coopera\u00e7\u00e3o e inova\u00e7\u00e3o. A Federaminas tamb\u00e9m atua na constru\u00e7\u00e3o de parcerias internacionais, como a realizada com a BBW e o governo alem\u00e3o, voltada ao fomento do turismo em Minas Gerais, al\u00e9m da parceria com o Sebrae Minas, fortalecendo o atendimento \u00e0s micro e pequenas empresas mineiras.<\/p>\n<p>\u201cEssas a\u00e7\u00f5es mostram que o associativismo que defendemos \u00e9 objetivo e transformador: representa o empres\u00e1rio, fortalece as associa\u00e7\u00f5es e gera melhores condi\u00e7\u00f5es para o desenvolvimento econ\u00f4mico das cidades\u201d, completa.<\/p>\n<p>Saiba mais sobre as a\u00e7\u00f5es da institui\u00e7\u00e3o no <a href=\"https:\/\/www.federaminas.com.br\/\" target=\"_blank\">site da Federaminas<\/a>.<\/p>\n<h2>Dia Nacional do Associativismo<\/h2>\n<p>Valmir Rodrigues tamb\u00e9m destacou o <a href=\"https:\/\/www.camara.leg.br\/proposicoesWeb\/fichadetramitacao?idProposicao=2531940\" target=\"_blank\">Projeto de Lei 3245\/2025<\/a>, que institui o <strong>Dia Nacional do Associativismo<\/strong>. Articulada pela CACB e em tramita\u00e7\u00e3o na C\u00e2mara dos Deputados, a proposta, de autoria do deputado Joaquim Passarinho (PL\/PA), inclui a data no calend\u00e1rio oficial de comemora\u00e7\u00f5es do pa\u00eds.<\/p>\n<p>A iniciativa tem como objetivo<strong> valorizar e difundir a cultura associativista no Brasil<\/strong>, al\u00e9m de estimular o <strong>fortalecimento das associa\u00e7\u00f5es civis, comerciais, empresariais e comunit\u00e1rias<\/strong>. O projeto tamb\u00e9m reconhece a <strong>import\u00e2ncia do associativismo para o desenvolvimento econ\u00f4mico, social e democr\u00e1tico do pa\u00eds<\/strong>.<\/p>\n<p>A escolha do dia 15 de julho remete \u00e0 funda\u00e7\u00e3o da Associa\u00e7\u00e3o Comercial da Bahia (ACB), em 1811, a primeira entidade a integrar o sistema CACB.<\/p>\n<p><strong>VEJA MAIS:<\/strong><\/p>\n<ul>\n<li><a href=\"https:\/\/brasil61.com\/n\/defasagem-de-7-anos-do-simples-nacional-e-injustica-com-pequeno-empresario-diz-cacb-cacb250101\" target=\"_blank\">Defasagem de 7 anos do Simples Nacional \u00e9 \u201cinjusti\u00e7a\u201d com pequeno empres\u00e1rio, diz CACB<\/a><\/li>\n<li><a href=\"https:\/\/brasil61.com\/n\/codigo-de-defesa-do-contribuinte-traz-justica-para-quem-paga-imposto-avalia-cacb-cacb250100\" target=\"_blank\">C\u00f3digo de Defesa do Contribuinte traz justi\u00e7a para quem paga imposto, avalia CACB<\/a><\/li>\n<\/ul>\n<p>\t\t\t\t\t\t\t\t\t\t<img loading=\"lazy\" decoding=\"async\" src=\"https:\/\/brasil61.com\/api\/v1\/serve_pixel\/17677\/87313\" alt=\"Pixel Brasil 61\" class=\"b61_pixel\" width=\"0\" height=\"0\"><\/p>\n<input type=\"hidden\" id=\"baseurl\" value=\"https:\/\/noticiasdestaque.com.br\"><input type=\"hidden\" id=\"audio_nonce\" value=\"62ca87eee3\">","protected":false},"excerpt":{"rendered":"<p>Com foco em visibilidade, a\u00e7\u00f5es pr\u00e1ticas e fortalecimento das lideran\u00e7as regionais, entidade busca transformar desafios econ\u00f4micos em oportunidades para as associa\u00e7\u00f5es comerciais e empresariais<\/p>\n","protected":false},"author":1,"featured_media":49541,"comment_status":"open","ping_status":"open","sticky":false,"template":"","format":"standard","meta":{"fifu_image_url":"","fifu_image_alt":"","footnotes":""},"categories":[48],"tags":[],"class_list":["post-49540","post","type-post","status-publish","format-standard","has-post-thumbnail","hentry","category-mundo"],"distributor_meta":false,"distributor_terms":false,"distributor_media":false,"distributor_original_site_name":"Noticias em Destaque","distributor_original_site_url":"https:\/\/noticiasdestaque.com.br","push-errors":false,"_links":{"self":[{"href":"https:\/\/noticiasdestaque.com.br\/index.php\/wp-json\/wp\/v2\/posts\/49540","targetHints":{"allow":["GET"]}}],"collection":[{"href":"https:\/\/noticiasdestaque.com.br\/index.php\/wp-json\/wp\/v2\/posts"}],"about":[{"href":"https:\/\/noticiasdestaque.com.br\/index.php\/wp-json\/wp\/v2\/types\/post"}],"author":[{"embeddable":true,"href":"https:\/\/noticiasdestaque.com.br\/index.php\/wp-json\/wp\/v2\/users\/1"}],"replies":[{"embeddable":true,"href":"https:\/\/noticiasdestaque.com.br\/index.php\/wp-json\/wp\/v2\/comments?post=49540"}],"version-history":[{"count":0,"href":"https:\/\/noticiasdestaque.com.br\/index.php\/wp-json\/wp\/v2\/posts\/49540\/revisions"}],"wp:featuredmedia":[{"embeddable":true,"href":"https:\/\/noticiasdestaque.com.br\/index.php\/wp-json\/wp\/v2\/media\/49541"}],"wp:attachment":[{"href":"https:\/\/noticiasdestaque.com.br\/index.php\/wp-json\/wp\/v2\/media?parent=49540"}],"wp:term":[{"taxonomy":"category","embeddable":true,"href":"https:\/\/noticiasdestaque.com.br\/index.php\/wp-json\/wp\/v2\/categories?post=49540"},{"taxonomy":"post_tag","embeddable":true,"href":"https:\/\/noticiasdestaque.com.br\/index.php\/wp-json\/wp\/v2\/tags?post=49540"}],"curies":[{"name":"wp","href":"https:\/\/api.w.org\/{rel}","templated":true}]}}