{"id":49538,"date":"2026-01-28T04:55:00","date_gmt":"2026-01-28T07:55:00","guid":{"rendered":"https:\/\/noticiasdestaque.com.br\/index.php\/2026\/01\/28\/reforma-tributaria-simples-nacional-perde-competitividade\/"},"modified":"2026-01-28T04:55:00","modified_gmt":"2026-01-28T07:55:00","slug":"reforma-tributaria-simples-nacional-perde-competitividade","status":"publish","type":"post","link":"https:\/\/noticiasdestaque.com.br\/index.php\/2026\/01\/28\/reforma-tributaria-simples-nacional-perde-competitividade\/","title":{"rendered":"Reforma Tribut\u00e1ria: Simples Nacional perde competitividade"},"content":{"rendered":"<p>\t\t\t\t\t\t\t\t\t\t\t<audio controls class=\"b61_audio_player\" data-noticia=\"87317\" src=\"https:\/\/brasil61.com\/rails\/active_storage\/blobs\/eyJfcmFpbHMiOnsibWVzc2FnZSI6IkJBaHBBeS9xQXc9PSIsImV4cCI6bnVsbCwicHVyIjoiYmxvYl9pZCJ9fQ==--c00cc227530671b0fbf48d6cc05d0fdbd88edcd6\/CACB260112A\"><\/audio><\/p>\n<p>O <strong>Simples Nacional<\/strong> \u00e9 um regime tribut\u00e1rio simplificado para microempresas (ME) e empresas de pequeno porte (EPP), que <strong>re\u00fane diversos tributos federais, estaduais e municipais em uma \u00fanica guia, com al\u00edquotas reduzidas. Com a Reforma Tribut\u00e1ria, a maior parte desses impostos ser\u00e1 incorporada ao novo sistema<\/strong>, estruturado no <strong>IVA Dual <\/strong>\u2014 \u00a0Contribui\u00e7\u00e3o sobre Bens e Servi\u00e7os (<strong>CBS<\/strong>) e Imposto sobre Bens e Servi\u00e7os (<strong>IBS<\/strong>).<\/p>\n<p>Na avalia\u00e7\u00e3o do professor de Direito Econ\u00f4mico e Tribut\u00e1rio da Universidade de Bras\u00edlia (UnB), <strong>Othon de Azevedo Lopes<\/strong>, a reforma, quando plenamente implementada, tende a<strong> enfraquecer o Simples Nacional<\/strong>. Com a ado\u00e7\u00e3o do modelo h\u00edbrido, permanecer\u00e3o no regime basicamente o<strong> Imposto de Renda, a Contribui\u00e7\u00e3o Social sobre o Lucro L\u00edquido (CSLL) e as contribui\u00e7\u00f5es previdenci\u00e1rias<\/strong>.<\/p>\n<p>\u201cO regime h\u00edbrido trazido pela Reforma Tribut\u00e1ria faz com que o Simples fique reduzido a poucos tributos e v\u00e1rios outros n\u00e3o mais ser\u00e3o abrangidos por esse regime\u201d, afirma.<\/p>\n<h2>Perda de competitividade<\/h2>\n<p>O<strong> vice-presidente jur\u00eddico da <a href=\"https:\/\/cacb.org.br\/\" target=\"_blank\">Confedera\u00e7\u00e3o das Associa\u00e7\u00f5es Comerciais e Empresariais do Brasil (CACB)<\/a>, Anderson Trautman Cardoso<\/strong>, destaca os <strong>impactos da reforma sobre a competitividade das empresas optantes pelo Simples Nacional<\/strong>. Atualmente, quando uma pequena empresa vende para outra \u00a0enquadrada no regime do Lucro Real, a compradora credita integralmente o valor devido a t\u00edtulo de PIS e Cofins \u2014 os chamados<strong> cr\u00e9ditos tribut\u00e1rios<\/strong>.<\/p>\n<p>No novo modelo, esse <strong>aproveitamento de cr\u00e9ditos passa a ser proporcional ao montante recolhido pelo fornecedor, de acordo com a faixa em que estiver enquadrado no Simples<\/strong>. Como o regime possui uma carga tribut\u00e1ria reduzida, o cr\u00e9dito gerado ser\u00e1 menor do que o gerado em compras feitas de empresas do regime geral, o que pode <strong>levar grandes companhias a priorizarem fornecedores fora do Simples<\/strong>.<\/p>\n<p>\u201cSe o valor da venda for o mesmo, haver\u00e1 uma <strong>perda de competitividade para empresas optantes pelo Simples Nacional<\/strong>, ou seja, um desinteresse desse cliente de continuar adquirindo dessas empresas, na medida em que o cr\u00e9dito ser\u00e1 menor\u201d, explica Trautman.<\/p>\n<p>Segundo ele, a solu\u00e7\u00e3o prevista na pr\u00f3pria reforma \u00e9 <strong>permitir que a empresa saia do Simples apenas em rela\u00e7\u00e3o aos tributos sobre consumo <\/strong>\u2014 IBS e CBS \u2014 e passe a recolh\u00ea-los pelo regime geral (com cr\u00e9dito e d\u00e9bito).<\/p>\n<p>\u201cO Simples n\u00e3o se torna o melhor regime a <em>priori<\/em>. Depende da posi\u00e7\u00e3o que a empresa est\u00e1. Se ela est\u00e1 vendendo para consumidor final, pessoas f\u00edsicas, n\u00e3o haver\u00e1 interesse na tributa\u00e7\u00e3o geral do regime h\u00edbrido. No entanto, se ela estiver no meio da cadeia produtiva, ser\u00e1 importante ela gerar cr\u00e9dito para os seus clientes\u201d, aponta.<\/p>\n<h2>Lucros e dividendos<\/h2>\n<p>Outro fator de aten\u00e7\u00e3o para as empresas optantes pelo Simples \u00e9 a <strong><a href=\"https:\/\/brasil61.com\/n\/isencao-do-ir-ate-r-5-mil-reacende-debate-sobre-taxacao-de-dividendos-bras2515420\" target=\"_blank\">tributa\u00e7\u00e3o de lucros e dividendos<\/a><\/strong>. Desde 1\u00ba de janeiro de 2026, os <strong>valores distribu\u00eddos voltaram a ser tributados pelo Imposto de Renda Retido na Fonte (IRRF)<\/strong>. Para pessoas f\u00edsicas residentes no Brasil, incide <strong>al\u00edquota de 10% <\/strong>sobre valores que ultrapassem <strong>R$ 50 mil por m\u00eas<\/strong>. Para benefici\u00e1rios no exterior, a al\u00edquota de 10% \u00e9 aplicada independentemente do montante.<\/p>\n<p>\u201cSe o optante pelo Simples Nacional superar, na distribui\u00e7\u00e3o de lucros e dividendos, os R$ 600 mil, ele passa a ser tributado, o que lhe traz mais um \u00f4nus. Isso tende a fazer com que muitas empresas migrem do Simples Nacional para o regime do lucro presumido, ou mesmo o lucro real, aumentando a carga tribut\u00e1ria\u201d, ressalta Trautman.<\/p>\n<p><strong>VEJA MAIS:\u00a0<\/strong><\/p>\n<ul>\n<li><a href=\"https:\/\/brasil61.com\/n\/ano-eleitoral-nao-e-desculpa-para-interrupcao-de-politicas-publicas-avalia-especialista-bras2615649\" target=\"_blank\">Ano eleitoral n\u00e3o \u00e9 desculpa para interrup\u00e7\u00e3o de pol\u00edticas p\u00fablicas, avalia especialista<\/a><\/li>\n<li><a href=\"https:\/\/brasil61.com\/n\/oab-aciona-stf-contra-tributacao-de-lucros-e-dividendos-do-simples-nacional-bras2515426\" target=\"_blank\">OAB aciona STF contra tributa\u00e7\u00e3o de lucros e dividendos do Simples Nacional<\/a><\/li>\n<\/ul>\n<p>\t\t\t\t\t\t\t\t\t\t<img loading=\"lazy\" decoding=\"async\" src=\"https:\/\/brasil61.com\/api\/v1\/serve_pixel\/17677\/87317\" alt=\"Pixel Brasil 61\" class=\"b61_pixel\" width=\"0\" height=\"0\"><\/p>\n<input type=\"hidden\" id=\"baseurl\" value=\"https:\/\/noticiasdestaque.com.br\"><input type=\"hidden\" id=\"audio_nonce\" value=\"62ca87eee3\">","protected":false},"excerpt":{"rendered":"<p>Regime poder\u00e1 deixar de ser a melhor op\u00e7\u00e3o para empresas no meio da cadeia produtiva<\/p>\n","protected":false},"author":1,"featured_media":49539,"comment_status":"open","ping_status":"open","sticky":false,"template":"","format":"standard","meta":{"fifu_image_url":"","fifu_image_alt":"","footnotes":""},"categories":[59],"tags":[],"class_list":["post-49538","post","type-post","status-publish","format-standard","has-post-thumbnail","hentry","category-economia"],"distributor_meta":false,"distributor_terms":false,"distributor_media":false,"distributor_original_site_name":"Noticias em Destaque","distributor_original_site_url":"https:\/\/noticiasdestaque.com.br","push-errors":false,"_links":{"self":[{"href":"https:\/\/noticiasdestaque.com.br\/index.php\/wp-json\/wp\/v2\/posts\/49538","targetHints":{"allow":["GET"]}}],"collection":[{"href":"https:\/\/noticiasdestaque.com.br\/index.php\/wp-json\/wp\/v2\/posts"}],"about":[{"href":"https:\/\/noticiasdestaque.com.br\/index.php\/wp-json\/wp\/v2\/types\/post"}],"author":[{"embeddable":true,"href":"https:\/\/noticiasdestaque.com.br\/index.php\/wp-json\/wp\/v2\/users\/1"}],"replies":[{"embeddable":true,"href":"https:\/\/noticiasdestaque.com.br\/index.php\/wp-json\/wp\/v2\/comments?post=49538"}],"version-history":[{"count":0,"href":"https:\/\/noticiasdestaque.com.br\/index.php\/wp-json\/wp\/v2\/posts\/49538\/revisions"}],"wp:featuredmedia":[{"embeddable":true,"href":"https:\/\/noticiasdestaque.com.br\/index.php\/wp-json\/wp\/v2\/media\/49539"}],"wp:attachment":[{"href":"https:\/\/noticiasdestaque.com.br\/index.php\/wp-json\/wp\/v2\/media?parent=49538"}],"wp:term":[{"taxonomy":"category","embeddable":true,"href":"https:\/\/noticiasdestaque.com.br\/index.php\/wp-json\/wp\/v2\/categories?post=49538"},{"taxonomy":"post_tag","embeddable":true,"href":"https:\/\/noticiasdestaque.com.br\/index.php\/wp-json\/wp\/v2\/tags?post=49538"}],"curies":[{"name":"wp","href":"https:\/\/api.w.org\/{rel}","templated":true}]}}