{"id":49528,"date":"2026-01-28T04:25:00","date_gmt":"2026-01-28T07:25:00","guid":{"rendered":"https:\/\/noticiasdestaque.com.br\/index.php\/2026\/01\/28\/sudeste-entra-em-alerta-para-chuvas-extremas-e-regiao-sul-enfrenta-calor-de-ate-38-c\/"},"modified":"2026-01-28T04:25:00","modified_gmt":"2026-01-28T07:25:00","slug":"sudeste-entra-em-alerta-para-chuvas-extremas-e-regiao-sul-enfrenta-calor-de-ate-38-c","status":"publish","type":"post","link":"https:\/\/noticiasdestaque.com.br\/index.php\/2026\/01\/28\/sudeste-entra-em-alerta-para-chuvas-extremas-e-regiao-sul-enfrenta-calor-de-ate-38-c\/","title":{"rendered":"Sudeste entra em alerta para chuvas extremas e Regi\u00e3o Sul enfrenta calor de at\u00e9 38 \u00b0C"},"content":{"rendered":"<p>\t\t\t\t\t\t\t\t\t\t\t<audio controls class=\"b61_audio_player\" data-noticia=\"87354\" src=\"https:\/\/brasil61.com\/rails\/active_storage\/blobs\/eyJfcmFpbHMiOnsibWVzc2FnZSI6IkJBaHBBd3JyQXc9PSIsImV4cCI6bnVsbCwicHVyIjoiYmxvYl9pZCJ9fQ==--8c1960bcad78f76787abe7a522c337451fdf257b\/BRAS2615699A\"><\/audio><\/p>\n<p>A \u00faltima <strong>semana de janeiro de 2026<\/strong> exige aten\u00e7\u00e3o redobrada dos gestores municipais e dos \u00f3rg\u00e3os de Defesa Civil em diversas regi\u00f5es do Brasil. A previs\u00e3o do tempo divulgada pelo <a href=\"https:\/\/portal.inmet.gov.br\/\">Instituto Nacional de Meteorologia<\/a> indica um cen\u00e1rio de fortes contrastes, com acumulados cr\u00edticos de chuva no Sudeste e temperaturas elevadas no Sul do pa\u00eds.<\/p>\n<\/p>\n<p dir=\"ltr\">No <strong>Sudeste<\/strong>, a previs\u00e3o aponta <strong>possibilidade de ocorr\u00eancia de eventos extremos, com volumes de chuva<\/strong> que podem superar 120 mil\u00edmetros entre sexta-feira (30) e s\u00e1bado (31). As \u00e1reas mais afetadas incluem o leste de S\u00e3o Paulo, o Vale do Para\u00edba, o sul e a Zona da Mata de Minas Gerais, al\u00e9m de todo o estado do Rio de Janeiro. Nessas localidades, o padr\u00e3o de tempo mais chuvoso contribui para temperaturas m\u00e1ximas mais amenas, variando entre 24\u00b0C e 26\u00b0C.<\/p>\n<p dir=\"ltr\">J\u00e1 na <strong>Regi\u00e3o Sul<\/strong>, o destaque \u00e9 a <strong>onda de calor<\/strong> associada ao predom\u00ednio de tempo seco e \u00e0 atua\u00e7\u00e3o de um sistema de alta press\u00e3o. Os estados do Rio Grande do Sul e de Santa Catarina, al\u00e9m do sul do Paran\u00e1, devem registrar temperaturas m\u00e1ximas entre 32\u00b0C e 38\u00b0C, valores que ficam de 5\u00b0C a 7\u00b0C acima da m\u00e9dia hist\u00f3rica para o per\u00edodo. A previs\u00e3o indica que, na segunda metade da semana, o retorno gradual das chuvas deve provocar leve decl\u00ednio das temperaturas, principalmente no leste da regi\u00e3o.<\/p>\n<p>\t\t\t\t\t\t\t\t\t\t<img loading=\"lazy\" decoding=\"async\" src=\"https:\/\/brasil61.com\/api\/v1\/serve_pixel\/17677\/87354\" alt=\"Pixel Brasil 61\" class=\"b61_pixel\" width=\"0\" height=\"0\"><\/p>\n<input type=\"hidden\" id=\"baseurl\" value=\"https:\/\/noticiasdestaque.com.br\"><input type=\"hidden\" id=\"audio_nonce\" value=\"62ca87eee3\">","protected":false},"excerpt":{"rendered":"<p>Previs\u00e3o do Inmet para a \u00faltima semana de janeiro de 2026 aponta acumulados elevados de chuva no Sudeste, com risco de eventos extremos, e onda de calor intenso no Sul do pa\u00eds<\/p>\n","protected":false},"author":1,"featured_media":49529,"comment_status":"open","ping_status":"open","sticky":false,"template":"","format":"standard","meta":{"fifu_image_url":"","fifu_image_alt":"","footnotes":""},"categories":[58],"tags":[],"class_list":["post-49528","post","type-post","status-publish","format-standard","has-post-thumbnail","hentry","category-cotidiano"],"distributor_meta":false,"distributor_terms":false,"distributor_media":false,"distributor_original_site_name":"Noticias em Destaque","distributor_original_site_url":"https:\/\/noticiasdestaque.com.br","push-errors":false,"_links":{"self":[{"href":"https:\/\/noticiasdestaque.com.br\/index.php\/wp-json\/wp\/v2\/posts\/49528","targetHints":{"allow":["GET"]}}],"collection":[{"href":"https:\/\/noticiasdestaque.com.br\/index.php\/wp-json\/wp\/v2\/posts"}],"about":[{"href":"https:\/\/noticiasdestaque.com.br\/index.php\/wp-json\/wp\/v2\/types\/post"}],"author":[{"embeddable":true,"href":"https:\/\/noticiasdestaque.com.br\/index.php\/wp-json\/wp\/v2\/users\/1"}],"replies":[{"embeddable":true,"href":"https:\/\/noticiasdestaque.com.br\/index.php\/wp-json\/wp\/v2\/comments?post=49528"}],"version-history":[{"count":0,"href":"https:\/\/noticiasdestaque.com.br\/index.php\/wp-json\/wp\/v2\/posts\/49528\/revisions"}],"wp:featuredmedia":[{"embeddable":true,"href":"https:\/\/noticiasdestaque.com.br\/index.php\/wp-json\/wp\/v2\/media\/49529"}],"wp:attachment":[{"href":"https:\/\/noticiasdestaque.com.br\/index.php\/wp-json\/wp\/v2\/media?parent=49528"}],"wp:term":[{"taxonomy":"category","embeddable":true,"href":"https:\/\/noticiasdestaque.com.br\/index.php\/wp-json\/wp\/v2\/categories?post=49528"},{"taxonomy":"post_tag","embeddable":true,"href":"https:\/\/noticiasdestaque.com.br\/index.php\/wp-json\/wp\/v2\/tags?post=49528"}],"curies":[{"name":"wp","href":"https:\/\/api.w.org\/{rel}","templated":true}]}}