{"id":49507,"date":"2026-01-27T18:10:00","date_gmt":"2026-01-27T21:10:00","guid":{"rendered":"https:\/\/noticiasdestaque.com.br\/index.php\/2026\/01\/27\/previsao-do-tempo-chuvas-intensas-atingem-o-norte-nesta-quarta-feira-28\/"},"modified":"2026-01-27T18:10:00","modified_gmt":"2026-01-27T21:10:00","slug":"previsao-do-tempo-chuvas-intensas-atingem-o-norte-nesta-quarta-feira-28","status":"publish","type":"post","link":"https:\/\/noticiasdestaque.com.br\/index.php\/2026\/01\/27\/previsao-do-tempo-chuvas-intensas-atingem-o-norte-nesta-quarta-feira-28\/","title":{"rendered":"PREVIS\u00c3O DO TEMPO: Chuvas intensas atingem o Norte nesta quarta-feira (28)"},"content":{"rendered":"<p>\t\t\t\t\t\t\t\t\t\t\t<audio controls class=\"b61_audio_player\" data-noticia=\"87348\" src=\"https:\/\/brasil61.com\/rails\/active_storage\/blobs\/eyJfcmFpbHMiOnsibWVzc2FnZSI6IkJBaHBBd2ZyQXc9PSIsImV4cCI6bnVsbCwicHVyIjoiYmxvYl9pZCJ9fQ==--f4903e479afbc161e851b0f11661b7868703468e\/PTRN264688A\"><\/audio><\/p>\n<p>\u00a0<\/p>\n<\/p>\n<p>O <strong>Instituto Nacional de Meteorologia<\/strong> (<a href=\"https:\/\/portal.inmet.gov.br\/\">Inmet<\/a>) emitiu alerta de chuvas intensas para todos os estados da regi\u00e3o Norte do pa\u00eds.<\/p>\n<p>No<strong> Acre e em Rond\u00f4ni<\/strong>a, a expectativa \u00e9 de<strong> muitas nuvens, com pancadas de chuva e trovoadas isoladas<\/strong> ao longo do dia, atingindo tanto \u00e1reas do vale do Juru\u00e1 quanto do interior rondoniense.<\/p>\n<p>No <strong>Amazonas<\/strong>, as <strong>precipita\u00e7\u00f5es <\/strong>mais intensas se concentram no interior do estado, especialmente nos munic\u00edpios de Coari, Tef\u00e9 e Tapau\u00e1, localizados nas regi\u00f5es do m\u00e9dio e baixo Solim\u00f5es.<\/p>\n<p>Em <strong>Roraima e no Amap\u00e1<\/strong>, a previs\u00e3o \u00e9 de<strong> muitas nuvens, com ocorr\u00eancia de chuva isolada <\/strong>ao longo do dia em diferentes \u00e1reas dos dois estados.<\/p>\n<p>J\u00e1 no <strong>Par\u00e1<\/strong>, as <strong>chuvas mais intensas<\/strong> atingem o sudoeste e sudeste paraense, com destaque para Brasil Novo e Altamira, no sudoeste, e S\u00e3o F\u00e9lix do Xingu, no sudeste do estado.<\/p>\n<p>No <strong>Tocantins<\/strong>, a <strong>chuva <\/strong>cai com mais intensidade na regi\u00e3o norte do estado, alcan\u00e7ando munic\u00edpios como Palmeirante, Goiatins e Santa Rita do Tocantins.<\/p>\n<p>Entre as capitais, a temperatura m\u00ednima prevista \u00e9 de 23\u00b0C, em Rio Branco e Porto Velho. J\u00e1 a m\u00e1xima pode chegar a 35\u00b0C, em Boa Vista. A umidade relativa do ar varia entre 40% e 100%.<\/p>\n<h2>5 motivos para acompanhar as previs\u00f5es do tempo<\/h2>\n<ul>\n<li>Agricultura: garantia de uma boa colheita;<\/li>\n<li>Marinha: prote\u00e7\u00e3o de marinheiros, navios e passageiros;<\/li>\n<li>Aeron\u00e1utica: seguran\u00e7a de pilotos, aeronaves e passageiros;<\/li>\n<li>Pesca: condi\u00e7\u00f5es favor\u00e1veis e seguras para a atividade;<\/li>\n<li>Turismo: garantia de passeios e viagens tranquilas e agrad\u00e1veis.<\/li>\n<\/ul>\n<h2>Import\u00e2ncia das observa\u00e7\u00f5es meteorol\u00f3gicas no INMET<\/h2>\n<p>As observa\u00e7\u00f5es meteorol\u00f3gicas do <a href=\"https:\/\/portal.inmet.gov.br\/\">INMET <\/a>s\u00e3o essenciais para previs\u00f5es em tempo real, estat\u00edsticas clim\u00e1ticas e coopera\u00e7\u00e3o internacional. Esses dados precisos ajudam a estudar o clima passado e a produzir Normais Climatol\u00f3gicas conforme a <strong>Organiza\u00e7\u00e3o Meteorol\u00f3gica Mundial <\/strong>(<a href=\"https:\/\/worldweather.wmo.int\/pt\/home.html\">OMM<\/a>).<\/p>\n<p>As informa\u00e7\u00f5es s\u00e3o do <strong>Instituto Nacional de Meteorologia<\/strong> (<a href=\"https:\/\/portal.inmet.gov.br\/\">Inmet<\/a>).<br \/>\n\u00a0<\/p>\n<p>\t\t\t\t\t\t\t\t\t\t<img loading=\"lazy\" decoding=\"async\" src=\"https:\/\/brasil61.com\/api\/v1\/serve_pixel\/17677\/87348\" alt=\"Pixel Brasil 61\" class=\"b61_pixel\" width=\"0\" height=\"0\"><\/p>\n<input type=\"hidden\" id=\"baseurl\" value=\"https:\/\/noticiasdestaque.com.br\"><input type=\"hidden\" id=\"audio_nonce\" value=\"9fd43fe80e\">","protected":false},"excerpt":{"rendered":"<p>No Acre e em Rond\u00f4nia, a expectativa \u00e9 de muitas nuvens, com pancadas de chuva e trovoadas isoladas ao longo do dia, atingindo tanto \u00e1reas do vale do Juru\u00e1 quanto do interior rondoniense<\/p>\n","protected":false},"author":1,"featured_media":49508,"comment_status":"open","ping_status":"open","sticky":false,"template":"","format":"standard","meta":{"fifu_image_url":"","fifu_image_alt":"","footnotes":""},"categories":[58],"tags":[],"class_list":["post-49507","post","type-post","status-publish","format-standard","has-post-thumbnail","hentry","category-cotidiano"],"distributor_meta":false,"distributor_terms":false,"distributor_media":false,"distributor_original_site_name":"Noticias em Destaque","distributor_original_site_url":"https:\/\/noticiasdestaque.com.br","push-errors":false,"_links":{"self":[{"href":"https:\/\/noticiasdestaque.com.br\/index.php\/wp-json\/wp\/v2\/posts\/49507","targetHints":{"allow":["GET"]}}],"collection":[{"href":"https:\/\/noticiasdestaque.com.br\/index.php\/wp-json\/wp\/v2\/posts"}],"about":[{"href":"https:\/\/noticiasdestaque.com.br\/index.php\/wp-json\/wp\/v2\/types\/post"}],"author":[{"embeddable":true,"href":"https:\/\/noticiasdestaque.com.br\/index.php\/wp-json\/wp\/v2\/users\/1"}],"replies":[{"embeddable":true,"href":"https:\/\/noticiasdestaque.com.br\/index.php\/wp-json\/wp\/v2\/comments?post=49507"}],"version-history":[{"count":0,"href":"https:\/\/noticiasdestaque.com.br\/index.php\/wp-json\/wp\/v2\/posts\/49507\/revisions"}],"wp:featuredmedia":[{"embeddable":true,"href":"https:\/\/noticiasdestaque.com.br\/index.php\/wp-json\/wp\/v2\/media\/49508"}],"wp:attachment":[{"href":"https:\/\/noticiasdestaque.com.br\/index.php\/wp-json\/wp\/v2\/media?parent=49507"}],"wp:term":[{"taxonomy":"category","embeddable":true,"href":"https:\/\/noticiasdestaque.com.br\/index.php\/wp-json\/wp\/v2\/categories?post=49507"},{"taxonomy":"post_tag","embeddable":true,"href":"https:\/\/noticiasdestaque.com.br\/index.php\/wp-json\/wp\/v2\/tags?post=49507"}],"curies":[{"name":"wp","href":"https:\/\/api.w.org\/{rel}","templated":true}]}}