{"id":49499,"date":"2026-01-27T04:45:00","date_gmt":"2026-01-27T07:45:00","guid":{"rendered":"https:\/\/noticiasdestaque.com.br\/index.php\/2026\/01\/27\/moradores-de-108-cidades-ja-podem-agendar-a-instalacao-gratuita-de-parabolicas\/"},"modified":"2026-01-27T04:45:00","modified_gmt":"2026-01-27T07:45:00","slug":"moradores-de-108-cidades-ja-podem-agendar-a-instalacao-gratuita-de-parabolicas","status":"publish","type":"post","link":"https:\/\/noticiasdestaque.com.br\/index.php\/2026\/01\/27\/moradores-de-108-cidades-ja-podem-agendar-a-instalacao-gratuita-de-parabolicas\/","title":{"rendered":"Moradores de 108 cidades j\u00e1 podem agendar a instala\u00e7\u00e3o gratuita de parab\u00f3licas"},"content":{"rendered":"<p>\t\t\t\t\t\t\t\t\t\t\t<audio controls class=\"b61_audio_player\" data-noticia=\"87318\" src=\"https:\/\/brasil61.com\/rails\/active_storage\/blobs\/eyJfcmFpbHMiOnsibWVzc2FnZSI6IkJBaHBBem5xQXc9PSIsImV4cCI6bnVsbCwicHVyIjoiYmxvYl9pZCJ9fQ==--cb3a1f586817081a4a37945d42012f04a878c543\/MCOM260267A\"><\/audio><\/p>\n<p>\t\t\t\t\t\t\t\t\t\t\t<audio controls class=\"b61_audio_player\" data-noticia=\"87318\" src=\"https:\/\/brasil61.com\/rails\/active_storage\/blobs\/eyJfcmFpbHMiOnsibWVzc2FnZSI6IkJBaHBBenJxQXc9PSIsImV4cCI6bnVsbCwicHVyIjoiYmxvYl9pZCJ9fQ==--22002efb9f15f31a725b4135fc91ff9e2e88874d\/MCOM260267B\"><\/audio><\/p>\n<p>J\u00e1 podem solicitar a instala\u00e7\u00e3o gratuita de uma antena parab\u00f3lica digital moradores de 108 cidades, localizadas nos estados da Bahia, Goi\u00e1s, Rond\u00f4nia, Esp\u00edrito Santo, Mato Grosso, Mato Grosso do Sul, Minas Gerais e Rio Grande do Sul.\u00a0<\/p>\n<p>O benef\u00edcio \u00e9 garantido \u00e0s fam\u00edlias inscritas Cad\u00danico, via programa Brasil Antenado \u2013 iniciativa da <a href=\"https:\/\/www.gov.br\/anatel\/pt-br\">Anatel<\/a>, junto com o <a href=\"https:\/\/www.gov.br\/mcom\/pt-br\">Minist\u00e9rio das Comunica\u00e7\u00f5es<\/a> \u2013, que busca promover a inclus\u00e3o social ao levar a TV aberta e gratuita para localidades com baixo ou nenhum sinal de TV.\u00a0<\/p>\n<p>Cerca de 220 mil fam\u00edlias est\u00e3o aptas a receber a antena. O agendamento pode ser feito at\u00e9 o dia 13 de junho de 2026, pelo site <a href=\"http:\/\/brasilantenado.org.br\/\">brasilantenado.org.br<\/a> ou pelo telefone 0800 729 2404 (tamb\u00e9m dispon\u00edvel via WhatsApp).<\/p>\n<p>Todo o processo \u00e9 gratuito. O \u00fanico pr\u00e9-requisito \u00e9 possuir um aparelho de televis\u00e3o, que pode ser de um modelo antigo.<\/p>\n<p><a href=\"http:\/\/brasilantenado.org.br\/\">Para conferir a lista completa dos munic\u00edpios, acesse o site do programa.<\/a>\u00a0<\/p>\n<p>Frederico de Siqueira Filho, ministro das Comunica\u00e7\u00f5es, ressalta que o \u00a0Brasil passa por grande transforma\u00e7\u00e3o digital e que a pol\u00edtica p\u00fablica de distribui\u00e7\u00e3o de antenas parab\u00f3licas visa atenuar diferen\u00e7as sociais.\u00a0<\/p>\n<p>\u201cAo atender novos 108 munic\u00edpios de oito estados, a iniciativa garante que fam\u00edlias inscritas no Cad\u00danico tenham acesso gratuito \u00e0 TV digital, com mais de 100 canais, levando cultura, entretenimento e informa\u00e7\u00e3o para dentro de casa. \u00c9 uma pol\u00edtica p\u00fablica que beneficia diretamente brasileiros e brasileiras em cidades onde h\u00e1 pouca, ou nenhuma, oferta de sinal de TV terrestre\u201d, afirmou o ministro.<\/p>\n<p>Gina Marques Duarte, CEO da Entidade Administradora da Faixa (EAF), que executa o programa, destaca que o Brasil Antenado reafirma o compromisso da entidade em garantir que nenhuma fam\u00edlia fique sem acesso ao sinal de TV gratuito.<\/p>\n<p>\u201cO programa consolida um trabalho t\u00e9cnico e operacional robusto, pensado para ampliar o acesso \u00e0 informa\u00e7\u00e3o de forma expressiva. Com o Brasil Antenado estamos promovendo inclus\u00e3o digital, acesso \u00e0 informa\u00e7\u00e3o e entretenimento, uma conectividade significativa\u201d, disse.<\/p>\n<p>\u201cO Brasil Antenado, que acontece gra\u00e7as \u00e0 atua\u00e7\u00e3o integrada entre a Anatel, o Minist\u00e9rio das Comunica\u00e7\u00f5es e a EAF, mostra como uma pol\u00edtica p\u00fablica bem estruturada pode impactar a vida das pessoas. A entrega gratuita das antenas parab\u00f3licas garante acesso \u00e0 televis\u00e3o aberta de qualidade, al\u00e9m de ampliar a inclus\u00e3o e o uso eficiente da tecnologia no pa\u00eds\u201d, pontuou Carlos Manuel Baigorri, presidente da Anatel.<\/p>\n<p>Ao todo, o programa Brasil Antenado prev\u00ea contemplar 323 munic\u00edpios em 16 estados. S\u00e3o mais de 650 mil fam\u00edlias aptas a solicitar a nova parab\u00f3lica digital gratuita nas tr\u00eas fases do programa. Confira o andamento das fases de atendimento do programa:\u00a0<\/p>\n<p>\u25cf\u00a0\u00a0 \u00a0Fase A (14\/07\/2025\u201313\/12\/2025): 77 munic\u00edpios em 6 estados (MA, PI, PA, CE, RN e PE) &#8211; mais de 220 mil fam\u00edlias aptas. (Conclu\u00edda)<br \/>\n\u25cf\u00a0\u00a0 \u00a0Fase B (13\/10\/2025-13\/03\/2026): 138 munic\u00edpios em 5 estados (TO, PA, RR, PI, MA) &#8211; mais de 229 mil fam\u00edlias aptas.<br \/>\n\u25cf\u00a0\u00a0 \u00a0Fase C (at\u00e9 13\/06\/2026): 108 munic\u00edpios em 8 estados (ES, MG, GO, BA, MT, MS, RO, RS) &#8211; mais de 222 mil fam\u00edlias aptas.<\/p>\n<p><strong>Caravana<\/strong><\/p>\n<p>A Caravana Brasil Antenado, iniciativa que leva atendimento presencial sobre o programa, segue percorrendo todos os estados atendidos. Os ve\u00edculos da a\u00e7\u00e3o permanecem um dia em cada munic\u00edpio, oferecendo demonstra\u00e7\u00f5es pr\u00e1ticas do uso da parab\u00f3lica digital e orienta\u00e7\u00f5es para o agendamento do equipamento.<\/p>\n<p>Com o apoio das prefeituras, dos Centros de Refer\u00eancia de Assist\u00eancia Social (CRAS) e de lideran\u00e7as locais, a caravana j\u00e1 passou pelos estados do Cear\u00e1, Maranh\u00e3o, Piau\u00ed, Rio Grande do Norte, Par\u00e1 e Tocantins.<\/p>\n<p><strong>Cinema<\/strong><\/p>\n<p>Outra iniciativa que busca orientar as fam\u00edlias aptas sobre o programa Brasil Antenado \u00e9 o cinema itinerante gratuito. A a\u00e7\u00e3o transforma pra\u00e7as e espa\u00e7os p\u00fablicos em grandes salas de cinema a c\u00e9u aberto, combinando lazer e informa\u00e7\u00e3o. O projeto tem como objetivo entreter as fam\u00edlias e comunicar, de forma l\u00fadica e interativa, como os benefici\u00e1rios do Cad\u00danico podem receber gratuitamente um kit com a nova parab\u00f3lica digital.<\/p>\n<p><strong>EAF<\/strong><\/p>\n<p>A Entidade Administradora da Faixa (EAF) \u00e9 uma institui\u00e7\u00e3o sem fins lucrativos criada por determina\u00e7\u00e3o da Anatel e vinculada ao Minist\u00e9rio das Comunica\u00e7\u00f5es. Entre suas atribui\u00e7\u00f5es est\u00e3o a limpeza da faixa de 3.5 GHz, essencial para a opera\u00e7\u00e3o do 5G no pa\u00eds; a execu\u00e7\u00e3o dos programas Siga Antenado e Brasil Antenado; a implanta\u00e7\u00e3o das infovias na Regi\u00e3o Amaz\u00f4nica, para expandir a infraestrutura de telecomunica\u00e7\u00f5es no Norte do Brasil; e o desenvolvimento das redes privativas de comunica\u00e7\u00e3o para o Governo Federal.<\/p>\n<p>\t\t\t\t\t\t\t\t\t\t<img loading=\"lazy\" decoding=\"async\" src=\"https:\/\/brasil61.com\/api\/v1\/serve_pixel\/17677\/87318\" alt=\"Pixel Brasil 61\" class=\"b61_pixel\" width=\"0\" height=\"0\"><\/p>\n<input type=\"hidden\" id=\"baseurl\" value=\"https:\/\/noticiasdestaque.com.br\"><input type=\"hidden\" id=\"audio_nonce\" value=\"9fd43fe80e\">","protected":false},"excerpt":{"rendered":"<p>Inscritos no Cad\u00danico est\u00e3o aptos a receber o benef\u00edcio; prazo vai at\u00e9 junho<\/p>\n","protected":false},"author":1,"featured_media":49500,"comment_status":"open","ping_status":"open","sticky":false,"template":"","format":"standard","meta":{"fifu_image_url":"","fifu_image_alt":"","footnotes":""},"categories":[54],"tags":[],"class_list":["post-49499","post","type-post","status-publish","format-standard","has-post-thumbnail","hentry","category-tecnologia"],"distributor_meta":false,"distributor_terms":false,"distributor_media":false,"distributor_original_site_name":"Noticias em Destaque","distributor_original_site_url":"https:\/\/noticiasdestaque.com.br","push-errors":false,"_links":{"self":[{"href":"https:\/\/noticiasdestaque.com.br\/index.php\/wp-json\/wp\/v2\/posts\/49499","targetHints":{"allow":["GET"]}}],"collection":[{"href":"https:\/\/noticiasdestaque.com.br\/index.php\/wp-json\/wp\/v2\/posts"}],"about":[{"href":"https:\/\/noticiasdestaque.com.br\/index.php\/wp-json\/wp\/v2\/types\/post"}],"author":[{"embeddable":true,"href":"https:\/\/noticiasdestaque.com.br\/index.php\/wp-json\/wp\/v2\/users\/1"}],"replies":[{"embeddable":true,"href":"https:\/\/noticiasdestaque.com.br\/index.php\/wp-json\/wp\/v2\/comments?post=49499"}],"version-history":[{"count":0,"href":"https:\/\/noticiasdestaque.com.br\/index.php\/wp-json\/wp\/v2\/posts\/49499\/revisions"}],"wp:featuredmedia":[{"embeddable":true,"href":"https:\/\/noticiasdestaque.com.br\/index.php\/wp-json\/wp\/v2\/media\/49500"}],"wp:attachment":[{"href":"https:\/\/noticiasdestaque.com.br\/index.php\/wp-json\/wp\/v2\/media?parent=49499"}],"wp:term":[{"taxonomy":"category","embeddable":true,"href":"https:\/\/noticiasdestaque.com.br\/index.php\/wp-json\/wp\/v2\/categories?post=49499"},{"taxonomy":"post_tag","embeddable":true,"href":"https:\/\/noticiasdestaque.com.br\/index.php\/wp-json\/wp\/v2\/tags?post=49499"}],"curies":[{"name":"wp","href":"https:\/\/api.w.org\/{rel}","templated":true}]}}