{"id":49493,"date":"2026-01-27T04:30:00","date_gmt":"2026-01-27T07:30:00","guid":{"rendered":"https:\/\/noticiasdestaque.com.br\/index.php\/2026\/01\/27\/brasil-sem-fome-500-municipios-serao-prioritarios-para-apoio-tecnico-no-combate-a-inseguranca-alimentar\/"},"modified":"2026-01-27T04:30:00","modified_gmt":"2026-01-27T07:30:00","slug":"brasil-sem-fome-500-municipios-serao-prioritarios-para-apoio-tecnico-no-combate-a-inseguranca-alimentar","status":"publish","type":"post","link":"https:\/\/noticiasdestaque.com.br\/index.php\/2026\/01\/27\/brasil-sem-fome-500-municipios-serao-prioritarios-para-apoio-tecnico-no-combate-a-inseguranca-alimentar\/","title":{"rendered":"Brasil Sem Fome: 500 munic\u00edpios ser\u00e3o priorit\u00e1rios para apoio t\u00e9cnico no combate \u00e0 inseguran\u00e7a alimentar"},"content":{"rendered":"<p>\t\t\t\t\t\t\t\t\t\t\t<audio controls class=\"b61_audio_player\" data-noticia=\"87299\" src=\"https:\/\/brasil61.com\/rails\/active_storage\/blobs\/eyJfcmFpbHMiOnsibWVzc2FnZSI6IkJBaHBBeFRxQXc9PSIsImV4cCI6bnVsbCwicHVyIjoiYmxvYl9pZCJ9fQ==--9c2ba6ad3d2f2543ab9b43366d8d2d0fb76da971\/BRAS2615666A\"><\/audio><\/p>\n<p>O Minist\u00e9rio do Desenvolvimento e Assist\u00eancia Social, Fam\u00edlia e Combate \u00e0 Fome (MDS) definiu os<strong> 500 munic\u00edpios priorit\u00e1rios que receber\u00e3o apoio t\u00e9cnico e institucional na implementa\u00e7\u00e3o do <a href=\"https:\/\/www.gov.br\/mds\/pt-br\/acoes-e-programas\/brasil-sem-fome\/plano-brasil-sem-fome\/documento_tecnico-plano_brasil_sem_fome.pdf\" target=\"_blank\">Protocolo Brasil Sem Fome<\/a><\/strong>. A iniciativa tem como objetivo <strong>fortalecer a prote\u00e7\u00e3o social \u00e0s fam\u00edlias e minimizar a inseguran\u00e7a alimentar no pa\u00eds.<\/strong> A medida foi oficializada por meio da <a href=\"https:\/\/www.in.gov.br\/web\/dou\/-\/portaria-mds-n-1.148-de-23-de-janeiro-de-2026-683083439\" target=\"_blank\">Portaria n\u00ba 1.148\/2026<\/a>, publicada na\u00a0segunda-feira (26) no Di\u00e1rio Oficial da Uni\u00e3o.\u00a0<\/p>\n<p>As cidades priorit\u00e1rias foram definidas seguindo o <strong>crit\u00e9rio de maior n\u00famero de fam\u00edlias em situa\u00e7\u00e3o de risco de inseguran\u00e7a alimentar grave<\/strong>, identificadas segundo o indicador CadInsan.\u00a0<\/p>\n<p>Os munic\u00edpios selecionados contemplam todas as Unidades da Federa\u00e7\u00e3o (UF), com maior n\u00famero de cidades localizadas no <strong>Par\u00e1, com 83<\/strong>. Em seguida aparece a <strong>Bahia, que ter\u00e1 50 munic\u00edpios apoiados<\/strong> pela iniciativa. J\u00e1<strong> S\u00e3o Paulo <\/strong>ficou na terceira posi\u00e7\u00e3o\u00a0com o maior n\u00famero de cidades com inseguran\u00e7a alimentar grave, sendo <strong>48<\/strong>.<\/p>\n<h2>Protocolo Brasil Sem Fome<\/h2>\n<p>Pela Portaria, o suporte do Governo Federal ter\u00e1 dura\u00e7\u00e3o de 12 meses. Ao longo do per\u00edodo, os munic\u00edpios selecionados receber\u00e3o o aux\u00edlio de articuladores estaduais para organizar a rede local de atendimento.\u00a0<\/p>\n<p>O trabalho ser\u00e1 voltado a fortalecer a capacidade institucional e t\u00e9cnica das <strong>C\u00e2maras Intersetoriais de Seguran\u00e7a Alimentar e Nutricional estaduais e municipais<\/strong> na implementa\u00e7\u00e3o das etapas operacionais do Protocolo Brasil Sem Fome, conforme disposto no artigo 3\u00ba da <a href=\"https:\/\/www.in.gov.br\/web\/dou\/-\/resolucao-cgi-bsf-n-2-de-16-de-setembro-de-2025-656482510\" target=\"_blank\">Resolu\u00e7\u00e3o CGI-BSF n\u00ba 02, de 16 de setembro de 2025<\/a>.<\/p>\n<p><strong>O objetivo \u00e9 integrar os servi\u00e7os de sa\u00fade (SUS), assist\u00eancia social (SUAS) e seguran\u00e7a alimentar (Sisan), com a identifica\u00e7\u00e3o de fam\u00edlias em situa\u00e7\u00e3o de inseguran\u00e7a alimentar e encaminhamento garantido aos servi\u00e7os p\u00fablicos de sa\u00fade.<\/strong><\/p>\n<h2>Munic\u00edpios priorit\u00e1rios<\/h2>\n<p>As cidades listadas como priorit\u00e1rias pelo MDS dever\u00e3o manifestar interesse na implementa\u00e7\u00e3o do Protocolo por meio da apresenta\u00e7\u00e3o do <strong>Termo de Aceite,<\/strong> previsto no Anexo II da Portaria. O documento dever\u00e1 ser assinado pelo presidente da C\u00e2mara Interministerial de Seguran\u00e7a Alimentar e Nutricional (Caisan) estadual. Outro termo de aceite deve ser assinado pelo prefeito.<\/p>\n<p>O <strong>termo de aceite estadual e o municipal dever\u00e3o ser encaminhados ao endere\u00e7o eletr\u00f4nico protocolobsf@mds.gov.br.<\/strong> O envio do documento estadual pode ser feito no prazo de at\u00e9 dez dias, contados a partir da publica\u00e7\u00e3o da Portaria. Para o envio do documento municipal o prazo \u00e9 de at\u00e9 30 dias.<\/p>\n<p>O recebimento do apoio t\u00e9cnico tamb\u00e9m est\u00e1 condicionado \u00e0 ades\u00e3o ao Sistema Nacional de Seguran\u00e7a Alimentar e Nutricional (Sisan) no prazo m\u00e1ximo de 120 dias, contados a partir da data de assinatura do Termo de Aceite.<\/p>\n<p>Caso algum munic\u00edpio n\u00e3o manifeste interesse, a vaga poder\u00e1 ser repassada ao munic\u00edpio seguinte, na mesma UF \u2013 considerando que tenha maior n\u00famero de fam\u00edlias em risco alimentar.<\/p>\n<h2>Confira a lista completa dos munic\u00edpios priorit\u00e1rios:<\/h2>\n<ul>\n<li>Rio Branco (AC)<\/li>\n<li>Cruzeiro do Sul (AC)<\/li>\n<li>Sena Madureira (AC)<\/li>\n<li>Tarauac\u00e1 (AC)<\/li>\n<li>Macei\u00f3 (AL)<\/li>\n<li>Arapiraca (AL)<\/li>\n<li>Rio Largo (AL)<\/li>\n<li>Palmeira dos \u00cdndios (AL)<\/li>\n<li>Penedo (AL)<\/li>\n<li>Uni\u00e3o dos Palmares (AL)<\/li>\n<li>S\u00e3o Miguel dos Campos (AL)<\/li>\n<li>Maragogi (AL)<\/li>\n<li>Manaus (AM)<\/li>\n<li>Iranduba (AM)<\/li>\n<li>Manacapuru (AM)<\/li>\n<li>Itacoatiara (AM)<\/li>\n<li>Mau\u00e9s (AM)<\/li>\n<li>Humait\u00e1 (AM)<\/li>\n<li>Parintins (AM)<\/li>\n<li>Tef\u00e9 (AM)<\/li>\n<li>L\u00e1brea (AM)<\/li>\n<li>Autazes (AM)<\/li>\n<li>Coari (AM)<\/li>\n<li>Beruri (AM)<\/li>\n<li>Tabatinga (AM)<\/li>\n<li>Nova Olinda do Norte (AM)<\/li>\n<li>Urucurituba (AM)<\/li>\n<li>S\u00e3o Gabriel da Cachoeira (AM)<\/li>\n<li>Nhamund\u00e1 (AM)<\/li>\n<li>Boca do Acre (AM)<\/li>\n<li>Eirunep\u00e9 (AM)<\/li>\n<li>Urucar\u00e1 (AM)<\/li>\n<li>Fonte Boa (AM)<\/li>\n<li>Macap\u00e1 (AP)<\/li>\n<li>Santana (AP)<\/li>\n<li>Laranjal do Jari (AP)<\/li>\n<li>Oiapoque (AP)<\/li>\n<li>Porto Grande (AP)<\/li>\n<li>Mazag\u00e3o (AP)<\/li>\n<li>Pedra Branca do Amapari (AP)<\/li>\n<li>Salvador (BA)<\/li>\n<li>Feira de Santana (BA)<\/li>\n<li>Cama\u00e7ari (BA)<\/li>\n<li>Vit\u00f3ria da Conquista (BA)<\/li>\n<li>Sim\u00f5es Filho (BA)<\/li>\n<li>Juazeiro (BA)<\/li>\n<li>Ilh\u00e9us (BA)<\/li>\n<li>Itabuna (BA)<\/li>\n<li>Jequi\u00e9 (BA)<\/li>\n<li>Alagoinhas (BA)<\/li>\n<li>Porto Seguro (BA)<\/li>\n<li>Barreiras (BA)<\/li>\n<li>Paulo Afonso (BA)<\/li>\n<li>Santo Ant\u00f4nio de Jesus (BA)<\/li>\n<li>Lauro de Freitas (BA)<\/li>\n<li>Itapetinga (BA)<\/li>\n<li>Serrinha (BA)<\/li>\n<li>Vera Cruz (BA)<\/li>\n<li>Candeias (BA)<\/li>\n<li>Eun\u00e1polis (BA)<\/li>\n<li>Teixeira de Freitas (BA)<\/li>\n<li>Casa Nova (BA)<\/li>\n<li>Jacobina (BA)<\/li>\n<li>Catu (BA)<\/li>\n<li>Cruz das Almas (BA)<\/li>\n<li>Itaberaba (BA)<\/li>\n<li>Dias d&#8217;\u00c1vila (BA)<\/li>\n<li>Irec\u00ea (BA)<\/li>\n<li>Campo Formoso (BA)<\/li>\n<li>Senhor do Bonfim (BA)<\/li>\n<li>Lu\u00eds Eduardo Magalh\u00e3es (BA)<\/li>\n<li>Mata de S\u00e3o Jo\u00e3o (BA)<\/li>\n<li>Guanambi (BA)<\/li>\n<li>Ipir\u00e1 (BA)<\/li>\n<li>Xique-Xique (BA)<\/li>\n<li>Araci (BA)<\/li>\n<li>Entre Rios (BA)<\/li>\n<li>Euclides da Cunha (BA)<\/li>\n<li>Concei\u00e7\u00e3o do Coit\u00e9 (BA)<\/li>\n<li>Itamaraju (BA)<\/li>\n<li>Valen\u00e7a (BA)<\/li>\n<li>Ipia\u00fa (BA)<\/li>\n<li>Santo Amaro (BA)<\/li>\n<li>Po\u00e7\u00f5es (BA)<\/li>\n<li>Concei\u00e7\u00e3o do Jacu\u00edpe (BA)<\/li>\n<li>Maragogipe (BA)<\/li>\n<li>Jeremoabo (BA)<\/li>\n<li>Canavieiras (BA)<\/li>\n<li>Seabra (BA)<\/li>\n<li>Sento S\u00e9 (BA)<\/li>\n<li>Caetit\u00e9 (BA)<\/li>\n<li>Amargosa (BA)<\/li>\n<li>Remanso (BA)<\/li>\n<li>Bom Jesus da Lapa (BA)<\/li>\n<li>S\u00e3o Sebasti\u00e3o do Pass\u00e9 (BA)<\/li>\n<li>Santaluz (BA)<\/li>\n<li>Alcoba\u00e7a (BA)<\/li>\n<li>S\u00e3o Francisco do Conde (BA)<\/li>\n<li>Cansan\u00e7\u00e3o (BA)<\/li>\n<li>Fortaleza (CE)<\/li>\n<li>Caucaia (CE)<\/li>\n<li>Juazeiro do Norte (CE)<\/li>\n<li>Maracana\u00fa (CE)<\/li>\n<li>Sobral (CE)<\/li>\n<li>Crato (CE)<\/li>\n<li>Quixad\u00e1 (CE)<\/li>\n<li>Maranguape (CE)<\/li>\n<li>Aquiraz (CE)<\/li>\n<li>Iguatu (CE)<\/li>\n<li>Cascavel (CE)<\/li>\n<li>Vi\u00e7osa do Cear\u00e1 (CE)<\/li>\n<li>Horizonte (CE)<\/li>\n<li>Itapipoca (CE)<\/li>\n<li>Camocim (CE)<\/li>\n<li>Canind\u00e9 (CE)<\/li>\n<li>Tiangu\u00e1 (CE)<\/li>\n<li>Trairi (CE)<\/li>\n<li>Quixeramobim (CE)<\/li>\n<li>Morada Nova (CE)<\/li>\n<li>Barbalha (CE)<\/li>\n<li>Pacatuba (CE)<\/li>\n<li>Itapaj\u00e9 (CE)<\/li>\n<li>Ipu (CE)<\/li>\n<li>Beberibe (CE)<\/li>\n<li>Pedra Branca (CE)<\/li>\n<li>Reden\u00e7\u00e3o (CE)<\/li>\n<li>Granja (CE)<\/li>\n<li>Russas (CE)<\/li>\n<li>Limoeiro do Norte (CE)<\/li>\n<li>Baturit\u00e9 (CE)<\/li>\n<li>Santa Quit\u00e9ria (CE)<\/li>\n<li>Boa Viagem (CE)<\/li>\n<li>Pacajus (CE)<\/li>\n<li>Lavras da Mangabeira (CE)<\/li>\n<li>Massap\u00ea (CE)<\/li>\n<li>Aracati (CE)<\/li>\n<li>Eus\u00e9bio (CE)<\/li>\n<li>Acopiara (CE)<\/li>\n<li>Bras\u00edlia (DF)<\/li>\n<li>Serra (ES)<\/li>\n<li>Cariacica (ES)<\/li>\n<li>Vila Velha (ES)<\/li>\n<li>Vit\u00f3ria (ES)<\/li>\n<li>S\u00e3o Mateus (ES)<\/li>\n<li>Cachoeiro de Itapemirim (ES)<\/li>\n<li>Aracruz (ES)<\/li>\n<li>Goi\u00e2nia (GO)<\/li>\n<li>\u00c1guas Lindas de Goi\u00e1s (GO)<\/li>\n<li>Luzi\u00e2nia (GO)<\/li>\n<li>Aparecida de Goi\u00e2nia (GO)<\/li>\n<li>An\u00e1polis (GO)<\/li>\n<li>Valpara\u00edso de Goi\u00e1s (GO)<\/li>\n<li>Trindade (GO)<\/li>\n<li>Planaltina (GO)<\/li>\n<li>Formosa (GO)<\/li>\n<li>Santo Ant\u00f4nio do Descoberto (GO)<\/li>\n<li>Cidade Ocidental (GO)<\/li>\n<li>Rio Verde (GO)<\/li>\n<li>Senador Canedo (GO)<\/li>\n<li>Itumbiara (GO)<\/li>\n<li>Novo Gama (GO)<\/li>\n<li>S\u00e3o Lu\u00eds (MA)<\/li>\n<li>S\u00e3o Jos\u00e9 de Ribamar (MA)<\/li>\n<li>Timon (MA)<\/li>\n<li>Imperatriz (MA)<\/li>\n<li>Bacabal (MA)<\/li>\n<li>Pa\u00e7o do Lumiar (MA)<\/li>\n<li>Chapadinha (MA)<\/li>\n<li>Cod\u00f3 (MA)<\/li>\n<li>Caxias (MA)<\/li>\n<li>Tut\u00f3ia (MA)<\/li>\n<li>Pinheiro (MA)<\/li>\n<li>Barra do Corda (MA)<\/li>\n<li>Graja\u00fa (MA)<\/li>\n<li>Balsas (MA)<\/li>\n<li>Coelho Neto (MA)<\/li>\n<li>Coroat\u00e1 (MA)<\/li>\n<li>Barreirinhas (MA)<\/li>\n<li>A\u00e7ail\u00e2ndia (MA)<\/li>\n<li>Santa In\u00eas (MA)<\/li>\n<li>Viana (MA)<\/li>\n<li>Santa Helena (MA)<\/li>\n<li>Pedro do Ros\u00e1rio (MA)<\/li>\n<li>Santa Rita (MA)<\/li>\n<li>Itapecuru Mirim (MA)<\/li>\n<li>Cururupu (MA)<\/li>\n<li>Belo Horizonte (MG)<\/li>\n<li>Contagem (MG)<\/li>\n<li>Betim (MG)<\/li>\n<li>Ribeir\u00e3o das Neves (MG)<\/li>\n<li>Montes Claros (MG)<\/li>\n<li>Uberl\u00e2ndia (MG)<\/li>\n<li>Juiz de Fora (MG)<\/li>\n<li>Santa Luzia (MG)<\/li>\n<li>Ipatinga (MG)<\/li>\n<li>Governador Valadares (MG)<\/li>\n<li>Vespasiano (MG)<\/li>\n<li>Te\u00f3filo Otoni (MG)<\/li>\n<li>Esmeraldas (MG)<\/li>\n<li>Ibirit\u00e9 (MG)<\/li>\n<li>Sete Lagoas (MG)<\/li>\n<li>Divin\u00f3polis (MG)<\/li>\n<li>S\u00e3o Francisco (MG)<\/li>\n<li>Jana\u00faba (MG)<\/li>\n<li>Uberaba (MG)<\/li>\n<li>Pirapora (MG)<\/li>\n<li>Janu\u00e1ria (MG)<\/li>\n<li>Coronel Fabriciano (MG)<\/li>\n<li>Sabar\u00e1 (MG)<\/li>\n<li>Curvelo (MG)<\/li>\n<li>Muria\u00e9 (MG)<\/li>\n<li>Campo Grande (MS)<\/li>\n<li>Corumb\u00e1 (MS)<\/li>\n<li>Tr\u00eas Lagoas (MS)<\/li>\n<li>Ponta Por\u00e3 (MS)<\/li>\n<li>Dourados (MS)<\/li>\n<li>Aquidauana (MS)<\/li>\n<li>V\u00e1rzea Grande (MT)<\/li>\n<li>Cuiab\u00e1 (MT)<\/li>\n<li>Rondon\u00f3polis (MT)<\/li>\n<li>C\u00e1ceres (MT)<\/li>\n<li>Sinop (MT)<\/li>\n<li>Bel\u00e9m (PA)<\/li>\n<li>Santar\u00e9m (PA)<\/li>\n<li>Ananindeua (PA)<\/li>\n<li>Abaetetuba (PA)<\/li>\n<li>Marituba (PA)<\/li>\n<li>Camet\u00e1 (PA)<\/li>\n<li>Parauapebas (PA)<\/li>\n<li>Marab\u00e1 (PA)<\/li>\n<li>Castanhal (PA)<\/li>\n<li>Bragan\u00e7a (PA)<\/li>\n<li>Barcarena (PA)<\/li>\n<li>Benevides (PA)<\/li>\n<li>Breves (PA)<\/li>\n<li>Altamira (PA)<\/li>\n<li>Tucuru\u00ed (PA)<\/li>\n<li>Itaituba (PA)<\/li>\n<li>Vigia (PA)<\/li>\n<li>Capit\u00e3o Po\u00e7o (PA)<\/li>\n<li>Capanema (PA)<\/li>\n<li>Augusto Corr\u00eaa (PA)<\/li>\n<li>Moju (PA)<\/li>\n<li>Paragominas (PA)<\/li>\n<li>Prainha (PA)<\/li>\n<li>Cana\u00e3 dos Caraj\u00e1s (PA)<\/li>\n<li>Tail\u00e2ndia (PA)<\/li>\n<li>Oeiras do Par\u00e1 (PA)<\/li>\n<li>Igarap\u00e9-Miri (PA)<\/li>\n<li>Monte Alegre (PA)<\/li>\n<li>\u00d3bidos (PA)<\/li>\n<li>Curu\u00e7\u00e1 (PA)<\/li>\n<li>Pacaj\u00e1 (PA)<\/li>\n<li>Reden\u00e7\u00e3o (PA)<\/li>\n<li>Oriximin\u00e1 (PA)<\/li>\n<li>M\u00e3e do Rio (PA)<\/li>\n<li>Igarap\u00e9-A\u00e7u (PA)<\/li>\n<li>Mocajuba (PA)<\/li>\n<li>Acar\u00e1 (PA)<\/li>\n<li>S\u00e3o F\u00e9lix do Xingu (PA)<\/li>\n<li>Anapu (PA)<\/li>\n<li>S\u00e3o Miguel do Guam\u00e1 (PA)<\/li>\n<li>Ponta de Pedras (PA)<\/li>\n<li>Tracuateua (PA)<\/li>\n<li>Irituia (PA)<\/li>\n<li>Breu Branco (PA)<\/li>\n<li>Novo Repartimento (PA)<\/li>\n<li>S\u00e3o Domingos do Capim (PA)<\/li>\n<li>Jacund\u00e1 (PA)<\/li>\n<li>Viseu (PA)<\/li>\n<li>Alenquer (PA)<\/li>\n<li>Tom\u00e9-A\u00e7u (PA)<\/li>\n<li>Salvaterra (PA)<\/li>\n<li>Conc\u00f3rdia do Par\u00e1 (PA)<\/li>\n<li>Porto de Moz (PA)<\/li>\n<li>Santa Izabel do Par\u00e1 (PA)<\/li>\n<li>Gurup\u00e1 (PA)<\/li>\n<li>Almeirim (PA)<\/li>\n<li>Bujaru (PA)<\/li>\n<li>Bai\u00e3o (PA)<\/li>\n<li>Medicil\u00e2ndia (PA)<\/li>\n<li>Marapanim (PA)<\/li>\n<li>Muan\u00e1 (PA)<\/li>\n<li>Ulian\u00f3polis (PA)<\/li>\n<li>Ipixuna do Par\u00e1 (PA)<\/li>\n<li>Santana do Araguaia (PA)<\/li>\n<li>Curralinho (PA)<\/li>\n<li>Anaj\u00e1s (PA)<\/li>\n<li>Xinguara (PA)<\/li>\n<li>S\u00e3o Sebasti\u00e3o da Boa Vista (PA)<\/li>\n<li>Afu\u00e1 (PA)<\/li>\n<li>Salin\u00f3polis (PA)<\/li>\n<li>Santa Maria do Par\u00e1 (PA)<\/li>\n<li>Itupiranga (PA)<\/li>\n<li>Concei\u00e7\u00e3o do Araguaia (PA)<\/li>\n<li>Limoeiro do Ajuru (PA)<\/li>\n<li>Terra Santa (PA)<\/li>\n<li>Dom Eliseu (PA)<\/li>\n<li>Portel (PA)<\/li>\n<li>Maracan\u00e3 (PA)<\/li>\n<li>Rondon do Par\u00e1 (PA)<\/li>\n<li>Tucum\u00e3 (PA)<\/li>\n<li>Santo Ant\u00f4nio do Tau\u00e1 (PA)<\/li>\n<li>Cachoeira do Arari (PA)<\/li>\n<li>S\u00e3o Jo\u00e3o de Pirabas (PA)<\/li>\n<li>Jo\u00e3o Pessoa (PB)<\/li>\n<li>Campina Grande (PB)<\/li>\n<li>Santa Rita (PB)<\/li>\n<li>Patos (PB)<\/li>\n<li>Bayeux (PB)<\/li>\n<li>Monteiro (PB)<\/li>\n<li>Sousa (PB)<\/li>\n<li>Sap\u00e9 (PB)<\/li>\n<li>Guarabira (PB)<\/li>\n<li>Jaboat\u00e3o dos Guararapes (PE)<\/li>\n<li>Recife (PE)<\/li>\n<li>Olinda (PE)<\/li>\n<li>Paulista (PE)<\/li>\n<li>Caruaru (PE)<\/li>\n<li>Cabo de Santo Agostinho (PE)<\/li>\n<li>Petrolina (PE)<\/li>\n<li>Santa Cruz do Capibaribe (PE)<\/li>\n<li>Camaragibe (PE)<\/li>\n<li>Ipojuca (PE)<\/li>\n<li>Vit\u00f3ria de Santo Ant\u00e3o (PE)<\/li>\n<li>Garanhuns (PE)<\/li>\n<li>Igarassu (PE)<\/li>\n<li>Carpina (PE)<\/li>\n<li>S\u00e3o Louren\u00e7o da Mata (PE)<\/li>\n<li>Escada (PE)<\/li>\n<li>Abreu e Lima (PE)<\/li>\n<li>Gravat\u00e1 (PE)<\/li>\n<li>Bezerros (PE)<\/li>\n<li>Salgueiro (PE)<\/li>\n<li>Arcoverde (PE)<\/li>\n<li>Bu\u00edque (PE)<\/li>\n<li>Goiana (PE)<\/li>\n<li>Serra Talhada (PE)<\/li>\n<li>Ouricuri (PE)<\/li>\n<li>Toritama (PE)<\/li>\n<li>Pesqueira (PE)<\/li>\n<li>Araripina (PE)<\/li>\n<li>Brejo da Madre de Deus (PE)<\/li>\n<li>Paudalho (PE)<\/li>\n<li>Moreno (PE)<\/li>\n<li>Limoeiro (PE)<\/li>\n<li>Belo Jardim (PE)<\/li>\n<li>Bonito (PE)<\/li>\n<li>Timba\u00faba (PE)<\/li>\n<li>Taquaritinga do Norte (PE)<\/li>\n<li>Cachoeirinha (PE)<\/li>\n<li>Lajedo (PE)<\/li>\n<li>Palmares (PE)<\/li>\n<li>Itamb\u00e9 (PE)<\/li>\n<li>Ribeir\u00e3o (PE)<\/li>\n<li>Bodoc\u00f3 (PE)<\/li>\n<li>Teresina (PI)<\/li>\n<li>Parna\u00edba (PI)<\/li>\n<li>Picos (PI)<\/li>\n<li>Floriano (PI)<\/li>\n<li>Campo Maior (PI)<\/li>\n<li>Oeiras (PI)<\/li>\n<li>Piripiri (PI)<\/li>\n<li>Barras (PI)<\/li>\n<li>Esperantina (PI)<\/li>\n<li>S\u00e3o Raimundo Nonato (PI)<\/li>\n<li>Curitiba (PR)<\/li>\n<li>Londrina (PR)<\/li>\n<li>Foz do Igua\u00e7u (PR)<\/li>\n<li>Maring\u00e1 (PR)<\/li>\n<li>Colombo (PR)<\/li>\n<li>S\u00e3o Jos\u00e9 dos Pinhais (PR)<\/li>\n<li>Rio de Janeiro (RJ)<\/li>\n<li>Nova Igua\u00e7u (RJ)<\/li>\n<li>Duque de Caxias (RJ)<\/li>\n<li>S\u00e3o Gon\u00e7alo (RJ)<\/li>\n<li>Belford Roxo (RJ)<\/li>\n<li>Mag\u00e9 (RJ)<\/li>\n<li>S\u00e3o Jo\u00e3o de Meriti (RJ)<\/li>\n<li>Niter\u00f3i (RJ)<\/li>\n<li>Campos dos Goytacazes (RJ)<\/li>\n<li>Itabora\u00ed (RJ)<\/li>\n<li>Mesquita (RJ)<\/li>\n<li>Cabo Frio (RJ)<\/li>\n<li>Queimados (RJ)<\/li>\n<li>Maric\u00e1 (RJ)<\/li>\n<li>Petr\u00f3polis (RJ)<\/li>\n<li>Maca\u00e9 (RJ)<\/li>\n<li>Rio das Ostras (RJ)<\/li>\n<li>Saquarema (RJ)<\/li>\n<li>Japeri (RJ)<\/li>\n<li>Volta Redonda (RJ)<\/li>\n<li>Araruama (RJ)<\/li>\n<li>Angra dos Reis (RJ)<\/li>\n<li>Itagua\u00ed (RJ)<\/li>\n<li>Nil\u00f3polis (RJ)<\/li>\n<li>Barra Mansa (RJ)<\/li>\n<li>Teres\u00f3polis (RJ)<\/li>\n<li>Cachoeiras de Macacu (RJ)<\/li>\n<li>Tr\u00eas Rios (RJ)<\/li>\n<li>Rio Bonito (RJ)<\/li>\n<li>Guapimirim (RJ)<\/li>\n<li>Resende (RJ)<\/li>\n<li>S\u00e3o Pedro da Aldeia (RJ)<\/li>\n<li>Mangaratiba (RJ)<\/li>\n<li>Barra do Pira\u00ed (RJ)<\/li>\n<li>Itaperuna (RJ)<\/li>\n<li>Paracambi (RJ)<\/li>\n<li>Nova Friburgo (RJ)<\/li>\n<li>Valen\u00e7a (RJ)<\/li>\n<li>Natal (RN)<\/li>\n<li>Mossor\u00f3 (RN)<\/li>\n<li>Parnamirim (RN)<\/li>\n<li>S\u00e3o Gon\u00e7alo do Amarante (RN)<\/li>\n<li>Maca\u00edba (RN)<\/li>\n<li>A\u00e7u (RN)<\/li>\n<li>Extremoz (RN)<\/li>\n<li>Nova Cruz (RN)<\/li>\n<li>Caic\u00f3 (RN)<\/li>\n<li>Cear\u00e1-Mirim (RN)<\/li>\n<li>Porto Velho (RO)<\/li>\n<li>Ji-Paran\u00e1 (RO)<\/li>\n<li>Ariquemes (RO)<\/li>\n<li>Cacoal (RO)<\/li>\n<li>Vilhena (RO)<\/li>\n<li>Boa Vista (RR)<\/li>\n<li>Pacaraima (RR)<\/li>\n<li>Mucaja\u00ed (RR)<\/li>\n<li>Bonfim (RR)<\/li>\n<li>Caracara\u00ed (RR)<\/li>\n<li>Porto Alegre (RS)<\/li>\n<li>Pelotas (RS)<\/li>\n<li>Viam\u00e3o (RS)<\/li>\n<li>Bag\u00e9 (RS)<\/li>\n<li>Canoas (RS)<\/li>\n<li>Florian\u00f3polis (SC)<\/li>\n<li>Aracaju (SE)<\/li>\n<li>Nossa Senhora do Socorro (SE)<\/li>\n<li>Lagarto (SE)<\/li>\n<li>S\u00e3o Crist\u00f3v\u00e3o (SE)<\/li>\n<li>Est\u00e2ncia (SE)<\/li>\n<li>Itabaiana (SE)<\/li>\n<li>Sim\u00e3o Dias (SE)<\/li>\n<li>Tobias Barreto (SE)<\/li>\n<li>Itabaianinha (SE)<\/li>\n<li>Nossa Senhora da Gl\u00f3ria (SE)<\/li>\n<li>Barra dos Coqueiros (SE)<\/li>\n<li>S\u00e3o Paulo (SP)<\/li>\n<li>Guarulhos (SP)<\/li>\n<li>Campinas (SP)<\/li>\n<li>Osasco (SP)<\/li>\n<li>S\u00e3o Bernardo do Campo (SP)<\/li>\n<li>Embu das Artes (SP)<\/li>\n<li>Santo Andr\u00e9 (SP)<\/li>\n<li>Itaquaquecetuba (SP)<\/li>\n<li>S\u00e3o Vicente (SP)<\/li>\n<li>Carapicu\u00edba (SP)<\/li>\n<li>S\u00e3o Jos\u00e9 dos Campos (SP)<\/li>\n<li>Itapecerica da Serra (SP)<\/li>\n<li>Mogi das Cruzes (SP)<\/li>\n<li>Sorocaba (SP)<\/li>\n<li>Diadema (SP)<\/li>\n<li>Mau\u00e1 (SP)<\/li>\n<li>Suzano (SP)<\/li>\n<li>Francisco Morato (SP)<\/li>\n<li>Guaruj\u00e1 (SP)<\/li>\n<li>Ribeir\u00e3o Preto (SP)<\/li>\n<li>Tabo\u00e3o da Serra (SP)<\/li>\n<li>Santos (SP)<\/li>\n<li>Ferraz de Vasconcelos (SP)<\/li>\n<li>Bauru (SP)<\/li>\n<li>Barueri (SP)<\/li>\n<li>Sumar\u00e9 (SP)<\/li>\n<li>Limeira (SP)<\/li>\n<li>Franco da Rocha (SP)<\/li>\n<li>Itanha\u00e9m (SP)<\/li>\n<li>Praia Grande (SP)<\/li>\n<li>Po\u00e1 (SP)<\/li>\n<li>Hortol\u00e2ndia (SP)<\/li>\n<li>S\u00e3o Jos\u00e9 do Rio Preto (SP)<\/li>\n<li>Peru\u00edbe (SP)<\/li>\n<li>Itapevi (SP)<\/li>\n<li>Piracicaba (SP)<\/li>\n<li>Cotia (SP)<\/li>\n<li>Bertioga (SP)<\/li>\n<li>S\u00e3o Carlos (SP)<\/li>\n<li>Cubat\u00e3o (SP)<\/li>\n<li>Franca (SP)<\/li>\n<li>Caraguatatuba (SP)<\/li>\n<li>S\u00e3o Sebasti\u00e3o (SP)<\/li>\n<li>Presidente Prudente (SP)<\/li>\n<li>Araraquara (SP)<\/li>\n<li>Pindamonhangaba (SP)<\/li>\n<li>Ara\u00e7atuba (SP)<\/li>\n<li>Taubat\u00e9 (SP)<\/li>\n<li>Palmas (TO)<\/li>\n<li>Aragua\u00edna (TO)<\/li>\n<li>Porto Nacional (TO)<\/li>\n<li>Gurupi (TO)<\/li>\n<li>Taguatinga (TO)<br \/>\n\t\u00a0<\/li>\n<\/ul>\n<p>\t\t\t\t\t\t\t\t\t\t<img loading=\"lazy\" decoding=\"async\" src=\"https:\/\/brasil61.com\/api\/v1\/serve_pixel\/17677\/87299\" alt=\"Pixel Brasil 61\" class=\"b61_pixel\" width=\"0\" height=\"0\"><\/p>\n<input type=\"hidden\" id=\"baseurl\" value=\"https:\/\/noticiasdestaque.com.br\"><input type=\"hidden\" id=\"audio_nonce\" value=\"9fd43fe80e\">","protected":false},"excerpt":{"rendered":"<p>Minist\u00e9rio do Desenvolvimento e Assist\u00eancia Social, Fam\u00edlia e Combate \u00e0 Fome (MDS) divulgou lista de cidades contempladas pelo programa nacional na Portaria n\u00ba 1.148\/2026; confira as cidades<\/p>\n","protected":false},"author":1,"featured_media":49494,"comment_status":"open","ping_status":"open","sticky":false,"template":"","format":"standard","meta":{"fifu_image_url":"","fifu_image_alt":"","footnotes":""},"categories":[48],"tags":[],"class_list":["post-49493","post","type-post","status-publish","format-standard","has-post-thumbnail","hentry","category-mundo"],"distributor_meta":false,"distributor_terms":false,"distributor_media":false,"distributor_original_site_name":"Noticias em Destaque","distributor_original_site_url":"https:\/\/noticiasdestaque.com.br","push-errors":false,"_links":{"self":[{"href":"https:\/\/noticiasdestaque.com.br\/index.php\/wp-json\/wp\/v2\/posts\/49493","targetHints":{"allow":["GET"]}}],"collection":[{"href":"https:\/\/noticiasdestaque.com.br\/index.php\/wp-json\/wp\/v2\/posts"}],"about":[{"href":"https:\/\/noticiasdestaque.com.br\/index.php\/wp-json\/wp\/v2\/types\/post"}],"author":[{"embeddable":true,"href":"https:\/\/noticiasdestaque.com.br\/index.php\/wp-json\/wp\/v2\/users\/1"}],"replies":[{"embeddable":true,"href":"https:\/\/noticiasdestaque.com.br\/index.php\/wp-json\/wp\/v2\/comments?post=49493"}],"version-history":[{"count":0,"href":"https:\/\/noticiasdestaque.com.br\/index.php\/wp-json\/wp\/v2\/posts\/49493\/revisions"}],"wp:featuredmedia":[{"embeddable":true,"href":"https:\/\/noticiasdestaque.com.br\/index.php\/wp-json\/wp\/v2\/media\/49494"}],"wp:attachment":[{"href":"https:\/\/noticiasdestaque.com.br\/index.php\/wp-json\/wp\/v2\/media?parent=49493"}],"wp:term":[{"taxonomy":"category","embeddable":true,"href":"https:\/\/noticiasdestaque.com.br\/index.php\/wp-json\/wp\/v2\/categories?post=49493"},{"taxonomy":"post_tag","embeddable":true,"href":"https:\/\/noticiasdestaque.com.br\/index.php\/wp-json\/wp\/v2\/tags?post=49493"}],"curies":[{"name":"wp","href":"https:\/\/api.w.org\/{rel}","templated":true}]}}