{"id":49429,"date":"2026-01-26T04:30:00","date_gmt":"2026-01-26T07:30:00","guid":{"rendered":"https:\/\/noticiasdestaque.com.br\/index.php\/2026\/01\/26\/a-manutencao-de-politicas-publicas-em-ano-eleitoral-requer-planejamento-destaca-especialista\/"},"modified":"2026-01-26T04:30:00","modified_gmt":"2026-01-26T07:30:00","slug":"a-manutencao-de-politicas-publicas-em-ano-eleitoral-requer-planejamento-destaca-especialista","status":"publish","type":"post","link":"https:\/\/noticiasdestaque.com.br\/index.php\/2026\/01\/26\/a-manutencao-de-politicas-publicas-em-ano-eleitoral-requer-planejamento-destaca-especialista\/","title":{"rendered":"A manuten\u00e7\u00e3o de pol\u00edticas p\u00fablicas em ano eleitoral requer planejamento, destaca especialista"},"content":{"rendered":"<p>\t\t\t\t\t\t\t\t\t\t\t<audio controls class=\"b61_audio_player\" data-noticia=\"87294\" src=\"https:\/\/brasil61.com\/rails\/active_storage\/blobs\/eyJfcmFpbHMiOnsibWVzc2FnZSI6IkJBaHBBL0xvQXc9PSIsImV4cCI6bnVsbCwicHVyIjoiYmxvYl9pZCJ9fQ==--48859ed2cfb0d167ee01fb5c32a439dc6bbd8306\/BRAS2615664A\"><\/audio><\/p>\n<p>As regras eleitorais <a href=\"https:\/\/brasil61.com\/n\/ano-eleitoral-nao-e-desculpa-para-interrupcao-de-politicas-publicas-avalia-especialista-bras2615649\">n\u00e3o restringem a continuidade de pol\u00edticas p\u00fablicas<\/a> e funcionamento dos poderes. As veda\u00e7\u00f5es se limitam \u00e0 cria\u00e7\u00e3o de benef\u00edcios sociais com distribui\u00e7\u00e3o de bens e verba para a popula\u00e7\u00e3o, e, principalmente, restri\u00e7\u00f5es \u00e0 divulga\u00e7\u00e3o de a\u00e7\u00f5es e entregas, como a proibi\u00e7\u00e3o de shows art\u00edsticos pagos com recursos p\u00fablicos.<\/p>\n<p>Ainda assim, a disputa por vagas nos poderes executivos e legislativos, federal e estaduais, vai encurtar o per\u00edodo de funcionamento dos governos, assembleias e Congresso Nacional. Isso acontece pois a maior parte dos mandat\u00e1rios vai ao palanque, seja em busca da reelei\u00e7\u00e3o ou em apoio a aliados.<\/p>\n<p>\u201cN\u00e3o \u00e9 que a lei pro\u00edba novas pol\u00edticas p\u00fablicas. N\u00e3o, mas ela controla o uso da m\u00e1quina p\u00fablica em favor de uma candidatura que est\u00e1 pleiteando cargo. Aquele gestor que se planejou, que \u00e9 assessorado e que de fato n\u00e3o usa a m\u00e1quina p\u00fablica, ou n\u00e3o deseja usar a m\u00e1quina p\u00fablica a seu favor, ele n\u00e3o vai ter problema nenhum\u201d, afirma Ana Claudia Santano, fundadora e diretora-executiva da organiza\u00e7\u00e3o <a href=\"https:\/\/transparenciaeleitoral.com.br\/\">Transpar\u00eancia Eleitoral Brasil<\/a>.<\/p>\n<p>O que a lei prev\u00ea \u00e9 a desincompatibiliza\u00e7\u00e3o de candidatos que tenham cargos e fun\u00e7\u00f5es na administra\u00e7\u00e3o p\u00fablica, exceto para aqueles que buscam a reelei\u00e7\u00e3o. O prazo para esse afastamento varia entre tr\u00eas e seis meses, de acordo com o cargo ocupado:<\/p>\n<ul>\n<li>6 meses:\n<ul>\n<li>pol\u00edticos com mandato (governadores, prefeitos, senadores, deputados federais e estaduais);<\/li>\n<li>ministros de Estado;\u00a0<\/li>\n<li>dirigentes de empresas p\u00fablicas;\u00a0<\/li>\n<li>magistrados;\u00a0<\/li>\n<li>secret\u00e1rios federais e estaduais;<\/li>\n<li>membros de Tribunais de Contas e do Minist\u00e9rio P\u00f9blico;<\/li>\n<li>Chefes de For\u00e7as Armadas;<\/li>\n<li>Diretor-geral da Pol\u00edcia Federal.<\/li>\n<\/ul>\n<\/li>\n<li>4 meses:\n<ul>\n<li>membros do Minist\u00e9rio P\u00fablico e da Defensoria P\u00fablica, autoridades policiais, civis ou militares com exerc\u00edcio no munic\u00edpio, para o cargo de governador.<\/li>\n<li>dirigentes de entidades mantidas por contribui\u00e7\u00f5es impostas pelo Poder P\u00fablico;<\/li>\n<\/ul>\n<\/li>\n<\/ul>\n<ul>\n<li>3 meses:\n<ul>\n<li>Demais servidores p\u00fablicos.<\/li>\n<\/ul>\n<\/li>\n<\/ul>\n<h2>Campanha<\/h2>\n<p>Oficialmente, as campanhas, com com\u00edcios, carros de som, entrega de \u201csantinhos\u201d e propaganda nos ve\u00edculos de comunica\u00e7\u00e3o come\u00e7am 50 dias antes do pleito. Ou seja, em 2026, ser\u00e1 a partir do dia 16 de agosto, um dia ap\u00f3s a data limite para a oficializa\u00e7\u00e3o da candidatura.<\/p>\n<p>\u201cTodo mundo que tiver envolvido na campanha eleitoral, seja para um novo cargo, caso de prefeito que vai tentar governo, deputado, ou qualquer coisa do g\u00eanero, e tamb\u00e9m os cargos comissionados, eles precisam deixar o cargo para poder fazer campanha\u201d, explica Santano.<\/p>\n<h2>Continuidade das pol\u00edticas p\u00fablicas<\/h2>\n<p>Um ponto que os gestores reclamam \u00e9 sobre a interrup\u00e7\u00e3o de pol\u00edticas p\u00fablicas. Por conta das restri\u00e7\u00f5es, muitos gestores, \u00e0s vezes por receio de descumprir a legisla\u00e7\u00e3o, acabam praticando a paralisia defensiva do mandato, um excesso de cautela que prejudica as comunidades que dependem daquele servi\u00e7o.<\/p>\n<p>Santano ressalta que o rem\u00e9dio para casos assim \u00e9 planejar e prever as pol\u00edticas com anteced\u00eancia. \u201cEu acho que isso \u00e9 um excesso de cautela que a gente acaba n\u00e3o tendo. \u00c9 muito mais f\u00e1cil sonegar pol\u00edtica p\u00fablica e informa\u00e7\u00e3o para a sociedade do que efetivamente justificar porque est\u00e1 procedendo daquela forma. E tem que ser justamente o contr\u00e1rio, voc\u00ea n\u00e3o pode desamparar a sociedade e, ao mesmo tempo, voc\u00ea precisa ter ali aquele contexto de provas, comprovando que voc\u00ea est\u00e1 agindo dentro da lei\u201d, esclarece.<\/p>\n<p>A especialista destaca, como exemplo, a limita\u00e7\u00e3o de gastos com publicidade. Essas despesas n\u00e3o podem exceder, no primeiro semestre de ano eleitoral, a m\u00e9dia dos valores empenhados no mesmo per\u00edodo dos 3 anos anteriores de mandato. \u00c9 comum os Tribunais de Contas do estado terem material com orienta\u00e7\u00f5es para os gestores sobre como proceder nesse per\u00edodo.<\/p>\n<p>\t\t\t\t\t\t\t\t\t\t<img loading=\"lazy\" decoding=\"async\" src=\"https:\/\/brasil61.com\/api\/v1\/serve_pixel\/17677\/87294\" alt=\"Pixel Brasil 61\" class=\"b61_pixel\" width=\"0\" height=\"0\"><\/p>\n<input type=\"hidden\" id=\"baseurl\" value=\"https:\/\/noticiasdestaque.com.br\"><input type=\"hidden\" id=\"audio_nonce\" value=\"581f3017e1\">","protected":false},"excerpt":{"rendered":"<p>Fundadora e diretora-executiva da Transpar\u00eancia Eleitoral Brasil v\u00ea regras eleitorais como trava contra uso da m\u00e1quina p\u00fablica por incumbentes<\/p>\n","protected":false},"author":1,"featured_media":49430,"comment_status":"open","ping_status":"open","sticky":false,"template":"","format":"standard","meta":{"fifu_image_url":"","fifu_image_alt":"","footnotes":""},"categories":[50],"tags":[],"class_list":["post-49429","post","type-post","status-publish","format-standard","has-post-thumbnail","hentry","category-politica"],"distributor_meta":false,"distributor_terms":false,"distributor_media":false,"distributor_original_site_name":"Noticias em Destaque","distributor_original_site_url":"https:\/\/noticiasdestaque.com.br","push-errors":false,"_links":{"self":[{"href":"https:\/\/noticiasdestaque.com.br\/index.php\/wp-json\/wp\/v2\/posts\/49429","targetHints":{"allow":["GET"]}}],"collection":[{"href":"https:\/\/noticiasdestaque.com.br\/index.php\/wp-json\/wp\/v2\/posts"}],"about":[{"href":"https:\/\/noticiasdestaque.com.br\/index.php\/wp-json\/wp\/v2\/types\/post"}],"author":[{"embeddable":true,"href":"https:\/\/noticiasdestaque.com.br\/index.php\/wp-json\/wp\/v2\/users\/1"}],"replies":[{"embeddable":true,"href":"https:\/\/noticiasdestaque.com.br\/index.php\/wp-json\/wp\/v2\/comments?post=49429"}],"version-history":[{"count":0,"href":"https:\/\/noticiasdestaque.com.br\/index.php\/wp-json\/wp\/v2\/posts\/49429\/revisions"}],"wp:featuredmedia":[{"embeddable":true,"href":"https:\/\/noticiasdestaque.com.br\/index.php\/wp-json\/wp\/v2\/media\/49430"}],"wp:attachment":[{"href":"https:\/\/noticiasdestaque.com.br\/index.php\/wp-json\/wp\/v2\/media?parent=49429"}],"wp:term":[{"taxonomy":"category","embeddable":true,"href":"https:\/\/noticiasdestaque.com.br\/index.php\/wp-json\/wp\/v2\/categories?post=49429"},{"taxonomy":"post_tag","embeddable":true,"href":"https:\/\/noticiasdestaque.com.br\/index.php\/wp-json\/wp\/v2\/tags?post=49429"}],"curies":[{"name":"wp","href":"https:\/\/api.w.org\/{rel}","templated":true}]}}