{"id":49417,"date":"2026-01-25T18:20:00","date_gmt":"2026-01-25T21:20:00","guid":{"rendered":"https:\/\/noticiasdestaque.com.br\/index.php\/2026\/01\/25\/previsao-do-tempo-sudeste-tem-pontos-de-chuva-nesta-segunda-feira-26\/"},"modified":"2026-01-25T18:20:00","modified_gmt":"2026-01-25T21:20:00","slug":"previsao-do-tempo-sudeste-tem-pontos-de-chuva-nesta-segunda-feira-26","status":"publish","type":"post","link":"https:\/\/noticiasdestaque.com.br\/index.php\/2026\/01\/25\/previsao-do-tempo-sudeste-tem-pontos-de-chuva-nesta-segunda-feira-26\/","title":{"rendered":"PREVIS\u00c3O DO TEMPO: Sudeste tem pontos de chuva nesta segunda-feira (26)"},"content":{"rendered":"<p>\t\t\t\t\t\t\t\t\t\t\t<audio controls class=\"b61_audio_player\" data-noticia=\"87283\" src=\"https:\/\/brasil61.com\/rails\/active_storage\/blobs\/eyJfcmFpbHMiOnsibWVzc2FnZSI6IkJBaHBBK0hvQXc9PSIsImV4cCI6bnVsbCwicHVyIjoiYmxvYl9pZCJ9fQ==--8c05aeb5a046efb23c883d7b8cb80324e2e0dd35\/PTSD264326A\"><\/audio><\/p>\n<p>\u00a0<\/p>\n<\/p>\n<p>A <strong>segunda-feira (26)<\/strong> ser\u00e1 de <strong>instabilidade <\/strong>em parte da Regi\u00e3o Sudeste, com destaque para \u00e1reas do interior paulista e mineiro, al\u00e9m de chuva ao longo do dia no Rio de Janeiro e no Esp\u00edrito Santo.<\/p>\n<p>Em <strong>S\u00e3o Paulo<\/strong>, as <strong>chuvas <\/strong>mais intensas se concentram no norte e nordeste do estado, especialmente nos munic\u00edpios de S\u00e3o Joaquim da Barra, Palestina e Colina, regi\u00f5es que abrangem \u00e1reas da Alta Mogiana e do norte paulista. Nessas localidades, a previs\u00e3o \u00e9 de pancadas de chuva mais expressivas ao longo do dia.<\/p>\n<p>J\u00e1 em <strong>Minas Gerais<\/strong>, o tempo segue com <strong>muitas nuvens e possibilidade de pancadas de chuva <\/strong>acompanhadas de trovoadas isoladas. A instabilidade atinge munic\u00edpios do Tri\u00e2ngulo Mineiro e do Alto Parana\u00edba, como Monte Alegre de Minas, Prata e Perdizes.<\/p>\n<p>No <strong>Rio de Janeiro e no Esp\u00edrito Santo<\/strong>, a expectativa \u00e9 de <strong>muitas nuvens com pancadas de chuva <\/strong>ao longo do dia, atingindo tanto \u00e1reas do litoral quanto do interior dos dois estados.<\/p>\n<p>Entre as capitais, a temperatura m\u00ednima prevista \u00e9 de 16\u00b0C, em Belo Horizonte. J\u00e1 a m\u00e1xima pode chegar at\u00e9 29\u00b0C, no Rio de Janeiro. A \u00a0umidade relativa do ar varia entre 60% e 100%.<\/p>\n<h2>5 motivos para acompanhar as previs\u00f5es do tempo<\/h2>\n<ul>\n<li>Agricultura: garantia de uma boa colheita;<\/li>\n<li>Marinha: prote\u00e7\u00e3o de marinheiros, navios e passageiros;<\/li>\n<li>Aeron\u00e1utica: seguran\u00e7a de pilotos, aeronaves e passageiros;<\/li>\n<li>Pesca: condi\u00e7\u00f5es favor\u00e1veis e seguras para a atividade;<\/li>\n<li>Turismo: garantia de passeios e viagens tranquilas e agrad\u00e1veis.<\/li>\n<\/ul>\n<h2>Import\u00e2ncia das observa\u00e7\u00f5es meteorol\u00f3gicas no INMET<\/h2>\n<p>As observa\u00e7\u00f5es meteorol\u00f3gicas do <a href=\"https:\/\/portal.inmet.gov.br\/\">INMET <\/a>s\u00e3o essenciais para previs\u00f5es em tempo real, estat\u00edsticas clim\u00e1ticas e coopera\u00e7\u00e3o internacional. Esses dados precisos ajudam a estudar o clima passado e a produzir Normais Climatol\u00f3gicas conforme a <strong>Organiza\u00e7\u00e3o Meteorol\u00f3gica Mundial <\/strong>(<a href=\"https:\/\/worldweather.wmo.int\/pt\/home.html\">OMM<\/a>).<\/p>\n<p>As informa\u00e7\u00f5es s\u00e3o do <strong>Instituto Nacional de Meteorologia<\/strong> (<a href=\"https:\/\/portal.inmet.gov.br\/\">Inmet<\/a>).<br \/>\n\u00a0<\/p>\n<p>\t\t\t\t\t\t\t\t\t\t<img loading=\"lazy\" decoding=\"async\" src=\"https:\/\/brasil61.com\/api\/v1\/serve_pixel\/17677\/87283\" alt=\"Pixel Brasil 61\" class=\"b61_pixel\" width=\"0\" height=\"0\"><\/p>\n<input type=\"hidden\" id=\"baseurl\" value=\"https:\/\/noticiasdestaque.com.br\"><input type=\"hidden\" id=\"audio_nonce\" value=\"581f3017e1\">","protected":false},"excerpt":{"rendered":"<p>Em S\u00e3o Paulo, as chuvas mais intensas se concentram no norte e nordeste do estado, especialmente nos munic\u00edpios de S\u00e3o Joaquim da Barra, Palestina e Colina, regi\u00f5es que abrangem \u00e1reas da Alta Mogiana e do norte paulista. Nessas localidades, a previs\u00e3o \u00e9 de pancadas de chuva mais expressivas ao longo do dia<\/p>\n","protected":false},"author":1,"featured_media":49418,"comment_status":"open","ping_status":"open","sticky":false,"template":"","format":"standard","meta":{"fifu_image_url":"","fifu_image_alt":"","footnotes":""},"categories":[58],"tags":[],"class_list":["post-49417","post","type-post","status-publish","format-standard","has-post-thumbnail","hentry","category-cotidiano"],"distributor_meta":false,"distributor_terms":false,"distributor_media":false,"distributor_original_site_name":"Noticias em Destaque","distributor_original_site_url":"https:\/\/noticiasdestaque.com.br","push-errors":false,"_links":{"self":[{"href":"https:\/\/noticiasdestaque.com.br\/index.php\/wp-json\/wp\/v2\/posts\/49417","targetHints":{"allow":["GET"]}}],"collection":[{"href":"https:\/\/noticiasdestaque.com.br\/index.php\/wp-json\/wp\/v2\/posts"}],"about":[{"href":"https:\/\/noticiasdestaque.com.br\/index.php\/wp-json\/wp\/v2\/types\/post"}],"author":[{"embeddable":true,"href":"https:\/\/noticiasdestaque.com.br\/index.php\/wp-json\/wp\/v2\/users\/1"}],"replies":[{"embeddable":true,"href":"https:\/\/noticiasdestaque.com.br\/index.php\/wp-json\/wp\/v2\/comments?post=49417"}],"version-history":[{"count":0,"href":"https:\/\/noticiasdestaque.com.br\/index.php\/wp-json\/wp\/v2\/posts\/49417\/revisions"}],"wp:featuredmedia":[{"embeddable":true,"href":"https:\/\/noticiasdestaque.com.br\/index.php\/wp-json\/wp\/v2\/media\/49418"}],"wp:attachment":[{"href":"https:\/\/noticiasdestaque.com.br\/index.php\/wp-json\/wp\/v2\/media?parent=49417"}],"wp:term":[{"taxonomy":"category","embeddable":true,"href":"https:\/\/noticiasdestaque.com.br\/index.php\/wp-json\/wp\/v2\/categories?post=49417"},{"taxonomy":"post_tag","embeddable":true,"href":"https:\/\/noticiasdestaque.com.br\/index.php\/wp-json\/wp\/v2\/tags?post=49417"}],"curies":[{"name":"wp","href":"https:\/\/api.w.org\/{rel}","templated":true}]}}