{"id":49413,"date":"2026-01-25T04:00:00","date_gmt":"2026-01-25T07:00:00","guid":{"rendered":"https:\/\/noticiasdestaque.com.br\/index.php\/2026\/01\/25\/2026-comeca-com-mudancas-tributarias-e-nova-tabela-do-imposto-de-renda-confira-datas-valores-e-aliquotas\/"},"modified":"2026-01-27T22:37:51","modified_gmt":"2026-01-28T01:37:51","slug":"2026-comeca-com-mudancas-tributarias-e-nova-tabela-do-imposto-de-renda-confira-datas-valores-e-aliquotas","status":"publish","type":"post","link":"https:\/\/noticiasdestaque.com.br\/index.php\/2026\/01\/25\/2026-comeca-com-mudancas-tributarias-e-nova-tabela-do-imposto-de-renda-confira-datas-valores-e-aliquotas\/","title":{"rendered":"2026 come\u00e7a com mudan\u00e7as tribut\u00e1rias e nova tabela do Imposto de Renda; confira datas, valores e al\u00edquotas"},"content":{"rendered":"<p>\t\t\t\t\t\t\t\t\t\t<audio controls class=\"b61_audio_player\" data-noticia=\"87249\" src=\"https:\/\/brasil61.com\/rails\/active_storage\/blobs\/eyJfcmFpbHMiOnsibWVzc2FnZSI6IkJBaHBBNzduQXc9PSIsImV4cCI6bnVsbCwicHVyIjoiYmxvYl9pZCJ9fQ==--abd7022d1ce8b4551f02bf36941b5c0e10da01b8\/BRAS2615642A\"><\/audio><\/p>\n<p><strong>O ano de 2026 come\u00e7ou com importantes novidades na \u00e1rea tribut\u00e1ria, envolvendo tanto a implementa\u00e7\u00e3o da Reforma Tribut\u00e1ria quanto altera\u00e7\u00f5es na tabela do Imposto de Renda. Entre os principais pontos est\u00e1 a isen\u00e7\u00e3o integral do imposto para contribuintes que recebem at\u00e9 R$ 5 mil por m\u00eas.<\/strong><\/p>\n<h2>Fase inicial da Reforma Tribut\u00e1ria<\/h2>\n<p><strong>No que diz respeito \u00e0 reforma do sistema tribut\u00e1rio brasileiro, entrou em vigor, j\u00e1 em janeiro, uma fase de testes para adapta\u00e7\u00e3o dos contribuintes \u00e0s novas regras. Nessa etapa inicial, foi institu\u00edda uma al\u00edquota simb\u00f3lica total de 1% sobre a circula\u00e7\u00e3o de bens e servi\u00e7os<\/strong>, distribu\u00edda da seguinte forma:<\/p>\n<ul>\n<li>0,9% para a Contribui\u00e7\u00e3o sobre Bens e Servi\u00e7os (CBS);<\/li>\n<li>0,1% para o Imposto sobre Bens e Servi\u00e7os (IBS).<\/li>\n<\/ul>\n<p>De acordo com o que prev\u00ea a legisla\u00e7\u00e3o, essa mudan\u00e7a n\u00e3o representa aumento da carga tribut\u00e1ria. Os valores recolhidos a t\u00edtulo de CBS e IBS poder\u00e3o ser compensados integralmente com os montantes pagos mensalmente pelas empresas referentes ao PIS e \u00e0 Cofins.<\/p>\n<p>Na pr\u00e1tica, ocorre o pagamento de um novo tributo, mas esse valor \u00e9 abatido das guias dos impostos antigos, mantendo o desembolso total inalterado. O objetivo dessa fase \u00e9 testar o funcionamento do recolhimento simult\u00e2neo entre Uni\u00e3o, estados e munic\u00edpios. Ainda em 2026, tamb\u00e9m ser\u00e1 necess\u00e1rio adaptar os softwares de gest\u00e3o e os sistemas de emiss\u00e3o de documentos fiscais.<\/p>\n<p><a href=\"https:\/\/brasil61.com\/n\/cfem-94-dos-municipios-brasileiros-receberam-recursos-da-cfem-em-2025-bras2615627\" target=\"_blank\">CFEM: 94% dos munic\u00edpios brasileiros receberam recursos da CFEM em 2025<\/a><\/p>\n<p><a href=\"https:\/\/brasil61.com\/n\/portaria-especifica-regras-para-execucao-de-emendas-parlamentares-por-parte-dos-municipios-bras2615633\" target=\"_blank\">Portaria especifica regras para execu\u00e7\u00e3o de emendas parlamentares por parte dos munic\u00edpios<\/a><\/p>\n<p><strong>A partir de julho de 2026, pessoas f\u00edsicas consideradas contribuintes habituais do IBS e da CBS dever\u00e3o se inscrever no Cadastro Nacional da Pessoa Jur\u00eddica (CNPJ). \u00c9 importante ressaltar que essa medida n\u00e3o transforma a pessoa f\u00edsica em empresa, tendo como finalidade apenas facilitar a apura\u00e7\u00e3o e o controle fiscal.<\/strong><\/p>\n<p>O advogado especialista em direito tribut\u00e1rio, Matheus Almeida, explica que as regras definitivas da reforma tribut\u00e1ria ainda n\u00e3o est\u00e3o sendo aplicadas efetivamente. Segundo ele, o que est\u00e1 sendo implementado nessa fase de transi\u00e7\u00e3o s\u00e3o as regulamenta\u00e7\u00f5es complementares, os ajustes nos sistemas das empresas, entre outros pontos espec\u00edficos.\u00a0<\/p>\n<p>Na avalia\u00e7\u00e3o de Almeida, apesar de nesse primeiro momento n\u00e3o haver ind\u00edcios de aumento da carga tribut\u00e1ria para o contribuinte, \u00e9 importante ficar atento \u00e0s pr\u00f3ximas fases, quando s\u00e3o ser\u00e3o debatidas novas regulamenta\u00e7\u00f5es, por exemplo.<\/p>\n<p>\u201cEnt\u00e3o, n\u00e3o \u00e9 uma mudan\u00e7a brusca e imediata para o contribuinte. O discurso oficial do governo \u00e9 de neutralidade, de n\u00e3o ter um aumento efetivo da carga tribut\u00e1ria. Mas, essa preocupa\u00e7\u00e3o existe sim em todos os contribuintes, porque ainda tem algumas coisas no escuro, que v\u00e3o depender de regulamenta\u00e7\u00e3o, de consolida\u00e7\u00e3o das receitas dos estados, dos munic\u00edpios\u201d, afirma.<\/p>\n<p>\u201c\u00c9 importante que os contribuintes, que os empres\u00e1rios, nesse momento de transi\u00e7\u00e3o, acompanhem de perto, revisem contrato, estrutura societ\u00e1ria, regime tribut\u00e1rio, porque esse novo modelo muda a l\u00f3gica do cr\u00e9dito, do d\u00e9bito, dos impostos, da compensa\u00e7\u00e3o desses tributos. \u00c9 necess\u00e1rio fazer um planejamento tribut\u00e1rio, especialmente para saber sobre a tomada de cr\u00e9dito, para que a empresa tenha n\u00e3o s\u00f3 uma vantagem competitiva, mas, acima de tudo, para que ela sobreviva a essa transi\u00e7\u00e3o\u201d, recomenda Almeida.\u00a0<\/p>\n<p>\n:root{<br \/>\n    &#8211;amarelo:#F8BE09;<br \/>\n    &#8211;grafite:#2F2F2F;<br \/>\n    &#8211;grid:#e6ebf2;<\/p>\n<p>    &#8211;ok-bg:#e9f7ee;   &#8211;ok-bd:#a8e0bd;   &#8211;ok-tx:#0f4d26;<br \/>\n    &#8211;blue-bg:#e9efff; &#8211;blue-bd:#b7c8ff; &#8211;blue-tx:#0b2a6a;<br \/>\n    &#8211;warn-bg:#fff4d6; &#8211;warn-bd:#ffd36a; &#8211;warn-tx:#5a3b00;<br \/>\n    &#8211;danger-bg:#ffe9e9;&#8211;danger-bd:#ffb3b3;&#8211;danger-tx:#7f1d1d;<\/p>\n<p>    &#8211;bar-bg:#f4f6f9;<br \/>\n    &#8211;bar-bd:#d6dde8;<br \/>\n    &#8211;bar-tx:#2F2F2F;<br \/>\n  }<\/p>\n<p>  .rt-wrap{<br \/>\n    width:100%;<br \/>\n    overflow:hidden;<br \/>\n  }<\/p>\n<p>  .rt-table{<br \/>\n    display:grid;<br \/>\n    grid-template-columns: 130px repeat(8, 1fr);<br \/>\n    width:100%;<br \/>\n    min-width:0; \/* permite encolher *\/<br \/>\n    border:1px solid var(&#8211;grid);<br \/>\n    border-radius:12px;<br \/>\n    background:#fff;<br \/>\n  }<\/p>\n<p>  .rt-th, .rt-td, .rt-lb{<br \/>\n    padding:8px 6px;<br \/>\n    border-bottom:1px solid var(&#8211;grid);<br \/>\n    border-left:1px solid var(&#8211;grid);<br \/>\n    display:flex;<br \/>\n    align-items:center;<br \/>\n    justify-content:center;<br \/>\n    font-weight:700;<br \/>\n    font-size:12px;<br \/>\n    line-height:1.1;<br \/>\n  }<\/p>\n<p>  .rt-th{<br \/>\n    font-weight:900;<br \/>\n    color:var(&#8211;grafite);<br \/>\n    background:#fff;<br \/>\n  }<\/p>\n<p>  .rt-th:first-child,<br \/>\n  .rt-lb{<br \/>\n    border-left:none;<br \/>\n    justify-content:flex-start;<br \/>\n  }<\/p>\n<p>  .rt-lb{ font-weight:900; }<\/p>\n<p>  .pill{<br \/>\n    font-size:11px;<br \/>\n    font-weight:900;<br \/>\n    padding:3px 7px;<br \/>\n    border-radius:999px;<br \/>\n    background:rgba(248,190,9,.22);<br \/>\n    border:1px solid rgba(248,190,9,.65);<br \/>\n    color:#111;<br \/>\n    white-space:nowrap;<br \/>\n  }<\/p>\n<p>  .chip{<br \/>\n    width:100%;<br \/>\n    max-width:115px;<br \/>\n    padding:6px 5px;<br \/>\n    border-radius:9px;<br \/>\n    border:1px solid rgba(47,47,47,.12);<br \/>\n    background:#f5f7fa;<br \/>\n    color:var(&#8211;grafite);<br \/>\n    font-weight:900;<br \/>\n    font-size:11.5px;<br \/>\n    text-align:center;<br \/>\n    line-height:1.1;<br \/>\n  }<\/p>\n<p>  .chip.ok{ background:var(&#8211;ok-bg); border-color:var(&#8211;ok-bd); color:var(&#8211;ok-tx); }<br \/>\n  .chip.blue{ background:var(&#8211;blue-bg); border-color:var(&#8211;blue-bd); color:var(&#8211;blue-tx); }<br \/>\n  .chip.warn{ background:var(&#8211;warn-bg); border-color:var(&#8211;warn-bd); color:var(&#8211;warn-tx); }<br \/>\n  .chip.danger{ background:var(&#8211;danger-bg); border-color:var(&#8211;danger-bd); color:var(&#8211;danger-tx); }<\/p>\n<p>  .empty{<br \/>\n    width:85%;<br \/>\n    height:8px;<br \/>\n    border-radius:999px;<br \/>\n    background:repeating-linear-gradient(<br \/>\n      90deg,<br \/>\n      #e9edf3,<br \/>\n      #e9edf3 8px,<br \/>\n      #f4f6fa 8px,<br \/>\n      #f4f6fa 14px<br \/>\n    );<br \/>\n  }<\/p>\n<p>  .rt-bar{<br \/>\n    width:100%;<br \/>\n    padding:8px 10px;<br \/>\n    border-radius:10px;<br \/>\n    background:linear-gradient(90deg, var(&#8211;bar-bg), #ffffff);<br \/>\n    border:1px solid var(&#8211;bar-bd);<br \/>\n    color:var(&#8211;bar-tx);<br \/>\n    font-weight:900;<br \/>\n    font-size:12px;<br \/>\n    text-align:center;<br \/>\n    line-height:1.1;<br \/>\n  }<\/p>\n<div class=\"rt-wrap\">\n<div class=\"rt-table\"><!-- Cabe\u00e7alho --><\/p>\n<div class=\"rt-th\">Tributos<\/div>\n<div class=\"rt-th\">2026<\/div>\n<div class=\"rt-th\">2027<\/div>\n<div class=\"rt-th\">2028<\/div>\n<div class=\"rt-th\">2029<\/div>\n<div class=\"rt-th\">2030<\/div>\n<div class=\"rt-th\">2031<\/div>\n<div class=\"rt-th\">2032<\/div>\n<div class=\"rt-th\">2033<\/div>\n<p><!-- ICMS --><\/p>\n<div class=\"rt-lb\"><span class=\"pill\">ICMS<\/span><\/div>\n<div class=\"rt-td\"><span class=\"chip ok\">Sem altera\u00e7\u00e3o<\/span><\/div>\n<div class=\"rt-td\"><span class=\"chip ok\">Sem altera\u00e7\u00e3o<\/span><\/div>\n<div class=\"rt-td\"><span class=\"chip ok\">Sem altera\u00e7\u00e3o<\/span><\/div>\n<div class=\"rt-td\"><span class=\"chip blue\">90%<\/span><\/div>\n<div class=\"rt-td\"><span class=\"chip blue\">80%<\/span><\/div>\n<div class=\"rt-td\"><span class=\"chip blue\">70%<\/span><\/div>\n<div class=\"rt-td\"><span class=\"chip blue\">60%<\/span><\/div>\n<div class=\"rt-td\"><span class=\"chip danger\">Extin\u00e7\u00e3o<\/span><\/div>\n<p><!-- ISS --><\/p>\n<div class=\"rt-lb\"><span class=\"pill\">ISS<\/span><\/div>\n<div class=\"rt-td\"><span class=\"chip ok\">Sem altera\u00e7\u00e3o<\/span><\/div>\n<div class=\"rt-td\"><span class=\"chip ok\">Sem altera\u00e7\u00e3o<\/span><\/div>\n<div class=\"rt-td\"><span class=\"chip ok\">Sem altera\u00e7\u00e3o<\/span><\/div>\n<div class=\"rt-td\"><span class=\"chip blue\">90%<\/span><\/div>\n<div class=\"rt-td\"><span class=\"chip blue\">80%<\/span><\/div>\n<div class=\"rt-td\"><span class=\"chip blue\">70%<\/span><\/div>\n<div class=\"rt-td\"><span class=\"chip blue\">60%<\/span><\/div>\n<div class=\"rt-td\"><span class=\"chip danger\">Extin\u00e7\u00e3o<\/span><\/div>\n<p><!-- IPI --><\/p>\n<div class=\"rt-lb\"><span class=\"pill\">IPI<\/span><\/div>\n<div class=\"rt-td\"><span class=\"chip ok\">Sem alt.<\/span><\/div>\n<div class=\"rt-td\"><span class=\"chip warn\">Al\u00edquota zero<br \/>\n+ IPI ZFM<\/span><\/div>\n<div class=\"rt-td\"><span class=\"chip blue\">IPI ZFM<\/span><\/div>\n<div class=\"rt-td\"><span class=\"chip blue\">IPI ZFM<\/span><\/div>\n<div class=\"rt-td\"><span class=\"chip blue\">IPI ZFM<\/span><\/div>\n<div class=\"rt-td\"><span class=\"chip blue\">IPI ZFM<\/span><\/div>\n<div class=\"rt-td\"><span class=\"chip blue\">IPI ZFM<\/span><\/div>\n<div class=\"rt-td\"><span class=\"chip blue\">IPI ZFM<\/span><\/div>\n<p><!-- PIS --><\/p>\n<div class=\"rt-lb\"><span class=\"pill\">PIS<\/span><\/div>\n<div class=\"rt-td\"><span class=\"chip ok\">Sem alt.<\/span><\/div>\n<div class=\"rt-td\"><span class=\"chip danger\">Extin\u00e7\u00e3o<\/span><\/div>\n<div class=\"rt-td\">\u00a0<\/div>\n<div class=\"rt-td\">\u00a0<\/div>\n<div class=\"rt-td\">\u00a0<\/div>\n<div class=\"rt-td\">\u00a0<\/div>\n<div class=\"rt-td\">\u00a0<\/div>\n<div class=\"rt-td\">\u00a0<\/div>\n<p><!-- COFINS --><\/p>\n<div class=\"rt-lb\"><span class=\"pill\">COFINS<\/span><\/div>\n<div class=\"rt-td\"><span class=\"chip ok\">Sem alt.<\/span><\/div>\n<div class=\"rt-td\"><span class=\"chip danger\">Extin\u00e7\u00e3o<\/span><\/div>\n<div class=\"rt-td\">\u00a0<\/div>\n<div class=\"rt-td\">\u00a0<\/div>\n<div class=\"rt-td\">\u00a0<\/div>\n<div class=\"rt-td\">\u00a0<\/div>\n<div class=\"rt-td\">\u00a0<\/div>\n<div class=\"rt-td\">\u00a0<\/div>\n<p><!-- IBS --><\/p>\n<div class=\"rt-lb\"><span class=\"pill\">IBS<\/span><\/div>\n<div class=\"rt-td\"><span class=\"chip warn\">0,1%<\/span><\/div>\n<div class=\"rt-td\"><span class=\"chip warn\">0,1%<\/span><\/div>\n<div class=\"rt-td\"><span class=\"chip warn\">0,1%<\/span><\/div>\n<div class=\"rt-td\" style=\"grid-column:5 \/ 10\">\n<div class=\"rt-bar\">Al\u00edquota a ser definida pelo TCU e Senado Federal<\/div>\n<\/div>\n<p><!-- IS --><\/p>\n<div class=\"rt-lb\"><span class=\"pill\">IS<\/span><\/div>\n<div class=\"rt-td\">\u00a0<\/div>\n<div class=\"rt-td\" style=\"grid-column:3 \/ 10\">\n<div class=\"rt-bar\">Al\u00edquota a ser definida pelo TCU e Senado Federal<\/div>\n<\/div>\n<p><!-- CBS --><\/p>\n<div class=\"rt-lb\"><span class=\"pill\">CBS<\/span><\/div>\n<div class=\"rt-td\"><span class=\"chip warn\">0,9%<\/span><\/div>\n<div class=\"rt-td\" style=\"grid-column:3 \/ 10\">\n<div class=\"rt-bar\">Al\u00edquota a ser definida pelo TCU e Senado Federal<\/div>\n<\/div>\n<\/div>\n<\/div>\n<p style=\"margin-top:12px;font-size:0.9em;color:#555\"><strong>Fonte:\u00a0<\/strong>Serasa Experian<\/p>\n<h2>Produtores rurais<\/h2>\n<p><strong>Para os produtores rurais, est\u00e1 prevista isen\u00e7\u00e3o total para faturamento anual de at\u00e9 R$ 3,6 milh\u00f5es. Aqueles que ultrapassarem esse limite passar\u00e3o a contribuir de forma gradual com o Imposto sobre Valor Agregado (IVA), cuja al\u00edquota estimada pode chegar a 28%, frente aos cerca de 5% praticados atualmente.<\/strong><\/p>\n<h2>Confira as principais etapas da transi\u00e7\u00e3o:<\/h2>\n<section aria-labelledby=\"br61-rtb-title\" class=\"br61-rtb\">\n<div class=\"br61-rtb__list\" role=\"list\">\n<div class=\"br61-rtb__item\" role=\"listitem\">\n<div class=\"br61-rtb__card\">\n<h3 class=\"br61-rtb__year\">2026 (fase inicial)<\/h3>\n<p class=\"br61-rtb__text\">cobran\u00e7a de teste da al\u00edquota de 1% (0,9% CBS e 0,1% IBS). PIS e Cofins permanecem em vigor, com possibilidade de compensa\u00e7\u00e3o dos valores recolhidos no teste.<\/p>\n<\/div>\n<\/div>\n<div class=\"br61-rtb__item\" role=\"listitem\">\n<div class=\"br61-rtb__card\">\n<h3 class=\"br61-rtb__year\">2027<\/h3>\n<p class=\"br61-rtb__text\">extin\u00e7\u00e3o definitiva do PIS e da Cofins. A CBS passa a vigorar com al\u00edquota cheia, estimada em cerca de 8,8%. O IPI \u00e9 zerado para a maioria dos produtos, com exce\u00e7\u00e3o dos fabricados na Zona Franca de Manaus.<\/p>\n<\/div>\n<\/div>\n<div class=\"br61-rtb__item\" role=\"listitem\">\n<div class=\"br61-rtb__card\">\n<h3 class=\"br61-rtb__year\">2029 a 2032<\/h3>\n<p class=\"br61-rtb__text\">transi\u00e7\u00e3o gradual para estados e munic\u00edpios, com redu\u00e7\u00e3o progressiva do ICMS e do ISS e aumento proporcional do IBS:<\/p>\n<ul class=\"br61-rtb__bullets\">\n<li><strong>2029:<\/strong> 90% ICMS\/ISS e 10% IBS;<\/li>\n<li><strong>2030:<\/strong> 80% ICMS\/ISS e 20% IBS;<\/li>\n<li>Os percentuais seguem sendo ajustados at\u00e9 a invers\u00e3o completa.<\/li>\n<\/ul>\n<\/div>\n<\/div>\n<div class=\"br61-rtb__item\" role=\"listitem\">\n<div class=\"br61-rtb__card\">\n<h3 class=\"br61-rtb__year\">2033<\/h3>\n<p class=\"br61-rtb__text\">entrada em vigor do sistema definitivo, com extin\u00e7\u00e3o total do ICMS e do ISS e aplica\u00e7\u00e3o integral da al\u00edquota plena do novo modelo tribut\u00e1rio.<\/p>\n<\/div>\n<\/div>\n<\/div>\n<\/section>\n<p>.br61-rtb{<br \/>\n    &#8211;br61-yellow:#FFB400;<br \/>\n    &#8211;ink:#1b1b1b;<br \/>\n    &#8211;border:#e7e7e7;<br \/>\n    &#8211;card:#fff;<\/p>\n<p>    font-family: system-ui, -apple-system, Segoe UI, Roboto, Helvetica, Arial, sans-serif;<br \/>\n    color: var(&#8211;ink);<br \/>\n    max-width: 700px;<br \/>\n    margin: 18px auto;<br \/>\n    padding: 0 0 18px;<\/p>\n<p>    \/* MUITO IMPORTANTE: evita recorte por layout\/float do tema *\/<br \/>\n    clear: both;<br \/>\n    position: relative;<br \/>\n    z-index: 1;<br \/>\n  }<\/p>\n<p>  \/* Reset forte dentro do componente para escapar do CSS global do tema *\/<br \/>\n  .br61-rtb, .br61-rtb *{<br \/>\n    box-sizing: border-box !important;<br \/>\n    max-width: 100% !important;<br \/>\n    overflow: visible !important;<br \/>\n    height: auto !important;<br \/>\n    min-height: 0 !important;<br \/>\n    overflow-wrap: anywhere !important;<br \/>\n  }<\/p>\n<p>  .br61-rtb__title{<br \/>\n    margin: 0 0 14px;<br \/>\n    font-size: 20px;<br \/>\n    line-height: 1.25;<br \/>\n    font-weight: 700;<br \/>\n    padding-bottom: 6px;<br \/>\n    border-bottom: 4px solid var(&#8211;br61-yellow);<br \/>\n    display: inline-block;<br \/>\n  }<\/p>\n<p>  .br61-rtb__list{<br \/>\n    display: grid;<br \/>\n    gap: 14px;<br \/>\n  }<\/p>\n<p>  .br61-rtb__item{<br \/>\n    display: block;<br \/>\n  }<\/p>\n<p>  .br61-rtb__card{<br \/>\n    background: var(&#8211;card);<br \/>\n    border: 1px solid var(&#8211;border);<br \/>\n    border-radius: 16px;<br \/>\n    padding: 16px 18px;<\/p>\n<p>    \/* Sem sombra externa (n\u00e3o h\u00e1 o que cortar) *\/<br \/>\n    box-shadow: none;<\/p>\n<p>    \/* Profundidade interna discreta *\/<br \/>\n    background-image: linear-gradient(180deg, rgba(0,0,0,.02), transparent 45%);<br \/>\n    box-shadow:<br \/>\n      inset 0 1px 0 rgba(255,255,255,.90),<br \/>\n      inset 0 -1px 0 rgba(0,0,0,.05);<\/p>\n<p>    border-bottom-color: rgba(0,0,0,.10);<br \/>\n  }<\/p>\n<p>  .br61-rtb__year{<br \/>\n    margin: 0 0 8px;<br \/>\n    font-size: 18px;<br \/>\n    font-weight: 700;<br \/>\n    line-height: 1.2;<br \/>\n    letter-spacing: .2px;<br \/>\n  }<\/p>\n<p>  .br61-rtb__text{<br \/>\n    margin: 0;<br \/>\n    font-size: 15px;<br \/>\n    line-height: 1.6;<br \/>\n    color: var(&#8211;ink);<br \/>\n  }<\/p>\n<p>  .br61-rtb__bullets{<br \/>\n    margin: 10px 0 0 18px;<br \/>\n    padding: 0;<br \/>\n    display: grid;<br \/>\n    gap: 6px;<br \/>\n    font-size: 15px;<br \/>\n    line-height: 1.6;<br \/>\n    color: var(&#8211;ink);<br \/>\n  }<\/p>\n<p>  .br61-rtb__bullets li::marker{<br \/>\n    color: var(&#8211;br61-yellow);<br \/>\n  }<\/p>\n<h2>Mudan\u00e7as na tabela do Imposto de Renda<\/h2>\n<p><strong>Al\u00e9m das altera\u00e7\u00f5es relacionadas \u00e0 Reforma Tribut\u00e1ria, tamb\u00e9m entraram em vigor, em 1\u00ba de janeiro de 2026, mudan\u00e7as na tabela do Imposto de Renda. As novas regras isentam integralmente quem recebe at\u00e9 R$ 5 mil mensais e preveem redu\u00e7\u00e3o gradual do imposto para rendas de at\u00e9 R$ 7.350.<\/strong><\/p>\n<p>Para compensar a perda de arrecada\u00e7\u00e3o, o governo aumentar\u00e1 a tributa\u00e7\u00e3o sobre o que considera altas rendas, a partir de R$ 600 mil anuais. A al\u00edquota ser\u00e1 progressiva, partindo de 0% e chegando a 10% para rendimentos superiores a R$ 1,2 milh\u00e3o por ano, incluindo dividendos.<\/p>\n<p>Apesar do al\u00edvio para a popula\u00e7\u00e3o que recebe at\u00e9 R$ 5 mil, o advogado tributarista Marco Ant\u00f4nio Ruzene avalia que a medida gera preocupa\u00e7\u00e3o quanto aos impactos na arrecada\u00e7\u00e3o p\u00fablica e ao risco de desequil\u00edbrio fiscal no curto prazo.<\/p>\n<p>\u201cO projeto implica uma ren\u00fancia fiscal e representa uma perda relevante de arrecada\u00e7\u00e3o. Diante do escalonamento proposto para a cobran\u00e7a desses tributos, com in\u00edcio apenas em 2026 para os dividendos, parte da receita compensat\u00f3ria ser\u00e1 adiada, o que pode gerar um desequil\u00edbrio tempor\u00e1rio. A compensa\u00e7\u00e3o precisa ser suficiente no m\u00e9dio prazo, mas, no curto prazo, pode haver impacto na arrecada\u00e7\u00e3o\u201d, afirma.<\/p>\n<p><strong>A partir de 2027, a proposta \u00e9 conceder isen\u00e7\u00e3o do Imposto de Renda Pessoa F\u00edsica anual, com base no ano-calend\u00e1rio de 2026, para contribuintes com rendimentos tribut\u00e1veis de at\u00e9 R$ 60 mil. <\/strong>Aqueles com rendimentos entre R$ 60.000,01 e R$ 88.200 contar\u00e3o com redu\u00e7\u00e3o parcial do imposto, de forma decrescente conforme o aumento da renda. Confira as tabelas:<\/p>\n<h2 style=\"margin-bottom:8px\">Tabela de isen\u00e7\u00e3o e redu\u00e7\u00e3o do IR mensal<\/h2>\n<p style=\"margin-top:0;margin-bottom:16px;color:#555\"><strong>Ano-base:<\/strong> 2026<\/p>\n<table border=\"1\" style=\"width:100%;border-collapse:collapse\">\n<thead>\n<tr>\n<th>Rendimentos tribut\u00e1veis mensais<\/th>\n<th>Redu\u00e7\u00e3o do imposto<\/th>\n<\/tr>\n<\/thead>\n<tbody>\n<tr>\n<td>At\u00e9 R$ 5 mil<\/td>\n<td>At\u00e9 R$ 312,89, zerando o imposto<\/td>\n<\/tr>\n<tr>\n<td>De R$ 5.000,01 a R$ 7.350<\/td>\n<td>R$ 978,62 \u2013 (0,133145 \u00d7 renda mensal), at\u00e9 zerar para quem ganha R$ 7.350<\/td>\n<\/tr>\n<tr>\n<td>A partir de R$ 7.350,01<\/td>\n<td>Sem redu\u00e7\u00e3o<\/td>\n<\/tr>\n<\/tbody>\n<\/table>\n<p style=\"margin-top:12px;font-size:0.9em;color:#555\"><strong>Fonte:<\/strong> Receita Federal<\/p>\n<p>\u00a0<\/p>\n<h2 style=\"margin-bottom:8px\">Tabela mensal do Imposto de Renda<\/h2>\n<p style=\"margin-top:0;margin-bottom:4px;color:#555\"><strong>Ano:<\/strong> 2026<\/p>\n<p style=\"margin-top:0;margin-bottom:16px\"><strong>Para rendas acima de R$ 7.350<\/strong><\/p>\n<table border=\"1\" style=\"width:100%;border-collapse:collapse\">\n<thead>\n<tr>\n<th>Base de c\u00e1lculo mensal<\/th>\n<th>Al\u00edquota<\/th>\n<th>Dedu\u00e7\u00e3o<\/th>\n<\/tr>\n<\/thead>\n<tbody>\n<tr>\n<td>At\u00e9 R$ 2.428,80<\/td>\n<td>Isento<\/td>\n<td>&#8211;<\/td>\n<\/tr>\n<tr>\n<td>De R$ 2.428,81 a R$ 2.826,65<\/td>\n<td>7,5%<\/td>\n<td>R$ 182,16<\/td>\n<\/tr>\n<tr>\n<td>De R$ 2.826,66 a R$ 3.751,05<\/td>\n<td>15%<\/td>\n<td>R$ 394,16<\/td>\n<\/tr>\n<tr>\n<td>De R$ 3.751,06 a R$ 4.664,68<\/td>\n<td>22,5%<\/td>\n<td>R$ 675,49<\/td>\n<\/tr>\n<tr>\n<td>Acima de R$ 4.664,68<\/td>\n<td>27,5%<\/td>\n<td>R$ 908,73<\/td>\n<\/tr>\n<\/tbody>\n<\/table>\n<p style=\"margin-top:12px;font-size:0.9em;color:#555\"><strong>Fonte:<\/strong> Receita Federal<\/p>\n<p>\u00a0<\/p>\n<h2 style=\"margin-bottom:8px\">Tabela anual de isen\u00e7\u00e3o e redu\u00e7\u00e3o do IR<\/h2>\n<p style=\"margin-top:0;margin-bottom:4px;color:#555\"><strong>Declara\u00e7\u00e3o:<\/strong> 2027<\/p>\n<p style=\"margin-top:0;margin-bottom:16px;color:#555\"><strong>Ano-calend\u00e1rio:<\/strong> 2026<\/p>\n<table border=\"1\" style=\"width:100%;border-collapse:collapse\">\n<thead>\n<tr>\n<th>Rendimentos tribut\u00e1veis anuais<\/th>\n<th>Redu\u00e7\u00e3o do imposto<\/th>\n<\/tr>\n<\/thead>\n<tbody>\n<tr>\n<td>At\u00e9 R$ 60 mil<\/td>\n<td>At\u00e9 R$ 2.694,15, zerando o imposto<\/td>\n<\/tr>\n<tr>\n<td>De R$ 60.000,01 a R$ 88.200<\/td>\n<td>R$ 8.429,73 \u2013 (0,095575 \u00d7 renda anual), at\u00e9 zerar para quem ganha R$ 88.200<\/td>\n<\/tr>\n<tr>\n<td>A partir de R$ 88.200,01<\/td>\n<td>Sem redu\u00e7\u00e3o<\/td>\n<\/tr>\n<\/tbody>\n<\/table>\n<p style=\"margin-top:12px;font-size:0.9em;color:#555\"><strong>Fonte:<\/strong> Receita Federal<\/p>\n<p>\u00a0<\/p>\n<h2 style=\"margin-bottom:12px\">Tabela anual do Imposto de Renda<\/h2>\n<p style=\"margin-top:0;margin-bottom:16px;color:#555\"><strong>Ano:<\/strong> 2026<\/p>\n<table border=\"1\" style=\"width:100%;border-collapse:collapse\">\n<thead>\n<tr>\n<th>Base de c\u00e1lculo anual<\/th>\n<th>Al\u00edquota<\/th>\n<th>Dedu\u00e7\u00e3o<\/th>\n<\/tr>\n<\/thead>\n<tbody>\n<tr>\n<td>At\u00e9 R$ 28.467,20<\/td>\n<td>Isento<\/td>\n<td>&#8211;<\/td>\n<\/tr>\n<tr>\n<td>De R$ 28.467,21 a R$ 33.919,80<\/td>\n<td>7,5%<\/td>\n<td>R$ 2.135,04<\/td>\n<\/tr>\n<tr>\n<td>De R$ 33.919,81 a R$ 45.012,60<\/td>\n<td>15%<\/td>\n<td>R$ 4.679,03<\/td>\n<\/tr>\n<tr>\n<td>De R$ 45.012,61 a R$ 55.976,16<\/td>\n<td>22,5%<\/td>\n<td>R$ 8.054,97<\/td>\n<\/tr>\n<tr>\n<td>Acima de R$ 55.976,16<\/td>\n<td>27,5%<\/td>\n<td>R$ 10.853,78<\/td>\n<\/tr>\n<\/tbody>\n<\/table>\n<p style=\"margin-top:12px;font-size:0.9em;color:#555\"><strong>Fonte:<\/strong> Receita Federal<\/p>\n<p>As novas regras j\u00e1 valem para os sal\u00e1rios pagos desde janeiro, com impacto percebido a partir dos pagamentos realizados em fevereiro. As mudan\u00e7as ser\u00e3o refletidas na Declara\u00e7\u00e3o do Imposto de Renda Pessoa F\u00edsica de 2027, que considera os rendimentos obtidos ao longo de 2026.<br \/>\n\u00a0<\/p>\n<p>\t\t\t\t\t\t\t\t\t<img loading=\"lazy\" decoding=\"async\" src=\"https:\/\/brasil61.com\/api\/v1\/serve_pixel\/17677\/87249\" alt=\"Pixel Brasil 61\" class=\"b61_pixel\" width=\"0\" height=\"0\"><\/p>\n<input type=\"hidden\" id=\"baseurl\" value=\"https:\/\/noticiasdestaque.com.br\"><input type=\"hidden\" id=\"audio_nonce\" value=\"581f3017e1\">","protected":false},"excerpt":{"rendered":"<p>Nessa etapa inicial da Reforma Tribut\u00e1ria, foi institu\u00edda uma al\u00edquota simb\u00f3lica total de 1% sobre a circula\u00e7\u00e3o de bens e servi\u00e7os<\/p>\n","protected":false},"author":1,"featured_media":49521,"comment_status":"open","ping_status":"open","sticky":false,"template":"","format":"standard","meta":{"fifu_image_url":"","fifu_image_alt":"","footnotes":""},"categories":[59],"tags":[],"class_list":["post-49413","post","type-post","status-publish","format-standard","has-post-thumbnail","hentry","category-economia"],"distributor_meta":false,"distributor_terms":false,"distributor_media":false,"distributor_original_site_name":"Noticias em Destaque","distributor_original_site_url":"https:\/\/noticiasdestaque.com.br","push-errors":false,"_links":{"self":[{"href":"https:\/\/noticiasdestaque.com.br\/index.php\/wp-json\/wp\/v2\/posts\/49413","targetHints":{"allow":["GET"]}}],"collection":[{"href":"https:\/\/noticiasdestaque.com.br\/index.php\/wp-json\/wp\/v2\/posts"}],"about":[{"href":"https:\/\/noticiasdestaque.com.br\/index.php\/wp-json\/wp\/v2\/types\/post"}],"author":[{"embeddable":true,"href":"https:\/\/noticiasdestaque.com.br\/index.php\/wp-json\/wp\/v2\/users\/1"}],"replies":[{"embeddable":true,"href":"https:\/\/noticiasdestaque.com.br\/index.php\/wp-json\/wp\/v2\/comments?post=49413"}],"version-history":[{"count":2,"href":"https:\/\/noticiasdestaque.com.br\/index.php\/wp-json\/wp\/v2\/posts\/49413\/revisions"}],"predecessor-version":[{"id":49485,"href":"https:\/\/noticiasdestaque.com.br\/index.php\/wp-json\/wp\/v2\/posts\/49413\/revisions\/49485"}],"wp:featuredmedia":[{"embeddable":true,"href":"https:\/\/noticiasdestaque.com.br\/index.php\/wp-json\/wp\/v2\/media\/49521"}],"wp:attachment":[{"href":"https:\/\/noticiasdestaque.com.br\/index.php\/wp-json\/wp\/v2\/media?parent=49413"}],"wp:term":[{"taxonomy":"category","embeddable":true,"href":"https:\/\/noticiasdestaque.com.br\/index.php\/wp-json\/wp\/v2\/categories?post=49413"},{"taxonomy":"post_tag","embeddable":true,"href":"https:\/\/noticiasdestaque.com.br\/index.php\/wp-json\/wp\/v2\/tags?post=49413"}],"curies":[{"name":"wp","href":"https:\/\/api.w.org\/{rel}","templated":true}]}}