{"id":4938,"date":"2022-12-22T11:51:20","date_gmt":"2022-12-22T14:51:20","guid":{"rendered":"https:\/\/noticiasdestaque.com.br\/index.php\/2022\/12\/22\/flavio-dino-recua-de-nomeacao-e-anuncia-novo-comandante-da-prf\/"},"modified":"2022-12-22T11:51:20","modified_gmt":"2022-12-22T14:51:20","slug":"flavio-dino-recua-de-nomeacao-e-anuncia-novo-comandante-da-prf","status":"publish","type":"post","link":"https:\/\/noticiasdestaque.com.br\/index.php\/2022\/12\/22\/flavio-dino-recua-de-nomeacao-e-anuncia-novo-comandante-da-prf\/","title":{"rendered":"Fl\u00e1vio Dino recua de nomea\u00e7\u00e3o e anuncia novo comandante da PRF"},"content":{"rendered":"<style> bloco.meta {font-style: italic; color: #666;font-weight: 600;font-size: .8em; \/* line-height: .3em; *\/}  text h2 { font-weight: 700 !important;  color: #062f46 !important;} text img { width: none; left: none;}<\/style>\n<\/p>\n<p>Menos de 24 horas depois de anunciar o novo comandante da Pol\u00edcia Rodovi\u00e1ria Federal (PRF), o futuro ministro da Justi\u00e7a e Seguran\u00e7a P\u00fablica, Fl\u00e1vio Dino, recuou da nomea\u00e7\u00e3o. Agora, o policial rodovi\u00e1rio Ant\u00f4nio Fernando Oliveira assumir\u00e1 a Dire\u00e7\u00e3o-Geral do \u00f3rg\u00e3o, no lugar do Secret\u00e1rio de Controle e Transpar\u00eancia do Esp\u00edrito Santo, Edmar Moreira Camata.<\/p>\n<p>Advogado e policial rodovi\u00e1rio federal, Ant\u00f4nio Fernando Oliveira \u00e9 p\u00f3s-graduado em direito tribut\u00e1rio e mestrando em ci\u00eancias jur\u00eddicas pela Universidade Aut\u00f3noma de Lisboa (UAL).<\/p>\n<p>Ele suceder\u00e1 o diretor-executivo e diretor-geral substituto da PRF, Marco Ant\u00f4nio Territo de Barros, que comandar\u00e1 o \u00f3rg\u00e3o at\u00e9 o fim de dezembro, <a href=\"https:\/\/agenciabrasil.ebc.com.br\/justica\/noticia\/2022-12\/diretor-geral-da-prf-e-exonerado-do-cargo\" target=\"_blank\" rel=\"noopener\">ap\u00f3s a exonera\u00e7\u00e3o ontem<\/a> (20) do diretor-geral Silvinei Vasques, r\u00e9u por improbidade administrativa por pedir votos a Bolsonaro durante o segundo turno da campanha presidencial.<\/p>\n<h2>Cr\u00edticas<\/h2>\n<p>Fl\u00e1vio Dino fez o an\u00fancio h\u00e1 pouco no Centro Cultural Banco do Brasil (CCBB), onde funciona o Gabinete de Transi\u00e7\u00e3o. A <a href=\"https:\/\/agenciabrasil.ebc.com.br\/politica\/noticia\/2022-12\/secretario-de-transparencia-do-espirito-santo-comandara-prf\" target=\"_blank\" rel=\"noopener\">indica\u00e7\u00e3o de Camata<\/a> recebeu cr\u00edticas de setores do PT e de partidos aliados ao presidente eleito, Luiz In\u00e1cio Lula da Silva, por causa da atua\u00e7\u00e3o do delegado em defesa da Opera\u00e7\u00e3o Lava Jato e de postagens em redes sociais elogiando, em 2018, a pris\u00e3o de Lula.<\/p>\n<p>Servidor concursado da PRF, Camata \u00e9 mestre em Pol\u00edticas Anticorrup\u00e7\u00e3o pela Universidade de Salamanca, com especializa\u00e7\u00f5es em Gest\u00e3o Integrada em Seguran\u00e7a P\u00fablica e em Minist\u00e9rio P\u00fablico e Defesa da Ordem Jur\u00eddica. Nos anos 2000, criou o Movimento de Combate \u00e0 Corrup\u00e7\u00e3o Eleitoral (MCCE), organiza\u00e7\u00e3o n\u00e3o-governamental que participou da campanha \u201c10 Medidas contra a Corrup\u00e7\u00e3o\u201d, impulsionada pelo ex-procurador Deltan Dallagnol.<\/p>\n<p>Ao anunciar a troca, Fl\u00e1vio Dino disse que a decis\u00e3o ocorreu porque as cr\u00edticas afetariam o trabalho de Camata. &#8220;A quest\u00e3o \u00e9 que n\u00e3o foi um julgamento sobre o que ele achava [da Lava Jato], mas em face da pol\u00eamica, claro que no futuro [Camata] n\u00e3o teria condi\u00e7\u00f5es para se dedicar como n\u00f3s gostar\u00edamos&#8221;, justificou.<\/p>\n<p>Quando anunciou o nome de Camata, Dino disse que a indica\u00e7\u00e3o atendia a crit\u00e9rios t\u00e9cnicos. \u201c\u00c9 uma pessoa que tem amplo conhecimento da institui\u00e7\u00e3o, uma vez que j\u00e1 a integra h\u00e1 18 anos e, ao mesmo tempo, tem experi\u00eancia de gest\u00e3o\u201d, havia declarado ontem o futuro ministro da Justi\u00e7a.<\/p>\n<p class=\"alt-font font-italic my-2 small text-info\">\n                                                Edi\u00e7\u00e3o:   Denise Griesinger                    <\/p>\n<p>            <!-- blog End --><\/p>\n<p>            <!-- tag and share --><\/p>\n<p> Fonte: EBC <\/p>\n<input type=\"hidden\" id=\"baseurl\" value=\"https:\/\/noticiasdestaque.com.br\"><input type=\"hidden\" id=\"audio_nonce\" value=\"62ca87eee3\">","protected":false},"excerpt":{"rendered":"<p>Policial rodovi\u00e1rio Ant\u00f4nio Oliveira ser\u00e1 futuro diretor-geral<\/p>\n","protected":false},"author":1,"featured_media":4939,"comment_status":"open","ping_status":"open","sticky":false,"template":"","format":"standard","meta":{"fifu_image_url":"","fifu_image_alt":"","footnotes":""},"categories":[50],"tags":[],"class_list":["post-4938","post","type-post","status-publish","format-standard","has-post-thumbnail","hentry","category-politica"],"distributor_meta":false,"distributor_terms":false,"distributor_media":false,"distributor_original_site_name":"Portal de Recupera\u00e7\u00e3o","distributor_original_site_url":"https:\/\/portalderecuperacao.com","push-errors":false,"_links":{"self":[{"href":"https:\/\/noticiasdestaque.com.br\/index.php\/wp-json\/wp\/v2\/posts\/4938","targetHints":{"allow":["GET"]}}],"collection":[{"href":"https:\/\/noticiasdestaque.com.br\/index.php\/wp-json\/wp\/v2\/posts"}],"about":[{"href":"https:\/\/noticiasdestaque.com.br\/index.php\/wp-json\/wp\/v2\/types\/post"}],"author":[{"embeddable":true,"href":"https:\/\/noticiasdestaque.com.br\/index.php\/wp-json\/wp\/v2\/users\/1"}],"replies":[{"embeddable":true,"href":"https:\/\/noticiasdestaque.com.br\/index.php\/wp-json\/wp\/v2\/comments?post=4938"}],"version-history":[{"count":0,"href":"https:\/\/noticiasdestaque.com.br\/index.php\/wp-json\/wp\/v2\/posts\/4938\/revisions"}],"wp:featuredmedia":[{"embeddable":true,"href":"https:\/\/noticiasdestaque.com.br\/index.php\/wp-json\/wp\/v2\/media\/4939"}],"wp:attachment":[{"href":"https:\/\/noticiasdestaque.com.br\/index.php\/wp-json\/wp\/v2\/media?parent=4938"}],"wp:term":[{"taxonomy":"category","embeddable":true,"href":"https:\/\/noticiasdestaque.com.br\/index.php\/wp-json\/wp\/v2\/categories?post=4938"},{"taxonomy":"post_tag","embeddable":true,"href":"https:\/\/noticiasdestaque.com.br\/index.php\/wp-json\/wp\/v2\/tags?post=4938"}],"curies":[{"name":"wp","href":"https:\/\/api.w.org\/{rel}","templated":true}]}}