{"id":4936,"date":"2022-12-21T19:05:22","date_gmt":"2022-12-21T22:05:22","guid":{"rendered":"https:\/\/noticiasdestaque.com.br\/index.php\/2022\/12\/21\/aos-anos-morre-no-rio-de-janeiro-o-ator-pedro-paulo-rangel\/"},"modified":"2022-12-21T19:05:22","modified_gmt":"2022-12-21T22:05:22","slug":"aos-anos-morre-no-rio-de-janeiro-o-ator-pedro-paulo-rangel","status":"publish","type":"post","link":"https:\/\/noticiasdestaque.com.br\/index.php\/2022\/12\/21\/aos-anos-morre-no-rio-de-janeiro-o-ator-pedro-paulo-rangel\/","title":{"rendered":"Aos 74 anos, morre no Rio de Janeiro o ator Pedro Paulo Rangel"},"content":{"rendered":"<style> bloco.meta {font-style: italic; color: #666;font-weight: 600;font-size: .8em; \/* line-height: .3em; *\/}  text h2 { font-weight: 700 !important;  color: #062f46 !important;} text img { width: none; left: none;}<\/style>\n<\/p>\n<p>O ator Pedro Paulo Rangel morreu hoje (21), \u00e0s 5h40, na Casa de Sa\u00fade S\u00e3o Jos\u00e9, no Humait\u00e1, zona sul do Rio de Janeiro, onde estava internado desde o fim de outubro para tratar de uma descompensa\u00e7\u00e3o do quadro de enfisema pulmonar. O vel\u00f3rio do Pedro Paulo Rangel ser\u00e1 realizado amanh\u00e3 (22), no Theatro Municipal, a partir das 10h.<\/p>\n<p>Por causa da evolu\u00e7\u00e3o da doen\u00e7a, o ator de 74 anos precisou ser entubado na madrugada do \u00faltimo dia 10. Naquele dia a equipe m\u00e9dica que o atendia, considerou que o quadro cl\u00ednico do artista era delicado e inspirava cuidados.<\/p>\n<p>No dia 14, embora ainda estivesse com um quadro grave, a boa resposta ao antibi\u00f3tico e melhora dos resultados de exames de sangue levaram \u00e0 suspens\u00e3o da seda\u00e7\u00e3o \u201cna tentativa de retirada da ventila\u00e7\u00e3o mec\u00e2nica\u201d, informou um boletim m\u00e9dico.<\/p>\n<p>Depois de 48 horas da interrup\u00e7\u00e3o da seda\u00e7\u00e3o, Pedro Paulo Rangel come\u00e7ou a despertar e a equipe m\u00e9dica come\u00e7ou a avaliar a retirada do respirador. \u201cA resposta \u00e0 infec\u00e7\u00e3o \u00e9 positiva e sustentada nos \u00faltimos dias, por\u00e9m houve altera\u00e7\u00e3o da fun\u00e7\u00e3o renal. O quadro permanece grave\u201d, completou a equipe em novo boletim divulgado pela Casa de Sa\u00fade S\u00e3o Jos\u00e9, no dia 16.<\/p>\n<h2>Carreira<\/h2>\n<p>A trajet\u00f3ria de Pedro Paulo Rangel nas artes come\u00e7ou cedo. Ainda adolescente o filho dos funcion\u00e1rios p\u00fablicos Alzira Marques Rangel e L\u00e9lio Rangel, escreveu a pe\u00e7a <em>Quando os Pais Entram de F\u00e9rias<\/em>. Como ator foi convidado a participar do elenco da pe\u00e7a infantil <em>O Bruxo e a Rainha<\/em>, de Pedro Reis, na Igreja de Santa Terezinha, em Copacabana, na zona sul. L\u00e1 ele conheceu o ator Marco Nanini, com quem frequentou o curso de Forma\u00e7\u00e3o de Atores no Conservat\u00f3rio Nacional de Teatro, atual escola de teatro da UNIRIO.<\/p>\n<p>A primeira experi\u00eancia em teatro profissional foi em 1968, na pe\u00e7a <em>Roda Viva<\/em>, de Chico Buarque e com dire\u00e7\u00e3o de Jos\u00e9 Celso Martinez Corr\u00eaa, em S\u00e3o Paulo. O artista integrou ainda o Grupo Oficina e em 1969, atuou na pe\u00e7a <em>Galileo Galilei<\/em>, de Bertolt Brecht, tamb\u00e9m com dire\u00e7\u00e3o de Jos\u00e9 Celso.<\/p>\n<p>O primeiro papel protagonista foi em 1970, em <em>Jorginho, o Mach\u00e3o<\/em>, de Leilah Assump\u00e7\u00e3o, dirigido por Cl\u00f3vis Bueno. Dois anos depois fez a pe\u00e7a <em>Castro Alves Pede Passagem<\/em>, de Gianfrancesco Guarnieri, e voltou para o Rio de Janeiro.<\/p>\n<p>A atua\u00e7\u00e3o na pe\u00e7a <em>A Aurora da Minha Vida<\/em>, de Naum Alves de Sousa, lhe rendeu seu primeiro Pr\u00eamio Moli\u00e9re de melhor ator, em 1982. Depois disso recebeu mais dois: em 1989, por sua interpreta\u00e7\u00e3o em <em>Machado em Cena \u2013 Um Sarau Carioca<\/em>, de Lu\u00eds de Lima; e em 1994, no mon\u00f3logo <em>O Serm\u00e3o da Quarta-feira de Cinzas<\/em>, de Moacir Chaves, como o Padre Ant\u00f4nio Vieira.<\/p>\n<p>Na televis\u00e3o, o ator fez personagens memor\u00e1veis. A estreia foi em 1969 na Rede Tupi de S\u00e3o Paulo, no elenco da telenovela <em>Super Pl\u00e1<\/em> de Br\u00e1ulio Pedroso. Na mesma emissora atuou em outras duas novelas: <em>Toninho on The Rocks<\/em>, de Teixeira Filho, em 1970; e <em>Dinheiro Vivo<\/em>, de M\u00e1rio Prata, em 1979.<\/p>\n<p>Em 1972 come\u00e7ou na TV Globo e logo se destacou na novela <em>Bicho do Mato<\/em>, de Chico de Assis e Renato Corr\u00eaa e Castro. Em 1979 voltou \u00e0 Rede Tupi de S\u00e3o Paulo e dois anos depois retornou \u00e0 Rede Globo para uma infinidade de personagens com grandes destaques em novelas como <em>Gabriela<\/em>, <em>A Indomada<\/em> e <em>Pecado Capital<\/em>, al\u00e9m de miniss\u00e9ries como <em>Um S\u00f3 Cora\u00e7\u00e3o<\/em> e <em>Quinto dos Infernos<\/em>.<\/p>\n<p>Ainda na emissora, a carreira do ator passou pelos humor\u00edsticos <em>TV Pirata<\/em> e <em>Viva o Gordo<\/em>.<\/p>\n<h2>Repercuss\u00e3o<\/h2>\n<p>A morte do ator causou como\u00e7\u00e3o entre amigos. O autor de novelas e escritor Walcyr Carrasco, que escreveu a novela <em>O Cravo e a Rosa<\/em>, lamentou a perda. \u201cCumpriu sua miss\u00e3o aqui na terra o querido e talentoso ator Pedro Paulo Rangel, aos 74 anos. Uma grande perda! Sentiremos muitas saudades! Meus sentimentos aos amigos e familiares. V\u00e1 em paz, seu Calixto!\u201d, disse no seu perfil no Twitter, lembrando o nome do personagem que \u00e9 um dos maiores sucessos de Pedro Paulo.<\/p>\n<p>O ator, humorista e escritor Greg\u00f3rio Duvivier, disse que est\u00e1 triste com a partida do amigo. \u201cEra um ator delicioso de assistir. Coloria, com carisma infinito, qualquer cena. Emprestava humanidade a personagens coadjuvantes, sempre tridimensional. Inventou um jeito pr\u00f3prio de falar, meio afrancesado, mas muito carioca, hil\u00e1rio\u201d, postou no Twitter.<\/p>\n<p>Em entrevista \u00e0 Globonews, a atriz L\u00edlia Cabral disse que para ela, PP, como chamava o amigo, \u00e9 um dos maiores atores do Brasil. \u201cPP voc\u00ea vai fazer muita falta para muita gente\u201d, disse emocionada. Tamb\u00e9m ao canal, o ator Diogo Vilela contou que o amigo era um g\u00eanio. \u201c\u00c9 muito dif\u00edcil falar sobre o PP, para mim um g\u00eanio, um ator genial. Eu estou muito emocionado\u201d.<\/p>\n<p>O presidente eleito Luiz In\u00e1cio Lula da Silva tamb\u00e9m postou uma mensagem em seu perfil no Twitter. \u201cSoube agora da morte do ator Pedro Paulo Rangel. Uma triste perda para a dramaturgia brasileira. Pedro Paulo fez hist\u00f3ria nas novelas, no humor e nos teatros do pa\u00eds com seu talento e dedica\u00e7\u00e3o. Meu abra\u00e7o fraterno aos familiares, f\u00e3s e amigos\u201d.<\/p>\n<p><em>Mat\u00e9ria atualizada \u00e0s 17h39 para inclus\u00e3o de informa\u00e7\u00f5es sobre o vel\u00f3rio de Pedro Paulo Rangel.<\/em><\/p>\n<p class=\"alt-font font-italic my-2 small text-info\">\n                                                Edi\u00e7\u00e3o:   Denise Griesinger                    <\/p>\n<p>            <!-- blog End --><\/p>\n<p>            <!-- tag and share --><\/p>\n<p> Fonte: EBC <\/p>\n<input type=\"hidden\" id=\"baseurl\" value=\"https:\/\/noticiasdestaque.com.br\"><input type=\"hidden\" id=\"audio_nonce\" value=\"62ca87eee3\">","protected":false},"excerpt":{"rendered":"<p>Ele estava internado desde outubro pela evolu\u00e7\u00e3o de enfisema pulmonar<\/p>\n","protected":false},"author":1,"featured_media":4937,"comment_status":"open","ping_status":"open","sticky":false,"template":"","format":"standard","meta":{"fifu_image_url":"","fifu_image_alt":"","footnotes":""},"categories":[48],"tags":[],"class_list":["post-4936","post","type-post","status-publish","format-standard","has-post-thumbnail","hentry","category-mundo"],"distributor_meta":false,"distributor_terms":false,"distributor_media":false,"distributor_original_site_name":"Portal de Recupera\u00e7\u00e3o","distributor_original_site_url":"https:\/\/portalderecuperacao.com","push-errors":false,"_links":{"self":[{"href":"https:\/\/noticiasdestaque.com.br\/index.php\/wp-json\/wp\/v2\/posts\/4936","targetHints":{"allow":["GET"]}}],"collection":[{"href":"https:\/\/noticiasdestaque.com.br\/index.php\/wp-json\/wp\/v2\/posts"}],"about":[{"href":"https:\/\/noticiasdestaque.com.br\/index.php\/wp-json\/wp\/v2\/types\/post"}],"author":[{"embeddable":true,"href":"https:\/\/noticiasdestaque.com.br\/index.php\/wp-json\/wp\/v2\/users\/1"}],"replies":[{"embeddable":true,"href":"https:\/\/noticiasdestaque.com.br\/index.php\/wp-json\/wp\/v2\/comments?post=4936"}],"version-history":[{"count":0,"href":"https:\/\/noticiasdestaque.com.br\/index.php\/wp-json\/wp\/v2\/posts\/4936\/revisions"}],"wp:featuredmedia":[{"embeddable":true,"href":"https:\/\/noticiasdestaque.com.br\/index.php\/wp-json\/wp\/v2\/media\/4937"}],"wp:attachment":[{"href":"https:\/\/noticiasdestaque.com.br\/index.php\/wp-json\/wp\/v2\/media?parent=4936"}],"wp:term":[{"taxonomy":"category","embeddable":true,"href":"https:\/\/noticiasdestaque.com.br\/index.php\/wp-json\/wp\/v2\/categories?post=4936"},{"taxonomy":"post_tag","embeddable":true,"href":"https:\/\/noticiasdestaque.com.br\/index.php\/wp-json\/wp\/v2\/tags?post=4936"}],"curies":[{"name":"wp","href":"https:\/\/api.w.org\/{rel}","templated":true}]}}