{"id":49335,"date":"2026-01-22T18:30:00","date_gmt":"2026-01-22T21:30:00","guid":{"rendered":"https:\/\/noticiasdestaque.com.br\/index.php\/2026\/01\/22\/previsao-do-tempo-centro-oeste-tem-alerta-de-chuva-e-baixa-umidade-nesta-sexta-feira-23\/"},"modified":"2026-01-22T18:30:00","modified_gmt":"2026-01-22T21:30:00","slug":"previsao-do-tempo-centro-oeste-tem-alerta-de-chuva-e-baixa-umidade-nesta-sexta-feira-23","status":"publish","type":"post","link":"https:\/\/noticiasdestaque.com.br\/index.php\/2026\/01\/22\/previsao-do-tempo-centro-oeste-tem-alerta-de-chuva-e-baixa-umidade-nesta-sexta-feira-23\/","title":{"rendered":"PREVIS\u00c3O DO TEMPO: Centro-Oeste tem alerta de chuva e baixa umidade nesta sexta-feira (23)"},"content":{"rendered":"<p>\t\t\t\t\t\t\t\t\t\t\t<audio controls class=\"b61_audio_player\" data-noticia=\"87246\" src=\"https:\/\/brasil61.com\/rails\/active_storage\/blobs\/eyJfcmFpbHMiOnsibWVzc2FnZSI6IkJBaHBBNkxuQXc9PSIsImV4cCI6bnVsbCwicHVyIjoiYmxvYl9pZCJ9fQ==--76c9e36a44983712f1c332877545f26088755b7c\/PTCO264337A\"><\/audio><\/p>\n<p>\u00a0<\/p>\n<\/p>\n<p>O<strong> Instituto Nacional de Meteorologia<\/strong>, o <a href=\"https:\/\/portal.inmet.gov.br\/\">Inmet<\/a>, emitiu <strong>alerta de acumulado de chuva<\/strong> para Mato Grosso, Goi\u00e1s e o Distrito Federal, al\u00e9m de<strong> alerta de baixa umidade<\/strong> para Mato Grosso do Sul nesta sexta-feira (23).<\/p>\n<p>Em <strong>Mato Grosso<\/strong>, a <strong>instabilidade <\/strong>ganha for\u00e7a principalmente no noroeste do estado, onde os munic\u00edpios de Aripuan\u00e3, Colniza e Rondol\u00e2ndia registram chuva intensa ao longo do dia, com aumento da nebulosidade e pancadas persistentes.<\/p>\n<p>J\u00e1 em <strong>Mato Grosso do Sul<\/strong>, o <strong>tempo segue firme em grande parte do estado<\/strong>. A previs\u00e3o \u00e9 de tempo claro, especialmente no sul e sudoeste sul-mato-grossense, com destaque para Laguna Carapan\u00e3 e Novo Horizonte do Sul, onde o c\u00e9u permanece com poucas nuvens, condi\u00e7\u00e3o associada aos baixos \u00edndices de umidade do ar.<\/p>\n<p>Em <strong>Goi\u00e1s<\/strong>, as <strong>\u00e1reas de instabilidade se concentram na regi\u00e3o norte goiana<\/strong>, afetando os munic\u00edpios de Crix\u00e1s, Pilar de Goi\u00e1s e Niquel\u00e2ndia, que devem registrar aumento de nuvens e pancadas de chuva ao longo do dia.<\/p>\n<p>No <strong>Distrito Federal<\/strong>, a expectativa \u00e9 de<strong> muitas nuvens, com pancadas de chuva e trovoadas isoladas<\/strong>.<\/p>\n<p>Entre as capitais, a temperatura m\u00ednima prevista \u00e9 de 18\u00b0C, em Bras\u00edlia. J\u00e1 a m\u00e1xima deve chegar a 34\u00b0C, em Cuiab\u00e1. A umidade relativa do ar varia entre 30% e 100%.<\/p>\n<h2>5 motivos para acompanhar as previs\u00f5es do tempo<\/h2>\n<ul>\n<li>Agricultura: garantia de uma boa colheita;<\/li>\n<li>Marinha: prote\u00e7\u00e3o de marinheiros, navios e passageiros;<\/li>\n<li>Aeron\u00e1utica: seguran\u00e7a de pilotos, aeronaves e passageiros;<\/li>\n<li>Pesca: condi\u00e7\u00f5es favor\u00e1veis e seguras para a atividade;<\/li>\n<li>Turismo: garantia de passeios e viagens tranquilas e agrad\u00e1veis.<\/li>\n<\/ul>\n<h2>Import\u00e2ncia das observa\u00e7\u00f5es meteorol\u00f3gicas no INMET<\/h2>\n<p>As observa\u00e7\u00f5es meteorol\u00f3gicas do <a href=\"https:\/\/portal.inmet.gov.br\/\">INMET <\/a>s\u00e3o essenciais para previs\u00f5es em tempo real, estat\u00edsticas clim\u00e1ticas e coopera\u00e7\u00e3o internacional. Esses dados precisos ajudam a estudar o clima passado e a produzir Normais Climatol\u00f3gicas conforme a <strong>Organiza\u00e7\u00e3o Meteorol\u00f3gica Mundial<\/strong> (<a href=\"https:\/\/worldweather.wmo.int\/pt\/home.html\">OMM<\/a>).<\/p>\n<p>As informa\u00e7\u00f5es s\u00e3o do <strong>Instituto Nacional de Meteorologia<\/strong> (<a href=\"https:\/\/portal.inmet.gov.br\/\">Inmet<\/a>).<br \/>\n\u00a0<\/p>\n<p>\t\t\t\t\t\t\t\t\t\t<img loading=\"lazy\" decoding=\"async\" src=\"https:\/\/brasil61.com\/api\/v1\/serve_pixel\/17677\/87246\" alt=\"Pixel Brasil 61\" class=\"b61_pixel\" width=\"0\" height=\"0\"><\/p>\n<input type=\"hidden\" id=\"baseurl\" value=\"https:\/\/noticiasdestaque.com.br\"><input type=\"hidden\" id=\"audio_nonce\" value=\"6f73a554f1\">","protected":false},"excerpt":{"rendered":"<p>Em Mato Grosso, a instabilidade ganha for\u00e7a principalmente no noroeste do estado, onde os munic\u00edpios de Aripuan\u00e3, Colniza e Rondol\u00e2ndia registram chuva intensa ao longo do dia, com aumento da nebulosidade e pancadas persistentes<\/p>\n","protected":false},"author":1,"featured_media":49336,"comment_status":"open","ping_status":"open","sticky":false,"template":"","format":"standard","meta":{"fifu_image_url":"","fifu_image_alt":"","footnotes":""},"categories":[58],"tags":[],"class_list":["post-49335","post","type-post","status-publish","format-standard","has-post-thumbnail","hentry","category-cotidiano"],"distributor_meta":false,"distributor_terms":false,"distributor_media":false,"distributor_original_site_name":"Noticias em Destaque","distributor_original_site_url":"https:\/\/noticiasdestaque.com.br","push-errors":false,"_links":{"self":[{"href":"https:\/\/noticiasdestaque.com.br\/index.php\/wp-json\/wp\/v2\/posts\/49335","targetHints":{"allow":["GET"]}}],"collection":[{"href":"https:\/\/noticiasdestaque.com.br\/index.php\/wp-json\/wp\/v2\/posts"}],"about":[{"href":"https:\/\/noticiasdestaque.com.br\/index.php\/wp-json\/wp\/v2\/types\/post"}],"author":[{"embeddable":true,"href":"https:\/\/noticiasdestaque.com.br\/index.php\/wp-json\/wp\/v2\/users\/1"}],"replies":[{"embeddable":true,"href":"https:\/\/noticiasdestaque.com.br\/index.php\/wp-json\/wp\/v2\/comments?post=49335"}],"version-history":[{"count":0,"href":"https:\/\/noticiasdestaque.com.br\/index.php\/wp-json\/wp\/v2\/posts\/49335\/revisions"}],"wp:featuredmedia":[{"embeddable":true,"href":"https:\/\/noticiasdestaque.com.br\/index.php\/wp-json\/wp\/v2\/media\/49336"}],"wp:attachment":[{"href":"https:\/\/noticiasdestaque.com.br\/index.php\/wp-json\/wp\/v2\/media?parent=49335"}],"wp:term":[{"taxonomy":"category","embeddable":true,"href":"https:\/\/noticiasdestaque.com.br\/index.php\/wp-json\/wp\/v2\/categories?post=49335"},{"taxonomy":"post_tag","embeddable":true,"href":"https:\/\/noticiasdestaque.com.br\/index.php\/wp-json\/wp\/v2\/tags?post=49335"}],"curies":[{"name":"wp","href":"https:\/\/api.w.org\/{rel}","templated":true}]}}