{"id":49331,"date":"2026-01-22T18:10:00","date_gmt":"2026-01-22T21:10:00","guid":{"rendered":"https:\/\/noticiasdestaque.com.br\/index.php\/2026\/01\/22\/previsao-do-tempo-instabilidade-provoca-volumes-elevados-de-chuva-na-regiao-norte-nesta-sexta-feira-23\/"},"modified":"2026-01-22T18:10:00","modified_gmt":"2026-01-22T21:10:00","slug":"previsao-do-tempo-instabilidade-provoca-volumes-elevados-de-chuva-na-regiao-norte-nesta-sexta-feira-23","status":"publish","type":"post","link":"https:\/\/noticiasdestaque.com.br\/index.php\/2026\/01\/22\/previsao-do-tempo-instabilidade-provoca-volumes-elevados-de-chuva-na-regiao-norte-nesta-sexta-feira-23\/","title":{"rendered":"PREVIS\u00c3O DO TEMPO: Instabilidade provoca volumes elevados de chuva na Regi\u00e3o Norte nesta sexta-feira (23)"},"content":{"rendered":"<p>\t\t\t\t\t\t\t\t\t\t\t<audio controls class=\"b61_audio_player\" data-noticia=\"87243\" src=\"https:\/\/brasil61.com\/rails\/active_storage\/blobs\/eyJfcmFpbHMiOnsibWVzc2FnZSI6IkJBaHBBNlRuQXc9PSIsImV4cCI6bnVsbCwicHVyIjoiYmxvYl9pZCJ9fQ==--6ef48f2810ba20c4874a2204c73538bfef043067\/PTRN264683A\"><\/audio><\/p>\n<p>\u00a0<\/p>\n<\/p>\n<p>O <strong>Instituto Nacional de Meteorologia<\/strong> (<a href=\"https:\/\/portal.inmet.gov.br\/\">Inmet<\/a>) emitiu <strong>alerta de perigo para acumulado de chuva para os sete estados da regi\u00e3o Norte<\/strong> do pa\u00eds nesta sexta-feira.<\/p>\n<p>No<strong> Acre, em Rond\u00f4nia e no Amazonas<\/strong>, as <strong>precipita\u00e7\u00f5es <\/strong>ocorrem de forma intensa ao longo de todo o dia, com c\u00e9u encoberto e pancadas persistentes.<\/p>\n<p>Em <strong>Roraima<\/strong>, as <strong>chuvas <\/strong>mais fortes se concentram na regi\u00e3o sul do estado, atingindo os munic\u00edpios de Rorain\u00f3polis, Caracara\u00ed e Caroebe, onde os acumulados podem ser mais elevados.<\/p>\n<p>No <strong>Amap\u00e1<\/strong>, o dia ser\u00e1 <strong>inst\u00e1vel <\/strong>em todo o estado, com <strong>maior concentra\u00e7\u00e3o de chuva<\/strong> na regi\u00e3o central e oeste amapaense, especialmente na Serra do Navio, Cal\u00e7oene e Pedra Branca do Amapari.<\/p>\n<p>No <strong>Par\u00e1<\/strong>, a <strong>expectativa \u00e9 de muitas nuvens, com pancadas de chuva e trovoadas <\/strong>na regi\u00e3o sudoeste paraense, afetando os munic\u00edpios de Aveiro, Trair\u00e3o e Itaituba.<\/p>\n<p>J\u00e1 no <strong>Tocantins<\/strong>, a <strong>chuva <\/strong>atinge principalmente o centro-norte do estado, com registros em Tupirama, Palmeirante e Presidente Kennedy ao longo do dia.<\/p>\n<p>Entre as capitais, a temperatura m\u00ednima prevista \u00e9 de 23\u00b0C, em Rio Branco e Manaus. J\u00e1 a m\u00e1xima pode chegar a 35\u00b0C, em Boa Vista. A umidade relativa do ar varia entre 48% e 100%.<\/p>\n<h2>5 motivos para acompanhar as previs\u00f5es do tempo<\/h2>\n<ul>\n<li>Agricultura: garantia de uma boa colheita;<\/li>\n<li>Marinha: prote\u00e7\u00e3o de marinheiros, navios e passageiros;<\/li>\n<li>Aeron\u00e1utica: seguran\u00e7a de pilotos, aeronaves e passageiros;<\/li>\n<li>Pesca: condi\u00e7\u00f5es favor\u00e1veis e seguras para a atividade;<\/li>\n<li>Turismo: garantia de passeios e viagens tranquilas e agrad\u00e1veis.<\/li>\n<\/ul>\n<h2>Import\u00e2ncia das observa\u00e7\u00f5es meteorol\u00f3gicas no INMET<\/h2>\n<p>As observa\u00e7\u00f5es meteorol\u00f3gicas do <a href=\"https:\/\/portal.inmet.gov.br\/\">INMET <\/a>s\u00e3o essenciais para previs\u00f5es em tempo real, estat\u00edsticas clim\u00e1ticas e coopera\u00e7\u00e3o internacional. Esses dados precisos ajudam a estudar o clima passado e a produzir Normais Climatol\u00f3gicas conforme a <strong>Organiza\u00e7\u00e3o Meteorol\u00f3gica Mundial<\/strong> (<a href=\"https:\/\/worldweather.wmo.int\/pt\/home.html\">OMM<\/a>).<\/p>\n<p>As informa\u00e7\u00f5es s\u00e3o do <strong>Instituto Nacional de Meteorologia<\/strong> (<a href=\"https:\/\/portal.inmet.gov.br\/\">Inmet<\/a>).<br \/>\n\u00a0<\/p>\n<p>\t\t\t\t\t\t\t\t\t\t<img loading=\"lazy\" decoding=\"async\" src=\"https:\/\/brasil61.com\/api\/v1\/serve_pixel\/17677\/87243\" alt=\"Pixel Brasil 61\" class=\"b61_pixel\" width=\"0\" height=\"0\"><\/p>\n<input type=\"hidden\" id=\"baseurl\" value=\"https:\/\/noticiasdestaque.com.br\"><input type=\"hidden\" id=\"audio_nonce\" value=\"6f73a554f1\">","protected":false},"excerpt":{"rendered":"<p>No Acre, em Rond\u00f4nia e no Amazonas, as precipita\u00e7\u00f5es ocorrem de forma intensa ao longo de todo o dia, com c\u00e9u encoberto e pancadas persistentes<\/p>\n","protected":false},"author":1,"featured_media":49332,"comment_status":"open","ping_status":"open","sticky":false,"template":"","format":"standard","meta":{"fifu_image_url":"","fifu_image_alt":"","footnotes":""},"categories":[58],"tags":[],"class_list":["post-49331","post","type-post","status-publish","format-standard","has-post-thumbnail","hentry","category-cotidiano"],"distributor_meta":false,"distributor_terms":false,"distributor_media":false,"distributor_original_site_name":"Noticias em Destaque","distributor_original_site_url":"https:\/\/noticiasdestaque.com.br","push-errors":false,"_links":{"self":[{"href":"https:\/\/noticiasdestaque.com.br\/index.php\/wp-json\/wp\/v2\/posts\/49331","targetHints":{"allow":["GET"]}}],"collection":[{"href":"https:\/\/noticiasdestaque.com.br\/index.php\/wp-json\/wp\/v2\/posts"}],"about":[{"href":"https:\/\/noticiasdestaque.com.br\/index.php\/wp-json\/wp\/v2\/types\/post"}],"author":[{"embeddable":true,"href":"https:\/\/noticiasdestaque.com.br\/index.php\/wp-json\/wp\/v2\/users\/1"}],"replies":[{"embeddable":true,"href":"https:\/\/noticiasdestaque.com.br\/index.php\/wp-json\/wp\/v2\/comments?post=49331"}],"version-history":[{"count":0,"href":"https:\/\/noticiasdestaque.com.br\/index.php\/wp-json\/wp\/v2\/posts\/49331\/revisions"}],"wp:featuredmedia":[{"embeddable":true,"href":"https:\/\/noticiasdestaque.com.br\/index.php\/wp-json\/wp\/v2\/media\/49332"}],"wp:attachment":[{"href":"https:\/\/noticiasdestaque.com.br\/index.php\/wp-json\/wp\/v2\/media?parent=49331"}],"wp:term":[{"taxonomy":"category","embeddable":true,"href":"https:\/\/noticiasdestaque.com.br\/index.php\/wp-json\/wp\/v2\/categories?post=49331"},{"taxonomy":"post_tag","embeddable":true,"href":"https:\/\/noticiasdestaque.com.br\/index.php\/wp-json\/wp\/v2\/tags?post=49331"}],"curies":[{"name":"wp","href":"https:\/\/api.w.org\/{rel}","templated":true}]}}