{"id":49329,"date":"2026-01-22T18:00:00","date_gmt":"2026-01-22T21:00:00","guid":{"rendered":"https:\/\/noticiasdestaque.com.br\/index.php\/2026\/01\/22\/previsao-do-tempo-chuva-localizada-e-baixa-umidade-marcam-a-sexta-feira-23-no-nordeste\/"},"modified":"2026-01-22T18:00:00","modified_gmt":"2026-01-22T21:00:00","slug":"previsao-do-tempo-chuva-localizada-e-baixa-umidade-marcam-a-sexta-feira-23-no-nordeste","status":"publish","type":"post","link":"https:\/\/noticiasdestaque.com.br\/index.php\/2026\/01\/22\/previsao-do-tempo-chuva-localizada-e-baixa-umidade-marcam-a-sexta-feira-23-no-nordeste\/","title":{"rendered":"PREVIS\u00c3O DO TEMPO: Chuva localizada e baixa umidade marcam a sexta-feira (23) no Nordeste"},"content":{"rendered":"<p>\t\t\t\t\t\t\t\t\t\t\t<audio controls class=\"b61_audio_player\" data-noticia=\"87244\" src=\"https:\/\/brasil61.com\/rails\/active_storage\/blobs\/eyJfcmFpbHMiOnsibWVzc2FnZSI6IkJBaHBBNlBuQXc9PSIsImV4cCI6bnVsbCwicHVyIjoiYmxvYl9pZCJ9fQ==--26127092fe0175e431320cb99765c00208b92d2c\/PTND264933A\"><\/audio><\/p>\n<p>O <strong>Instituto Nacional de Meteorologia<\/strong>, o <a href=\"https:\/\/portal.inmet.gov.br\/\">Inmet<\/a>, emitiu <strong>alerta de acumulado de chuva<\/strong> para os estados do Maranh\u00e3o, Piau\u00ed e Bahia, al\u00e9m de<strong> alerta de baixa umidade<\/strong> para Piau\u00ed, Cear\u00e1, Rio Grande do Norte, Para\u00edba e Pernambuco.<\/p>\n<\/p>\n<p>No <strong>Maranh\u00e3o<\/strong>, as <strong>chuvas mais intensas<\/strong> devem ocorrer no centro-sul do estado, com destaque para os munic\u00edpios de Graja\u00fa, Itinga do Maranh\u00e3o e Santa Luzia, onde h\u00e1 previs\u00e3o de pancadas persistentes ao longo do dia.<\/p>\n<p>Na <strong>Bahia<\/strong>, as <strong>precipita\u00e7\u00f5es <\/strong>se concentram no oeste baiano, atingindo munic\u00edpios como S\u00e3o Desid\u00e9rio, Serra Dourada e Santa Rita de C\u00e1ssia, com aumento da nebulosidade e pancadas de chuva em v\u00e1rios momentos.<\/p>\n<p>J\u00e1 no <strong>Piau\u00ed<\/strong>, a expectativa \u00e9 de<strong> muitas nuvens em todo o estado, com possibilidade de chuva isolada<\/strong>, principalmente entre a tarde e a noite, apesar do alerta de baixa umidade em algumas \u00e1reas.<\/p>\n<p>No <strong>Cear\u00e1 e no Rio Grande do Norte<\/strong>, pode haver <strong>chuva isolada<\/strong> nas regi\u00f5es litor\u00e2neas, enquanto o interior permanece com tempo mais seco.<\/p>\n<p>Para a <strong>Para\u00edba, Pernambuco, Alagoas e Sergipe<\/strong>, a previs\u00e3o indica <strong>tempo claro e est\u00e1vel, com muitas nuvens<\/strong>, mas sem expectativa de chuva significativa ao longo do dia.<\/p>\n<p>Entre as capitais, a temperatura m\u00ednima prevista \u00e9 de 23\u00b0C em Macei\u00f3. J\u00e1 a m\u00e1xima pode chegar a 34\u00b0C, em Teresina. A umidade relativa do ar varia entre 45% e 95%.<\/p>\n<h2>5 motivos para acompanhar as previs\u00f5es do tempo<\/h2>\n<ul>\n<li>Agricultura: garantia de uma boa colheita;<\/li>\n<li>Marinha: prote\u00e7\u00e3o de marinheiros, navios e passageiros;<\/li>\n<li>Aeron\u00e1utica: seguran\u00e7a de pilotos, aeronaves e passageiros;<\/li>\n<li>Pesca: condi\u00e7\u00f5es favor\u00e1veis e seguras para a atividade;<\/li>\n<li>Turismo: garantia de passeios e viagens tranquilas e agrad\u00e1veis.<\/li>\n<\/ul>\n<h2>Import\u00e2ncia das observa\u00e7\u00f5es meteorol\u00f3gicas no INMET<\/h2>\n<p>As observa\u00e7\u00f5es meteorol\u00f3gicas do <a href=\"http:\/\/Import\u00e2ncia das observa\u00e7\u00f5es meteorol\u00f3gicas no INMET\">INMET <\/a>s\u00e3o essenciais para previs\u00f5es em tempo real, estat\u00edsticas clim\u00e1ticas e coopera\u00e7\u00e3o internacional. Esses dados precisos ajudam a estudar o clima passado e a produzir Normais Climatol\u00f3gicas conforme a <strong>Organiza\u00e7\u00e3o Meteorol\u00f3gica Mundial<\/strong> (<a href=\"https:\/\/worldweather.wmo.int\/pt\/home.html\">OMM<\/a>).<\/p>\n<p>As informa\u00e7\u00f5es s\u00e3o do<strong> Instituto Nacional de Meteorologia<\/strong> (<a href=\"http:\/\/Import\u00e2ncia das observa\u00e7\u00f5es meteorol\u00f3gicas no INMET\">Inmet<\/a>).<br \/>\n\u00a0<\/p>\n<p>\t\t\t\t\t\t\t\t\t\t<img loading=\"lazy\" decoding=\"async\" src=\"https:\/\/brasil61.com\/api\/v1\/serve_pixel\/17677\/87244\" alt=\"Pixel Brasil 61\" class=\"b61_pixel\" width=\"0\" height=\"0\"><\/p>\n<input type=\"hidden\" id=\"baseurl\" value=\"https:\/\/noticiasdestaque.com.br\"><input type=\"hidden\" id=\"audio_nonce\" value=\"6f73a554f1\">","protected":false},"excerpt":{"rendered":"<p>No Cear\u00e1 e no Rio Grande do Norte, pode haver chuva isolada nas regi\u00f5es litor\u00e2neas, enquanto o interior permanece com tempo mais seco<\/p>\n","protected":false},"author":1,"featured_media":49330,"comment_status":"open","ping_status":"open","sticky":false,"template":"","format":"standard","meta":{"fifu_image_url":"","fifu_image_alt":"","footnotes":""},"categories":[58],"tags":[],"class_list":["post-49329","post","type-post","status-publish","format-standard","has-post-thumbnail","hentry","category-cotidiano"],"distributor_meta":false,"distributor_terms":false,"distributor_media":false,"distributor_original_site_name":"Noticias em Destaque","distributor_original_site_url":"https:\/\/noticiasdestaque.com.br","push-errors":false,"_links":{"self":[{"href":"https:\/\/noticiasdestaque.com.br\/index.php\/wp-json\/wp\/v2\/posts\/49329","targetHints":{"allow":["GET"]}}],"collection":[{"href":"https:\/\/noticiasdestaque.com.br\/index.php\/wp-json\/wp\/v2\/posts"}],"about":[{"href":"https:\/\/noticiasdestaque.com.br\/index.php\/wp-json\/wp\/v2\/types\/post"}],"author":[{"embeddable":true,"href":"https:\/\/noticiasdestaque.com.br\/index.php\/wp-json\/wp\/v2\/users\/1"}],"replies":[{"embeddable":true,"href":"https:\/\/noticiasdestaque.com.br\/index.php\/wp-json\/wp\/v2\/comments?post=49329"}],"version-history":[{"count":0,"href":"https:\/\/noticiasdestaque.com.br\/index.php\/wp-json\/wp\/v2\/posts\/49329\/revisions"}],"wp:featuredmedia":[{"embeddable":true,"href":"https:\/\/noticiasdestaque.com.br\/index.php\/wp-json\/wp\/v2\/media\/49330"}],"wp:attachment":[{"href":"https:\/\/noticiasdestaque.com.br\/index.php\/wp-json\/wp\/v2\/media?parent=49329"}],"wp:term":[{"taxonomy":"category","embeddable":true,"href":"https:\/\/noticiasdestaque.com.br\/index.php\/wp-json\/wp\/v2\/categories?post=49329"},{"taxonomy":"post_tag","embeddable":true,"href":"https:\/\/noticiasdestaque.com.br\/index.php\/wp-json\/wp\/v2\/tags?post=49329"}],"curies":[{"name":"wp","href":"https:\/\/api.w.org\/{rel}","templated":true}]}}