{"id":49319,"date":"2026-01-22T13:00:00","date_gmt":"2026-01-22T16:00:00","guid":{"rendered":"https:\/\/noticiasdestaque.com.br\/index.php\/2026\/01\/22\/2025-foi-o-7o-ano-mais-quente-no-brasil-desde-1961-segundo-inmet\/"},"modified":"2026-01-22T13:00:00","modified_gmt":"2026-01-22T16:00:00","slug":"2025-foi-o-7o-ano-mais-quente-no-brasil-desde-1961-segundo-inmet","status":"publish","type":"post","link":"https:\/\/noticiasdestaque.com.br\/index.php\/2026\/01\/22\/2025-foi-o-7o-ano-mais-quente-no-brasil-desde-1961-segundo-inmet\/","title":{"rendered":"2025 foi o 7\u00ba ano mais quente no Brasil desde 1961, segundo Inmet"},"content":{"rendered":"<p>\t\t\t\t\t\t\t\t\t\t\t<audio controls class=\"b61_audio_player\" data-noticia=\"87236\" src=\"https:\/\/brasil61.com\/rails\/active_storage\/blobs\/eyJfcmFpbHMiOnsibWVzc2FnZSI6IkJBaHBBOGptQXc9PSIsImV4cCI6bnVsbCwicHVyIjoiYmxvYl9pZCJ9fQ==--3cc3e45a03713a5c742e6b31832daf498b3d4489\/BRAS2615638A\"><\/audio><\/p>\n<p>Durante o <strong>ano de 2025<\/strong>, o Brasil apresentou a <strong>s\u00e9tima temperatura m\u00e9dia anual mais alta<\/strong> desde o in\u00edcio da s\u00e9rie hist\u00f3rica das observa\u00e7\u00f5es nas esta\u00e7\u00f5es meteorol\u00f3gicas do<strong> Instituto Nacional de Meteorologia<\/strong> (Inmet), em 1961. O <strong>valor m\u00e9dio de 2025 foi de 24,56\u00baC<\/strong>, <strong>0,33\u00baC acima da m\u00e9dia<\/strong> hist\u00f3rica.<\/p>\n<p>Segundo o Inmet, embora 2025 tenha sido o <strong>terceiro ano mais quente da hist\u00f3ria em escala global<\/strong>, a posi\u00e7\u00e3o observada no Brasil \u00e9 considerada <strong>coerente<\/strong> <strong>no cen\u00e1rio continental<\/strong>. Isso porque dados recentes da Administra\u00e7\u00e3o Nacional Oce\u00e2nica e Atmosf\u00e9rica dos Estados Unidos (NOAA) indicaram que o ano <strong>foi o sexto mais quente da Am\u00e9rica do Sul<\/strong>, refor\u00e7ando a conson\u00e2ncia com o cen\u00e1rio brasileiro.<\/p>\n<p>O r<strong>ecorde brasileiro de ano mais quente<\/strong> segue sendo <strong>2024<\/strong>, com temperatura anual m\u00e9dia de <strong>25,02\u00b0C (0,79\u00b0C acima da m\u00e9dia)<\/strong>, seguido por <strong>2023<\/strong>. Diferentemente do ano passado, essas duas posi\u00e7\u00f5es est\u00e3o <strong>de acordo com a escala global<\/strong>, tendo sido confirmadas pela Organiza\u00e7\u00e3o Meteorol\u00f3gica Mundial (<strong>OMM<\/strong>) e o Servi\u00e7o de Mudan\u00e7as Clim\u00e1ticas <strong>Copernicus<\/strong> da Uni\u00e3o Europeia.<\/p>\n<p><strong>10 maiores temperaturas m\u00e9dias anuais no Brasil<\/strong> (1961 &#8211; 2025):<\/p>\n<ol>\n<li>2024 \u2014 25,02\u00baC<\/li>\n<li>2023 \u2014 24,92\u00baC<\/li>\n<li>2015 \u2014 24,89\u00baC<\/li>\n<li>2019 \u2014 24,83\u00baC<\/li>\n<li>2016 \u2014 24,66\u00baC<\/li>\n<li>1998 \u2014 24,61\u00baC<\/li>\n<li><b>2025 \u2014 24,56\u00baC<\/b><\/li>\n<li>2017 \u2014 24,48\u00baC<\/li>\n<li>2012 \u2014 24,45\u00baC<\/li>\n<li>2020 \u2014 24,43\u00baC<\/li>\n<\/ol>\n<p>\u00a0<\/p>\n<p>O Inmet destaca que 2025, de modo geral, foi marcado pelo predom\u00ednio de <strong>temperaturas acima da m\u00e9dia<\/strong> em <strong>grande parte do pa\u00eds<\/strong>, com os <strong>maiores valores observados no Paran\u00e1, Mato Grosso, sul do Par\u00e1 e em grande parte da Regi\u00e3o Nordeste<\/strong>.<\/p>\n<p>As informa\u00e7\u00f5es s\u00e3o do Instituto Nacional de Meteorologia.<\/p>\n<p>\t\t\t\t\t\t\t\t\t\t<img loading=\"lazy\" decoding=\"async\" src=\"https:\/\/brasil61.com\/api\/v1\/serve_pixel\/17677\/87236\" alt=\"Pixel Brasil 61\" class=\"b61_pixel\" width=\"0\" height=\"0\"><\/p>\n<input type=\"hidden\" id=\"baseurl\" value=\"https:\/\/noticiasdestaque.com.br\"><input type=\"hidden\" id=\"audio_nonce\" value=\"6f73a554f1\">","protected":false},"excerpt":{"rendered":"<p>Temperatura m\u00e9dia do pa\u00eds esteve 0,3\u00baC acima da m\u00e9dia, sendo a s\u00e9tima maior da s\u00e9rie hist\u00f3rica<\/p>\n","protected":false},"author":1,"featured_media":49320,"comment_status":"open","ping_status":"open","sticky":false,"template":"","format":"standard","meta":{"fifu_image_url":"","fifu_image_alt":"","footnotes":""},"categories":[58],"tags":[],"class_list":["post-49319","post","type-post","status-publish","format-standard","has-post-thumbnail","hentry","category-cotidiano"],"distributor_meta":false,"distributor_terms":false,"distributor_media":false,"distributor_original_site_name":"Noticias em Destaque","distributor_original_site_url":"https:\/\/noticiasdestaque.com.br","push-errors":false,"_links":{"self":[{"href":"https:\/\/noticiasdestaque.com.br\/index.php\/wp-json\/wp\/v2\/posts\/49319","targetHints":{"allow":["GET"]}}],"collection":[{"href":"https:\/\/noticiasdestaque.com.br\/index.php\/wp-json\/wp\/v2\/posts"}],"about":[{"href":"https:\/\/noticiasdestaque.com.br\/index.php\/wp-json\/wp\/v2\/types\/post"}],"author":[{"embeddable":true,"href":"https:\/\/noticiasdestaque.com.br\/index.php\/wp-json\/wp\/v2\/users\/1"}],"replies":[{"embeddable":true,"href":"https:\/\/noticiasdestaque.com.br\/index.php\/wp-json\/wp\/v2\/comments?post=49319"}],"version-history":[{"count":0,"href":"https:\/\/noticiasdestaque.com.br\/index.php\/wp-json\/wp\/v2\/posts\/49319\/revisions"}],"wp:featuredmedia":[{"embeddable":true,"href":"https:\/\/noticiasdestaque.com.br\/index.php\/wp-json\/wp\/v2\/media\/49320"}],"wp:attachment":[{"href":"https:\/\/noticiasdestaque.com.br\/index.php\/wp-json\/wp\/v2\/media?parent=49319"}],"wp:term":[{"taxonomy":"category","embeddable":true,"href":"https:\/\/noticiasdestaque.com.br\/index.php\/wp-json\/wp\/v2\/categories?post=49319"},{"taxonomy":"post_tag","embeddable":true,"href":"https:\/\/noticiasdestaque.com.br\/index.php\/wp-json\/wp\/v2\/tags?post=49319"}],"curies":[{"name":"wp","href":"https:\/\/api.w.org\/{rel}","templated":true}]}}