{"id":4928,"date":"2022-12-20T16:21:24","date_gmt":"2022-12-20T19:21:24","guid":{"rendered":"https:\/\/noticiasdestaque.com.br\/index.php\/2022\/12\/20\/greve-da-aviacao-deixa-voos-atrasados-nos-aeroportos-de-sao-paulo\/"},"modified":"2022-12-20T16:21:24","modified_gmt":"2022-12-20T19:21:24","slug":"greve-da-aviacao-deixa-voos-atrasados-nos-aeroportos-de-sao-paulo","status":"publish","type":"post","link":"https:\/\/noticiasdestaque.com.br\/index.php\/2022\/12\/20\/greve-da-aviacao-deixa-voos-atrasados-nos-aeroportos-de-sao-paulo\/","title":{"rendered":"Greve da avia\u00e7\u00e3o deixa 113 voos atrasados nos aeroportos de S\u00e3o Paulo\u00a0"},"content":{"rendered":"<style> bloco.meta {font-style: italic; color: #666;font-weight: 600;font-size: .8em; \/* line-height: .3em; *\/}  text h2 { font-weight: 700 !important;  color: #062f46 !important;} text img { width: none; left: none;}<\/style>\n<\/p>\n<p>O primeiro dia da<a href=\"https:\/\/agenciabrasil.ebc.com.br\/geral\/noticia\/2022-12\/greve-dos-aeronautas-atrasa-voos-em-brasilia-porto-alegre-e-fortaleza\" target=\"_blank\" rel=\"noopener\"> greve dos aeronautas<\/a> deixou um saldo de 113 voos atrasados e 19 cancelados nos principais aeroportos de S\u00e3o Paulo.  <\/p>\n<p>A categoria fez uma paralisa\u00e7\u00e3o de duas horas no in\u00edcio da manh\u00e3 para reivindicar melhores condi\u00e7\u00f5es de trabalho e reajustes salariais. <\/p>\n<p>Segundo a Empresa Brasileira de Infraestrutura Aeroportu\u00e1ria (Infraero), que administra o Aeroporto de Congonhas, at\u00e9 as 18h, foram registrados 82 atrasos e 19 cancelamentos de voos no aeroporto, que fica na regi\u00e3o sul da capital paulista. <\/p>\n<p>A GRU Airport, concession\u00e1ria que administra o Aeroporto Internacional de S\u00e3o Paulo, em Guarulhos, informou que, devido \u00e0 paralisa\u00e7\u00e3o dos aeronautas na manh\u00e3 desta segunda-feira (19), 21 voos operaram com atraso e nenhum foi cancelado. <\/p>\n<p>A concession\u00e1ria orienta os passageiros a procurar as companhias a\u00e9reas para saber o status dos voos. A GRU Airport informou ainda que o aeroporto est\u00e1 funcionando normalmente no in\u00edcio da noite.<\/p>\n<p>A reportagem da <strong>Ag\u00eancia Brasil<\/strong> tentou contato com o Aeroporto Internacional de Viracopos, em Campinas (SP), mas, at\u00e9 o momento n\u00e3o teve resposta. <\/p>\n<p class=\"alt-font font-italic my-2 small text-info\">\n                                                Edi\u00e7\u00e3o:   F\u00e1bio Massalli                    <\/p>\n<p>            <!-- blog End --><\/p>\n<p>            <!-- tag and share --><\/p>\n<p> Fonte: EBC <\/p>\n<input type=\"hidden\" id=\"baseurl\" value=\"https:\/\/noticiasdestaque.com.br\"><input type=\"hidden\" id=\"audio_nonce\" value=\"62ca87eee3\">","protected":false},"excerpt":{"rendered":"<p>Al\u00e9m dos atrasos, 19 voos foram cancelados nesta segunda-feira<\/p>\n","protected":false},"author":1,"featured_media":4929,"comment_status":"open","ping_status":"open","sticky":false,"template":"","format":"standard","meta":{"fifu_image_url":"","fifu_image_alt":"","footnotes":""},"categories":[58],"tags":[],"class_list":["post-4928","post","type-post","status-publish","format-standard","has-post-thumbnail","hentry","category-cotidiano"],"distributor_meta":false,"distributor_terms":false,"distributor_media":false,"distributor_original_site_name":"Portal de Recupera\u00e7\u00e3o","distributor_original_site_url":"https:\/\/portalderecuperacao.com","push-errors":false,"_links":{"self":[{"href":"https:\/\/noticiasdestaque.com.br\/index.php\/wp-json\/wp\/v2\/posts\/4928","targetHints":{"allow":["GET"]}}],"collection":[{"href":"https:\/\/noticiasdestaque.com.br\/index.php\/wp-json\/wp\/v2\/posts"}],"about":[{"href":"https:\/\/noticiasdestaque.com.br\/index.php\/wp-json\/wp\/v2\/types\/post"}],"author":[{"embeddable":true,"href":"https:\/\/noticiasdestaque.com.br\/index.php\/wp-json\/wp\/v2\/users\/1"}],"replies":[{"embeddable":true,"href":"https:\/\/noticiasdestaque.com.br\/index.php\/wp-json\/wp\/v2\/comments?post=4928"}],"version-history":[{"count":0,"href":"https:\/\/noticiasdestaque.com.br\/index.php\/wp-json\/wp\/v2\/posts\/4928\/revisions"}],"wp:featuredmedia":[{"embeddable":true,"href":"https:\/\/noticiasdestaque.com.br\/index.php\/wp-json\/wp\/v2\/media\/4929"}],"wp:attachment":[{"href":"https:\/\/noticiasdestaque.com.br\/index.php\/wp-json\/wp\/v2\/media?parent=4928"}],"wp:term":[{"taxonomy":"category","embeddable":true,"href":"https:\/\/noticiasdestaque.com.br\/index.php\/wp-json\/wp\/v2\/categories?post=4928"},{"taxonomy":"post_tag","embeddable":true,"href":"https:\/\/noticiasdestaque.com.br\/index.php\/wp-json\/wp\/v2\/tags?post=4928"}],"curies":[{"name":"wp","href":"https:\/\/api.w.org\/{rel}","templated":true}]}}