{"id":49269,"date":"2026-01-21T04:25:00","date_gmt":"2026-01-21T07:25:00","guid":{"rendered":"https:\/\/noticiasdestaque.com.br\/index.php\/2026\/01\/21\/semana-tem-chuvas-intensas-e-tempestades-em-boa-parte-do-pais\/"},"modified":"2026-01-21T23:37:01","modified_gmt":"2026-01-22T02:37:01","slug":"semana-tem-chuvas-intensas-e-tempestades-em-boa-parte-do-pais","status":"publish","type":"post","link":"https:\/\/noticiasdestaque.com.br\/index.php\/2026\/01\/21\/semana-tem-chuvas-intensas-e-tempestades-em-boa-parte-do-pais\/","title":{"rendered":"Semana tem chuvas intensas e tempestades em boa parte do pa\u00eds"},"content":{"rendered":"<p>\t\t\t\t\t\t\t\t\t\t<audio controls class=\"b61_audio_player\" data-noticia=\"87174\" src=\"https:\/\/brasil61.com\/rails\/active_storage\/blobs\/eyJfcmFpbHMiOnsibWVzc2FnZSI6IkJBaHBBMkRsQXc9PSIsImV4cCI6bnVsbCwicHVyIjoiYmxvYl9pZCJ9fQ==--394f8757430cd0b222844fb56056420531be8116\/BRAS2615617A\"><\/audio><\/p>\n<p><strong>At\u00e9 a pr\u00f3xima segunda-feira (26), o clima ser\u00e1 marcado por fortes chuvas em todo o pa\u00eds<\/strong>. Segundo o <a href=\"https:\/\/portal.inmet.gov.br\/\" target=\"_blank\">Instituto Nacional de Meteorologia (Inmet)<\/a>, a passagem de um canal de umidade pelas regi\u00f5es Sul e Sudeste favorece a forma\u00e7\u00e3o de um novo epis\u00f3dio da <strong>Zona de Converg\u00eancia do Atl\u00e2ntico Sul (ZCAS)<\/strong>, sistema t\u00edpico do ver\u00e3o que provoca volumes elevados de precipita\u00e7\u00e3o por v\u00e1rios dias consecutivos.<\/p>\n<p>Os <strong>maiores acumulados devem ocorrer entre as regi\u00f5es Norte, Centro-Oeste e Sudeste, com volumes que podem ultrapassar 250 mil\u00edmetros<\/strong> (mm) at\u00e9 o dia 26 em estados como Mato Grosso, Goi\u00e1s, Rond\u00f4nia, Tocantins, Minas Gerais, Rio de Janeiro, Esp\u00edrito Santo, al\u00e9m do sudoeste da Bahia, sul do Amazonas e o Distrito Federal.<\/p>\n<p>Esta ser\u00e1 a <strong>segunda atua\u00e7\u00e3o da ZCAS em janeiro<\/strong> \u2014 a primeira foi registrada na primeira semana do m\u00eas. O fen\u00f4meno \u00e9 caracterizado por uma extensa faixa de converg\u00eancia de umidade que se estende da Amaz\u00f4nia ao Sudeste, mantendo \u00e1reas de chuva persistente e <strong>favorecendo a ocorr\u00eancia de tempestades<\/strong>.<\/p>\n<h2>Previs\u00e3o por regi\u00f5es<\/h2>\n<p><u><strong>Regi\u00e3o Norte<\/strong><\/u><\/p>\n<p>Os <strong>maiores volumes de chuva devem se concentrar no sul do Amazonas, em Rond\u00f4nia e no sul do Tocantins<\/strong>. No Amap\u00e1, a chuva pode ultrapassar 100 mm, influenciada pela Zona de Converg\u00eancia Intertropical (ZCIT) \u2014 faixa de baixa press\u00e3o pr\u00f3xima \u00e0 linha do Equador.<\/p>\n<p>No baixo Amazonas e no leste do Par\u00e1, pr\u00f3ximo \u00e0s divisas com Tocantins e Maranh\u00e3o, os acumulados podem atingir ou superar 200 mm em sete dias.\u00a0<\/p>\n<p>A <strong>umidade relativa do ar <\/strong>permanecer\u00e1 elevada, acima de <strong>70%<\/strong> na maior parte da regi\u00e3o, com exce\u00e7\u00e3o do norte de Roraima e do extremo sudoeste do Par\u00e1, onde os \u00edndices podem ficar em torno de <strong>50%<\/strong>.<\/p>\n<p><u><strong>Regi\u00e3o Centro-Oeste<\/strong><\/u><\/p>\n<p>A previs\u00e3o indica <strong>chuvas volumosas no norte de Mato Grosso, em Goi\u00e1s e no Distrito Federal<\/strong>, com acumulados que podem superar <strong>200 mm<\/strong> em sete dias. Na maior parte da regi\u00e3o, exceto em Mato Grosso do Sul, os volumes devem ficar pr\u00f3ximos de 100 mm no per\u00edodo.<\/p>\n<p>A <strong>umidade m\u00ednima deve variar entre 30% e 40%<\/strong> no sul de Mato Grosso e Mato Grosso do Sul, enquanto nas demais \u00e1reas os \u00edndices permanecem acima de<strong> 60%<\/strong>.<\/p>\n<p><u><strong>Regi\u00e3o Sudeste<\/strong><\/u><\/p>\n<p><strong>Minas Gerais e Esp\u00edrito Santo devem enfrentar um cen\u00e1rio de chuvas persistentes<\/strong>. A partir do dia 23, as precipita\u00e7\u00f5es retornam para algumas \u00e1reas do Rio de Janeiro e sul de Minas.\u00a0<\/p>\n<p><strong>Em S\u00e3o Paulo, a tend\u00eancia \u00e9 de tempo mais firme<\/strong>, com umidade m\u00ednima em torno de <strong>45%<\/strong>.<\/p>\n<p><u><strong>Regi\u00e3o Nordeste<\/strong><\/u><\/p>\n<p><strong>N\u00e3o h\u00e1 previs\u00e3o de chuva significativa<\/strong> na maior parte da regi\u00e3o. Apenas o sul do Maranh\u00e3o, o oeste da Bahia e o oeste do Piau\u00ed devem registrar volumes entre 50 mm e 100 mm em sete dias, sob influ\u00eancia parcial da ZCAS.\u00a0<\/p>\n<p>No interior nordestino, especialmente no Sert\u00e3o, a <strong>umidade relativa do ar<\/strong> pode cair para n\u00edveis entre <strong>20% e 30%<\/strong> no fim da semana.<\/p>\n<p><u><strong>Regi\u00e3o Sul<\/strong><\/u><\/p>\n<p>A semana ser\u00e1 de <strong>tempo mais seco<\/strong>, sob influ\u00eancia de um anticiclone p\u00f3s-frontal e de uma massa de ar frio. Chuvas fracas e isoladas podem ocorrer a partir de quinta-feira (22) no litoral e em \u00e1reas de Santa Catarina, sem volumes expressivos.\u00a0<\/p>\n<p>A <strong>umidade m\u00ednima<\/strong> deve ficar abaixo de <strong>35% <\/strong>na maior parte da regi\u00e3o, exceto no litoral.<\/p>\n<h2>Temperaturas<\/h2>\n<p><strong>As temperaturas seguem elevadas em grande parte do pa\u00eds<\/strong>, especialmente no interior do Nordeste e no oeste de Mato Grosso do Sul e sul de Mato Grosso, com <strong>m\u00e1ximas entre 34 \u00b0C e 38 \u00b0C<\/strong>.<\/p>\n<p>A <strong>exce\u00e7\u00e3o \u00e9 o<\/strong> <strong>centro-leste da Regi\u00e3o Sudeste, o leste da Regi\u00e3o Sul, o norte de Mato Grosso, Goi\u00e1s e o Distrito Federal<\/strong>, onde a atua\u00e7\u00e3o da ZCAS deve provocar <strong>queda acentuada das temperaturas<\/strong>, com valores at\u00e9 <strong>6 \u00b0C abaixo da m\u00e9dia<\/strong> climatol\u00f3gica. Nessas \u00e1reas, especialmente na faixa de divisa entre Minas, Rio e S\u00e3o Paulo, as <strong>m\u00e1ximas n\u00e3o devem ultrapassar 18 \u00b0C <\/strong>em pontos da divisa entre Minas, Rio e S\u00e3o Paulo at\u00e9 o dia 22 de janeiro.<\/p>\n<p><strong>No Sul<\/strong>, ap\u00f3s a passagem de uma frente fria, as temperaturas permanecem baixas na primeira metade da semana, com <strong>possibilidade de geada na serra de Santa Catarina<\/strong>. Na segunda metade, os term\u00f4metros voltam a subir, podendo alcan\u00e7ar entre 32 \u00b0C e 36 \u00b0C no oeste da regi\u00e3o.<\/p>\n<h2>Tempestades e alertas<\/h2>\n<p>O Inmet emitiu alertas de perigo potencial para <strong>chuvas intensas<\/strong> em diversas regi\u00f5es do pa\u00eds nos pr\u00f3ximos dias. Nesses locais, as precipita\u00e7\u00f5es podem atingir entre 20 e 60 mm por hora, acompanhados de rajadas de vento e descargas el\u00e9tricas, elevando o risco de alagamentos, quedas de \u00e1rvores e interrup\u00e7\u00f5es no fornecimento de energia.<\/p>\n<p><strong>Acre:<\/strong><\/p>\n<ul>\n<li>Vale do Acre<\/li>\n<li>Vale do Juru\u00e1<\/li>\n<\/ul>\n<p><strong>Amap\u00e1:<\/strong><\/p>\n<ul>\n<li>Norte do Amap\u00e1<\/li>\n<li>Maraj\u00f3<\/li>\n<li>Sul do Amap\u00e1<\/li>\n<\/ul>\n<p><strong>Amazonas:<\/strong><\/p>\n<ul>\n<li>Centro Amazonense<\/li>\n<li>Sudoeste Amazonense<\/li>\n<li>Sul Amazonense<\/li>\n<li>Norte Amazonense<\/li>\n<li>Baixo Amazonas<\/li>\n<\/ul>\n<p><strong>Bahia:<\/strong><\/p>\n<ul>\n<li>Centro Sul Baiano<\/li>\n<li>Vale S\u00e3o-Franciscano da Bahia<\/li>\n<li>Sul Baiano<\/li>\n<li>Centro Norte Baiano<\/li>\n<li>Extremo Oeste Baiano<\/li>\n<li>Nordeste Baiano<\/li>\n<li>Metropolitana de Salvador<\/li>\n<\/ul>\n<p><strong>Cear\u00e1:<\/strong><\/p>\n<ul>\n<li>Sert\u00f5es Cearenses<\/li>\n<li>Centro-Sul Cearense<\/li>\n<li>Sul Cearense<\/li>\n<li>Norte Cearense<\/li>\n<li>Noroeste Cearense<\/li>\n<li>Metropolitana de Fortaleza<\/li>\n<li>Jaguaribe<\/li>\n<li>Sert\u00f5es Cearenses<\/li>\n<\/ul>\n<p><strong>Distrito Federal<\/strong><\/p>\n<p><strong>Esp\u00edrito Santo:<\/strong><\/p>\n<ul>\n<li>Central Esp\u00edrito-santense<\/li>\n<li>Noroeste Esp\u00edrito-santense<\/li>\n<li>Sul Esp\u00edrito-santense<\/li>\n<li>Litoral Norte Esp\u00edrito-santense<\/li>\n<\/ul>\n<p><strong>Goi\u00e1s:<\/strong><\/p>\n<ul>\n<li>Centro Goiano<\/li>\n<li>Leste Goiano<\/li>\n<li>Sul Goiano<\/li>\n<li>Norte Goiano<\/li>\n<li>Noroeste Goiano<\/li>\n<\/ul>\n<p><strong>Maranh\u00e3o:<\/strong><\/p>\n<ul>\n<li>Sul Maranhense<\/li>\n<li>Oeste Maranhense<\/li>\n<li>Leste Maranhense<\/li>\n<li>Centro Maranhense<\/li>\n<li>Norte Maranhense<\/li>\n<\/ul>\n<p><strong>Mato Grosso:<\/strong><\/p>\n<ul>\n<li>Centro-Sul Mato-grossense<\/li>\n<li>Nordeste Mato-grossense<\/li>\n<li>Norte Mato-grossense<\/li>\n<li>Sudeste Mato-grossense<\/li>\n<li>Sudoeste Mato-grossense<\/li>\n<\/ul>\n<p><strong>Mato Grosso do Sul:<\/strong><\/p>\n<ul>\n<li>Centro Norte de Mato Grosso do Sul<\/li>\n<li>Leste de Mato Grosso do Sul<\/li>\n<li>Pantanais Sul Mato-grossense<\/li>\n<\/ul>\n<p><strong>Minas Gerais:<\/strong><\/p>\n<ul>\n<li>Tri\u00e2ngulo Mineiro\/Alto Parana\u00edba<\/li>\n<li>Central Mineira<\/li>\n<li>Zona da Mata<\/li>\n<li>Oeste de Minas<\/li>\n<li>Sul\/Sudoeste de Minas<\/li>\n<li>Campo das Vertentes<\/li>\n<li>Vale do Rio Doce<\/li>\n<li>Vale do Mucuri<\/li>\n<li>Norte de Minas<\/li>\n<li>Jequitinhonha<\/li>\n<li>Metropolitana de Belo Horizonte<\/li>\n<li>Noroeste de Minas<\/li>\n<\/ul>\n<p><strong>Par\u00e1:<\/strong><\/p>\n<ul>\n<li>Sudeste Paraense<\/li>\n<li>Sudoeste Paraense<\/li>\n<\/ul>\n<p><strong>Pernambuco:<\/strong><\/p>\n<ul>\n<li>S\u00e3o Francisco Pernambucano<\/li>\n<li>Sert\u00e3o Pernambucano<\/li>\n<\/ul>\n<p><strong>Piau\u00ed:<\/strong><\/p>\n<ul>\n<li>Sudeste Piauiense<\/li>\n<li>Centro-Norte Piauiense<\/li>\n<li>Sudoeste Piauiense<\/li>\n<li>Norte Piauiense<\/li>\n<\/ul>\n<p><strong>Rio de Janeiro:<\/strong><\/p>\n<ul>\n<li>Sul Fluminense<\/li>\n<li>Noroeste Fluminense<\/li>\n<li>Baixadas<\/li>\n<li>Centro Fluminense<\/li>\n<li>Metropolitana do Rio de Janeiro<\/li>\n<li>Norte Fluminense<\/li>\n<\/ul>\n<p><strong>Rio Grande do Norte:<\/strong><\/p>\n<ul>\n<li>Oeste Potiguar<\/li>\n<li>Central Potiguar<\/li>\n<\/ul>\n<p><strong>Rond\u00f4nia:<\/strong><\/p>\n<ul>\n<li>Leste Rondoniense<\/li>\n<li>Madeira-Guapor\u00e9<\/li>\n<\/ul>\n<p><strong>S\u00e3o Paulo:<\/strong><\/p>\n<ul>\n<li>Ribeir\u00e3o Preto<\/li>\n<li>Campinas<\/li>\n<li>Vale do Para\u00edba Paulista<\/li>\n<\/ul>\n<p><strong>Tocantins:<\/strong><\/p>\n<ul>\n<li>Ocidental do Tocantins<\/li>\n<li>Oriental do Tocantins<\/li>\n<\/ul>\n<p>O Inmet orienta a popula\u00e7\u00e3o a <strong>evitar abrigo sob \u00e1rvores, n\u00e3o estacionar ve\u00edculos pr\u00f3ximos a torres de transmiss\u00e3o e placas de publicidade, al\u00e9m de desligar aparelhos el\u00e9tricos em caso de tempestades<\/strong>. Informa\u00e7\u00f5es adicionais podem ser obtidas junto \u00e0 <strong>Defesa Civil (199)<\/strong> e ao <strong>Corpo de Bombeiros (193)<\/strong>.<\/p>\n<h2>Alerta para mineradores<\/h2>\n<p>Diante da atua\u00e7\u00e3o de uma frente fria no oceano associada \u00e0 forma\u00e7\u00e3o da ZCAS, a <strong><a href=\"https:\/\/www.gov.br\/anm\/pt-br\" target=\"_blank\">Ag\u00eancia Nacional de Minera\u00e7\u00e3o (ANM)<\/a><\/strong> orienta os mineradores e empresas do setor a <strong>refor\u00e7arem medidas preventivas<\/strong>, especialmente em estruturas de conten\u00e7\u00e3o de rejeitos e sedimentos. Entre as recomenda\u00e7\u00f5es est\u00e3o:<\/p>\n<ul>\n<li>verificar o funcionamento dos sistemas de drenagem superficial, extravasores e bombas de emerg\u00eancia;<\/li>\n<li>refor\u00e7ar as rotinas de monitoramento das estruturas, para detectar e corrigir eventuais anomalias rapidamente;<\/li>\n<li>intensificar inspe\u00e7\u00f5es preventivas, principalmente em per\u00edodos de maior intensidade das chuvas.<\/li>\n<\/ul>\n<p>Segundo a ANM, a antecipa\u00e7\u00e3o de medidas de seguran\u00e7a \u00e9 fundamental para prevenir incidentes e garantir a integridade das estruturas.<\/p>\n<p><strong>VEJA MAIS:<\/strong><\/p>\n<ul>\n<li><a href=\"https:\/\/brasil61.com\/n\/previsao-do-tempo-chuvas-no-litoral-e-chance-de-geada-na-regiao-sul-nesta-terca-feira-20-ptrs264202\" target=\"_blank\">PREVIS\u00c3O DO TEMPO: Chuvas no litoral e chance de geada na Regi\u00e3o Sul nesta ter\u00e7a-feira (20)<\/a><\/li>\n<li><a href=\"https:\/\/brasil61.com\/n\/previsao-do-tempo-terca-feira-20-de-chuvas-intensas-e-trovoadas-no-centro-oeste-ptco264334\" target=\"_blank\">PREVIS\u00c3O DO TEMPO: ter\u00e7a-feira (20) de chuvas intensas e trovoadas no Centro-Oeste<\/a><\/li>\n<\/ul>\n<p>\t\t\t\t\t\t\t\t\t<img loading=\"lazy\" decoding=\"async\" src=\"https:\/\/brasil61.com\/api\/v1\/serve_pixel\/17677\/87174\" alt=\"Pixel Brasil 61\" class=\"b61_pixel\" width=\"0\" height=\"0\"><\/p>\n<input type=\"hidden\" id=\"baseurl\" value=\"https:\/\/noticiasdestaque.com.br\"><input type=\"hidden\" id=\"audio_nonce\" value=\"34245022d4\">","protected":false},"excerpt":{"rendered":"<p>Sistema de converg\u00eancia de umidade provoca queda de temperaturas no Sudeste e Centro-Oeste, prev\u00ea Inmet<\/p>\n","protected":false},"author":1,"featured_media":49302,"comment_status":"open","ping_status":"open","sticky":false,"template":"","format":"standard","meta":{"fifu_image_url":"","fifu_image_alt":"","footnotes":""},"categories":[58],"tags":[],"class_list":["post-49269","post","type-post","status-publish","format-standard","has-post-thumbnail","hentry","category-cotidiano"],"distributor_meta":false,"distributor_terms":false,"distributor_media":false,"distributor_original_site_name":"Noticias em Destaque","distributor_original_site_url":"https:\/\/noticiasdestaque.com.br","push-errors":false,"_links":{"self":[{"href":"https:\/\/noticiasdestaque.com.br\/index.php\/wp-json\/wp\/v2\/posts\/49269","targetHints":{"allow":["GET"]}}],"collection":[{"href":"https:\/\/noticiasdestaque.com.br\/index.php\/wp-json\/wp\/v2\/posts"}],"about":[{"href":"https:\/\/noticiasdestaque.com.br\/index.php\/wp-json\/wp\/v2\/types\/post"}],"author":[{"embeddable":true,"href":"https:\/\/noticiasdestaque.com.br\/index.php\/wp-json\/wp\/v2\/users\/1"}],"replies":[{"embeddable":true,"href":"https:\/\/noticiasdestaque.com.br\/index.php\/wp-json\/wp\/v2\/comments?post=49269"}],"version-history":[{"count":1,"href":"https:\/\/noticiasdestaque.com.br\/index.php\/wp-json\/wp\/v2\/posts\/49269\/revisions"}],"predecessor-version":[{"id":49301,"href":"https:\/\/noticiasdestaque.com.br\/index.php\/wp-json\/wp\/v2\/posts\/49269\/revisions\/49301"}],"wp:featuredmedia":[{"embeddable":true,"href":"https:\/\/noticiasdestaque.com.br\/index.php\/wp-json\/wp\/v2\/media\/49302"}],"wp:attachment":[{"href":"https:\/\/noticiasdestaque.com.br\/index.php\/wp-json\/wp\/v2\/media?parent=49269"}],"wp:term":[{"taxonomy":"category","embeddable":true,"href":"https:\/\/noticiasdestaque.com.br\/index.php\/wp-json\/wp\/v2\/categories?post=49269"},{"taxonomy":"post_tag","embeddable":true,"href":"https:\/\/noticiasdestaque.com.br\/index.php\/wp-json\/wp\/v2\/tags?post=49269"}],"curies":[{"name":"wp","href":"https:\/\/api.w.org\/{rel}","templated":true}]}}