{"id":49210,"date":"2026-01-19T04:45:00","date_gmt":"2026-01-19T07:45:00","guid":{"rendered":"https:\/\/noticiasdestaque.com.br\/index.php\/2026\/01\/19\/pi-programa-brasil-antenado-distribui-antenas-parabolicas-a-cidades-isoladas\/"},"modified":"2026-01-19T04:45:00","modified_gmt":"2026-01-19T07:45:00","slug":"pi-programa-brasil-antenado-distribui-antenas-parabolicas-a-cidades-isoladas","status":"publish","type":"post","link":"https:\/\/noticiasdestaque.com.br\/index.php\/2026\/01\/19\/pi-programa-brasil-antenado-distribui-antenas-parabolicas-a-cidades-isoladas\/","title":{"rendered":"PI: Programa Brasil Antenado distribui antenas parab\u00f3licas a cidades isoladas"},"content":{"rendered":"<p>\t\t\t\t\t\t\t\t\t\t\t<audio controls class=\"b61_audio_player\" data-noticia=\"87134\" src=\"https:\/\/brasil61.com\/rails\/active_storage\/blobs\/eyJfcmFpbHMiOnsibWVzc2FnZSI6IkJBaHBBd3pqQXc9PSIsImV4cCI6bnVsbCwicHVyIjoiYmxvYl9pZCJ9fQ==--551ceefcadafa838576f0765ee6bfaef43a83f29\/MCOM260236A\"><\/audio><\/p>\n<p>O programa <strong>Brasil Antenado<\/strong> \u2013 iniciativa do <a href=\"https:\/\/www.gov.br\/mcom\/pt-br\" target=\"_blank\">Minist\u00e9rio das Comunica\u00e7\u00f5es<\/a> e da <strong>Anatel<\/strong> com a execu\u00e7\u00e3o pela <strong>Entidade Administradora da Faixa<\/strong> (<a href=\"https:\/\/eaf.org.br\/\" target=\"_blank\">EAF<\/a>) \u2013\u00a0 proporciona a <strong>amplia\u00e7\u00e3o do alcance da televis\u00e3o aberta e gratuita em todo pa\u00eds<\/strong>, principalmente em regi\u00f5es em que o sinal \u00e9 insuficiente ou inexistente. Viabilizado pela\u00a0<a href=\"https:\/\/www.in.gov.br\/web\/dou\/-\/portaria-mcom-n-17.337-de-4-de-abril-de-2025-622237301\" target=\"_blank\">Portaria MCom n\u00ba 17.337<\/a>, a a\u00e7\u00e3o busca assegurar o <strong>acesso \u00e0 informa\u00e7\u00e3o como direito fundamental<\/strong>, reduzindo desigualdades e integrando regi\u00f5es historicamente desconectadas.<\/p>\n<p>De acordo com o <strong>secret\u00e1rio de Radiodifus\u00e3o do minist\u00e9rio<\/strong>, Wilson Wellisch, o programa veio como forma de ampliar um processo de digitaliza\u00e7\u00e3o que focava anteriormente nas cidades mais populosas e litor\u00e2neas.<\/p>\n<p>&#8220;O programa Brasil Digital, ele vem justamente para preencher a lacuna de cidades que t\u00eam um baixo \u00edndice de digitaliza\u00e7\u00e3o e levar a TV digital para esses munic\u00edpios. E \u00e9 por isso que a gente incluiu ele no Novo PAC e estamos trabalhando para concretiz\u00e1-lo agora.&#8221;<\/p>\n<p>Voltado \u00e0s <strong>fam\u00edlias inscritas no Cad\u00danico dos munic\u00edpios contemplados<\/strong>, o programa inclui <strong>fornecimento e instala\u00e7\u00e3o gratuita da antena parab\u00f3lica digital<\/strong>. O kit funciona mesmo em televisores antigos, o que facilita a ades\u00e3o em comunidades rurais e de baixa renda.<\/p>\n<p>\nDos <strong>88 munic\u00edpios<\/strong> que participam do programa no Piau\u00ed, a fam\u00edlia de <strong>Geana Fonseca Duarte<\/strong>, que vive na zona rural de Reden\u00e7\u00e3o do Gurgu\u00e9ia, sentiu uma mudan\u00e7a imediata na rotina ap\u00f3s a instala\u00e7\u00e3o: \u201cHoje conseguimos saber o que est\u00e1 acontecendo no mundo, as informa\u00e7\u00f5es chegam at\u00e9 a gente. A imagem est\u00e1 100%. Agora, quando sobra uma \u2018horinha\u2019 no meio do trabalho, sento um pouco para assistir \u00e0 uma novela\u201d, contou Geana.<\/p>\n<p>O seu marido, Fortunato, sente o mesmo. \u201cGosto de canais que tocam m\u00fasicas sertanejas e, aos domingos, sempre acompanho os esportes e um jornal com not\u00edcias nacionais. O Brasil Antenado est\u00e1 levando a antena at\u00e9 onde o povo mais precisava\u201d, pontuou.<\/p>\n<h2>Cidades aptas ao programa<\/h2>\n<p>Neste momento, 79 mil fam\u00edlias em 63 munic\u00edpios piauienses est\u00e3o aptas a solicitarem o benef\u00edcio at\u00e9 13 de mar\u00e7o de 2026.\u00a0<\/p>\n<p>Entre elas, os moradores de (lista completa no site do programa):<\/p>\n<ul>\n<li>Alagoinha do Piau\u00ed<\/li>\n<li>Arraial<\/li>\n<li>Bel\u00e9m do Piau\u00ed<\/li>\n<li>Canavieira<\/li>\n<li>Itaueira<\/li>\n<li>Jerumenha<\/li>\n<li>Novo Oriente do Piau\u00ed<\/li>\n<li>S\u00e3o Jo\u00e3o da Serra<\/li>\n<li>Pimenteiras<\/li>\n<li>Socorro do Piau\u00ed<\/li>\n<\/ul>\n<h2>Impactos e funcionamento do Brasil Antenado<\/h2>\n<ul>\n<li>Amplia o acesso \u00e0 informa\u00e7\u00e3o e ao jornalismo, retomando h\u00e1bitos de acompanhar not\u00edcias, esportes e entretenimento.<\/li>\n<li>Promove inclus\u00e3o digital em \u00e1reas rurais e aumenta o consumo cultural.<\/li>\n<li>Democratiza a comunica\u00e7\u00e3o e reduz desigualdades informacionais entre regi\u00f5es.<\/li>\n<li>Complementa a implanta\u00e7\u00e3o do 5G, j\u00e1 que a EAF limpa a faixa de 3.5 GHz para evitar interfer\u00eancias.<\/li>\n<li>Compat\u00edvel com televisores antigos ou novos<\/li>\n<li>Agendamento via <a href=\"http:\/\/brasilantenado.org.br\" target=\"_blank\">site<\/a> ou telefone\/WhatsApp 0800 729 2404.<\/li>\n<\/ul>\n<p><strong>Fases de implementa\u00e7\u00e3o<\/strong><\/p>\n<p>O Brasil Antenado ser\u00e1 implantado em fases de execu\u00e7\u00e3o at\u00e9 junho de 2026, alcan\u00e7ando 323 munic\u00edpios em 16 estados:<\/p>\n<table>\n<tbody>\n<tr>\n<th>Fase<\/th>\n<th>Per\u00edodo<\/th>\n<th>Munic\u00edpios<\/th>\n<th>Estados envolvidos<\/th>\n<th>Fam\u00edlias aptas<\/th>\n<\/tr>\n<tr>\n<td>A<\/td>\n<td>14\/07\/2025 \u2013 13\/12\/2025<\/td>\n<td>77<\/td>\n<td>MA, PI, PA, CE, RN, PE<\/td>\n<td>+220 mil<\/td>\n<\/tr>\n<tr>\n<td>B<\/td>\n<td>13\/10\/2025 \u2013 13\/03\/2026<\/td>\n<td>138<\/td>\n<td>TO, PA, RR, PI, MA<\/td>\n<td>+229 mil<\/td>\n<\/tr>\n<tr>\n<td>C<\/td>\n<td>12\/01\/2026 \u2013 13\/06\/2026<\/td>\n<td>108<\/td>\n<td>ES, MG, GO, BA, MT, MS, RO, RS<\/td>\n<td>+222 mil<\/td>\n<\/tr>\n<\/tbody>\n<\/table>\n<p>Fonte:\u00a0<a href=\"https:\/\/www.gov.br\/mcom\/pt-br\" id=\"docs-internal-guid-9feb4454-7fff-38f9-a7ad-0fc9f2b94e96\" style=\"text-decoration:none\"><span style=\"font-size:11pt;font-family:Arial,sans-serif;color:#1155cc;background-color:transparent;font-weight:400;font-style:normal;font-variant:normal;text-decoration:underline;vertical-align:baseline;white-space:pre;white-space:pre-wrap\">MCom<\/span><\/a><\/p>\n<p>A lista completa de cidades est\u00e1 dispon\u00edvel no <a href=\"http:\/\/www.brasilantenado.org.br\" target=\"_blank\">site oficial<\/a>.<\/p>\n<h2>Sobre o EAF<\/h2>\n<p>A Entidade Administradora da Faixa (EAF), institui\u00e7\u00e3o sem fins lucrativos vinculada \u00e0 Anatel e ao Minist\u00e9rio das Comunica\u00e7\u00f5es, \u00e9 respons\u00e1vel pela limpeza da faixa de 3,5 GHz \u2013 essencial ao 5G \u2013, pela execu\u00e7\u00e3o dos programas Siga Antenado e Brasil Antenado, pela implanta\u00e7\u00e3o de infovias na Amaz\u00f4nia e pelo desenvolvimento de redes privativas de comunica\u00e7\u00e3o para o Governo Federal.<\/p>\n<p>\u00a0<\/p>\n<p>\t\t\t\t\t\t\t\t\t\t<img loading=\"lazy\" decoding=\"async\" src=\"https:\/\/brasil61.com\/api\/v1\/serve_pixel\/17677\/87134\" alt=\"Pixel Brasil 61\" class=\"b61_pixel\" width=\"0\" height=\"0\"><\/p>\n<input type=\"hidden\" id=\"baseurl\" value=\"https:\/\/noticiasdestaque.com.br\"><input type=\"hidden\" id=\"audio_nonce\" value=\"6a24ca502e\">","protected":false},"excerpt":{"rendered":"<p>Cidades com pouca ou nenhuma cobertura de sinal terrestre agora podem se conectar com o mundo<\/p>\n","protected":false},"author":1,"featured_media":49211,"comment_status":"open","ping_status":"open","sticky":false,"template":"","format":"standard","meta":{"fifu_image_url":"","fifu_image_alt":"","footnotes":""},"categories":[48],"tags":[],"class_list":["post-49210","post","type-post","status-publish","format-standard","has-post-thumbnail","hentry","category-mundo"],"distributor_meta":false,"distributor_terms":false,"distributor_media":false,"distributor_original_site_name":"Noticias em Destaque","distributor_original_site_url":"https:\/\/noticiasdestaque.com.br","push-errors":false,"_links":{"self":[{"href":"https:\/\/noticiasdestaque.com.br\/index.php\/wp-json\/wp\/v2\/posts\/49210","targetHints":{"allow":["GET"]}}],"collection":[{"href":"https:\/\/noticiasdestaque.com.br\/index.php\/wp-json\/wp\/v2\/posts"}],"about":[{"href":"https:\/\/noticiasdestaque.com.br\/index.php\/wp-json\/wp\/v2\/types\/post"}],"author":[{"embeddable":true,"href":"https:\/\/noticiasdestaque.com.br\/index.php\/wp-json\/wp\/v2\/users\/1"}],"replies":[{"embeddable":true,"href":"https:\/\/noticiasdestaque.com.br\/index.php\/wp-json\/wp\/v2\/comments?post=49210"}],"version-history":[{"count":0,"href":"https:\/\/noticiasdestaque.com.br\/index.php\/wp-json\/wp\/v2\/posts\/49210\/revisions"}],"wp:featuredmedia":[{"embeddable":true,"href":"https:\/\/noticiasdestaque.com.br\/index.php\/wp-json\/wp\/v2\/media\/49211"}],"wp:attachment":[{"href":"https:\/\/noticiasdestaque.com.br\/index.php\/wp-json\/wp\/v2\/media?parent=49210"}],"wp:term":[{"taxonomy":"category","embeddable":true,"href":"https:\/\/noticiasdestaque.com.br\/index.php\/wp-json\/wp\/v2\/categories?post=49210"},{"taxonomy":"post_tag","embeddable":true,"href":"https:\/\/noticiasdestaque.com.br\/index.php\/wp-json\/wp\/v2\/tags?post=49210"}],"curies":[{"name":"wp","href":"https:\/\/api.w.org\/{rel}","templated":true}]}}