{"id":49156,"date":"2026-01-16T04:45:00","date_gmt":"2026-01-16T07:45:00","guid":{"rendered":"https:\/\/noticiasdestaque.com.br\/index.php\/2026\/01\/16\/municipios-do-sul-mantem-mobilizacao-para-atualizar-caderneta-de-vacinacao-de-menores-de-15-anos\/"},"modified":"2026-01-19T23:37:06","modified_gmt":"2026-01-20T02:37:06","slug":"municipios-do-sul-mantem-mobilizacao-para-atualizar-caderneta-de-vacinacao-de-menores-de-15-anos","status":"publish","type":"post","link":"https:\/\/noticiasdestaque.com.br\/index.php\/2026\/01\/16\/municipios-do-sul-mantem-mobilizacao-para-atualizar-caderneta-de-vacinacao-de-menores-de-15-anos\/","title":{"rendered":"Munic\u00edpios do Sul mant\u00eam mobiliza\u00e7\u00e3o para atualizar caderneta de vacina\u00e7\u00e3o de menores de 15 anos"},"content":{"rendered":"<p>\t\t\t\t\t\t\t\t\t\t<audio controls class=\"b61_audio_player\" data-noticia=\"86568\" src=\"https:\/\/brasil61.com\/rails\/active_storage\/blobs\/eyJfcmFpbHMiOnsibWVzc2FnZSI6IkJBaHBBM2ppQXc9PSIsImV4cCI6bnVsbCwicHVyIjoiYmxvYl9pZCJ9fQ==--f917df4dd7c56c23053616ebe52c1fd8ea31fb22\/VACI250327A\"><\/audio><\/p>\n<p>Estados e munic\u00edpios da Regi\u00e3o Sul seguem mobilizados para atualizar a caderneta de vacina\u00e7\u00e3o de crian\u00e7as e adolescentes menores de 15 anos. As vacinas que integram o Calend\u00e1rio Nacional de Vacina\u00e7\u00e3o est\u00e3o dispon\u00edveis durante todo o ano nas Unidades B\u00e1sicas de Sa\u00fade.<\/p>\n<p>Entre as prioridades est\u00e1 a tr\u00edplice viral, que protege contra o sarampo. Embora o Brasil continue livre da circula\u00e7\u00e3o end\u00eamica do v\u00edrus, o Minist\u00e9rio da Sa\u00fade refor\u00e7a a import\u00e2ncia de manter altas coberturas vacinais, sobretudo em \u00e1reas onde os \u00edndices ainda est\u00e3o abaixo do recomendado.<\/p>\n<p>Em 2025, a regi\u00e3o <a href=\"https:\/\/www.gov.br\/saude\/pt-br\/assuntos\/noticias\/2025\/novembro\/esforcos-do-ministerio-da-saude-mantem-o-brasil-livre-do-sarampo-com-reconhecimento-da-opas-oms\" target=\"_blank\">registrou um caso de sarampo, no Rio Grande do Sul e classificado como importado ou relacionado \u00e0 importa\u00e7\u00e3o<\/a>. O cen\u00e1rio acende o alerta para a import\u00e2ncia de manter a vacina\u00e7\u00e3o em dia e refor\u00e7a a mobiliza\u00e7\u00e3o para impedir a reintrodu\u00e7\u00e3o da doen\u00e7a no pa\u00eds, como explica o diretor do Departamento do Programa Nacional de Imuniza\u00e7\u00f5es, Eder Gatti.<\/p>\n<p>\u201cRecentemente, tivemos ali o in\u00edcio de uma epidemia de sarampo na Bol\u00edvia, ent\u00e3o houve toda uma preocupa\u00e7\u00e3o nossa de intensificar a vacina\u00e7\u00e3o, principalmente nos munic\u00edpios da fronteira, visando proteger a popula\u00e7\u00e3o para que o sarampo n\u00e3o entre. Ent\u00e3o hoje a nossa prioridade \u00e9 manter o pa\u00eds livre do sarampo.\u201d<\/p>\n<p>LOC.: Em Amaral-Ferrador, no Rio Grande do Sul, a rotina de vacina\u00e7\u00e3o faz parte da rotina das fam\u00edlias. A Adriane Tavares-Fischer, m\u00e3e do Murilo e da Elisa, conta que manter a caderneta dos filhos atualizada \u00e9, para ela, um gesto de responsabilidade e amor.<\/p>\n<p>\u201cAo garantir que todas as doses estejam em dia, estou protegendo meus filhos contra doen\u00e7as que podem ser graves e at\u00e9 mesmo fatais. A vacina\u00e7\u00e3o me d\u00e1 seguran\u00e7a e tranquilidade, porque estou fazendo tudo o que est\u00e1 ao meu alcance para que eles cres\u00e7am saud\u00e1veis. Al\u00e9m disso, a caderneta atualizada \u00e9 uma forma de acompanhar o desenvolvimento da sa\u00fade deles, registrando todas as etapas importantes.\u201d\u00a0<\/p>\n<p>Al\u00e9m do sarampo, o calend\u00e1rio inclui vacinas contra poliomielite, tuberculose, difteria, t\u00e9tano, coqueluche, HPV, hepatite B, meningite, febre amarela e Covid-19.<\/p>\n<p>O foco para menores de 15 anos \u00e9 completar esquemas atrasados. A vacina contra o HPV tamb\u00e9m est\u00e1 dispon\u00edvel para jovens de 15 a 19 anos at\u00e9 junho de 2026.<\/p>\n<p>Pais e respons\u00e1veis da Regi\u00e3o Sul: mantenham a vacina\u00e7\u00e3o das crian\u00e7as e adolescentes em dia. Procurem a Unidade B\u00e1sica de Sa\u00fade mais pr\u00f3xima.<\/p>\n<p>Saiba mais em <a href=\"https:\/\/www.gov.br\/saude\/pt-br\/campanhas-da-saude\/vacinacao\" target=\"_blank\">gov.br\/vacinacao<\/a>.<br \/>\n\u2003<br \/>\n\u00a0<\/p>\n<p>\t\t\t\t\t\t\t\t\t<img loading=\"lazy\" decoding=\"async\" src=\"https:\/\/brasil61.com\/api\/v1\/serve_pixel\/17677\/86568\" alt=\"Pixel Brasil 61\" class=\"b61_pixel\" width=\"0\" height=\"0\"><\/p>\n<input type=\"hidden\" id=\"baseurl\" value=\"https:\/\/noticiasdestaque.com.br\"><input type=\"hidden\" id=\"audio_nonce\" value=\"6a24ca502e\">","protected":false},"excerpt":{"rendered":"<p>Mobiliza\u00e7\u00e3o refor\u00e7a a import\u00e2ncia da vacina\u00e7\u00e3o como cuidado essencial para a sa\u00fade e o futuro de crian\u00e7as e adolescentes<\/p>\n","protected":false},"author":1,"featured_media":49217,"comment_status":"open","ping_status":"open","sticky":false,"template":"","format":"standard","meta":{"fifu_image_url":"","fifu_image_alt":"","footnotes":""},"categories":[51],"tags":[],"class_list":["post-49156","post","type-post","status-publish","format-standard","has-post-thumbnail","hentry","category-saude"],"distributor_meta":false,"distributor_terms":false,"distributor_media":false,"distributor_original_site_name":"Noticias em Destaque","distributor_original_site_url":"https:\/\/noticiasdestaque.com.br","push-errors":false,"_links":{"self":[{"href":"https:\/\/noticiasdestaque.com.br\/index.php\/wp-json\/wp\/v2\/posts\/49156","targetHints":{"allow":["GET"]}}],"collection":[{"href":"https:\/\/noticiasdestaque.com.br\/index.php\/wp-json\/wp\/v2\/posts"}],"about":[{"href":"https:\/\/noticiasdestaque.com.br\/index.php\/wp-json\/wp\/v2\/types\/post"}],"author":[{"embeddable":true,"href":"https:\/\/noticiasdestaque.com.br\/index.php\/wp-json\/wp\/v2\/users\/1"}],"replies":[{"embeddable":true,"href":"https:\/\/noticiasdestaque.com.br\/index.php\/wp-json\/wp\/v2\/comments?post=49156"}],"version-history":[{"count":1,"href":"https:\/\/noticiasdestaque.com.br\/index.php\/wp-json\/wp\/v2\/posts\/49156\/revisions"}],"predecessor-version":[{"id":49216,"href":"https:\/\/noticiasdestaque.com.br\/index.php\/wp-json\/wp\/v2\/posts\/49156\/revisions\/49216"}],"wp:featuredmedia":[{"embeddable":true,"href":"https:\/\/noticiasdestaque.com.br\/index.php\/wp-json\/wp\/v2\/media\/49217"}],"wp:attachment":[{"href":"https:\/\/noticiasdestaque.com.br\/index.php\/wp-json\/wp\/v2\/media?parent=49156"}],"wp:term":[{"taxonomy":"category","embeddable":true,"href":"https:\/\/noticiasdestaque.com.br\/index.php\/wp-json\/wp\/v2\/categories?post=49156"},{"taxonomy":"post_tag","embeddable":true,"href":"https:\/\/noticiasdestaque.com.br\/index.php\/wp-json\/wp\/v2\/tags?post=49156"}],"curies":[{"name":"wp","href":"https:\/\/api.w.org\/{rel}","templated":true}]}}