{"id":49054,"date":"2026-01-14T04:45:00","date_gmt":"2026-01-14T07:45:00","guid":{"rendered":"https:\/\/noticiasdestaque.com.br\/index.php\/2026\/01\/14\/macrorregional-iv-pa-tucurui-e-mais-36-municipios-da-macrorregiao-mantem-mobilizacao-pela-vacinacao-de-criancas-e-adolescentes\/"},"modified":"2026-01-14T04:45:00","modified_gmt":"2026-01-14T07:45:00","slug":"macrorregional-iv-pa-tucurui-e-mais-36-municipios-da-macrorregiao-mantem-mobilizacao-pela-vacinacao-de-criancas-e-adolescentes","status":"publish","type":"post","link":"https:\/\/noticiasdestaque.com.br\/index.php\/2026\/01\/14\/macrorregional-iv-pa-tucurui-e-mais-36-municipios-da-macrorregiao-mantem-mobilizacao-pela-vacinacao-de-criancas-e-adolescentes\/","title":{"rendered":"MACRORREGIONAL IV (PA): Tucuru\u00ed e mais 36 munic\u00edpios da macrorregi\u00e3o mant\u00eam mobiliza\u00e7\u00e3o pela vacina\u00e7\u00e3o de crian\u00e7as e adolescentes"},"content":{"rendered":"<p>\t\t\t\t\t\t\t\t\t\t\t<audio controls class=\"b61_audio_player\" data-noticia=\"86557\" src=\"https:\/\/brasil61.com\/rails\/active_storage\/blobs\/eyJfcmFpbHMiOnsibWVzc2FnZSI6IkJBaHBBMGJoQXc9PSIsImV4cCI6bnVsbCwicHVyIjoiYmxvYl9pZCJ9fQ==--572b3d60e239527ab88b14956e5c39a28b58807e\/VACI250320A\"><\/audio><\/p>\n<p><strong>Os 37 munic\u00edpios da Macrorregional IV de Sa\u00fade do Par\u00e1 \u2013 entre eles Marab\u00e1, Parauapebas, Reden\u00e7\u00e3o, Santana do Araguaia, S\u00e3o F\u00e9lix do Xingu, Tucuru\u00ed \u2013 seguem mobilizados na vacina\u00e7\u00e3o de crian\u00e7as e adolescentes.<\/strong><\/p>\n<p>As coberturas vacinais registradas na macrorregi\u00e3o preocupam. <strong>Diversas vacinas, como a de poliomielite e a tr\u00edplice viral, que protege contra o sarampo, est\u00e3o abaixo da meta estabelecida pelo <a href=\"https:\/\/www.gov.br\/saude\/pt-br\">Minist\u00e9rio da Sa\u00fade<\/a>.\u00a0<\/strong><\/p>\n<p>Em meio a esse cen\u00e1rio, o cuidado das fam\u00edlias faz a diferen\u00e7a. Em <strong>Tucuru\u00ed<\/strong>, no bairro Caripe, a jovem m\u00e3e Rilary da Silva e Silva, de 23 anos, conta que protege o filho mantendo a caderneta de vacina\u00e7\u00e3o sempre atualizada. \u00a0<br \/>\n\u00a0<br \/>\n\u201cManter meu filho vacinado \u00e9 uma forma de proteg\u00ea-lo contra as doen\u00e7as. Para mim \u00e9 muito importante cuidar da imuniza\u00e7\u00e3o dele. \u00c9 um ato de amor, uma responsabilidade com a sa\u00fade dele.\u201d<br \/>\n\u00a0<br \/>\nA atitude de Rilary refor\u00e7a o chamado das autoridades de sa\u00fade. A coordenadora estadual de Imuniza\u00e7\u00f5es do Par\u00e1, Ja\u00edra Ata\u00edde, faz um convite direto \u00e0s fam\u00edlias paraenses.<br \/>\n\u00a0<br \/>\n&#8220;Continua um convite constante para toda a popula\u00e7\u00e3o paraense, para as fam\u00edlias paraenses, que levem as suas crian\u00e7as, os seus adultos, os seus adolescentes, os seus idosos aos locais de vacina\u00e7\u00e3o, para que possamos ver est\u00e3o com a caderneta em dia, se o calend\u00e1rio vacinal est\u00e1 ok.&#8221;<\/p>\n<p><strong>As vacinas fazem parte do Calend\u00e1rio Nacional de Vacina\u00e7\u00e3o e est\u00e3o dispon\u00edveis durante todo o ano nas Unidades B\u00e1sicas de Sa\u00fade. <\/strong>N\u00e3o deixe de se proteger e proteger aqueles que voc\u00ea ama!<br \/>\n\u00a0<br \/>\nAs vacinas para as crian\u00e7as garantem prote\u00e7\u00e3o contra doen\u00e7as como sarampo, poliomielite, tuberculose, hepatite B, meningites, difteria, t\u00e9tano, coqueluche, HPV, febre amarela e covid-19.<br \/>\n\u00a0<br \/>\nPara os adolescentes menores de 15 anos, o foco \u00e9 atualizar a situa\u00e7\u00e3o vacinal, completando os esquemas em atraso de suas vacinas. \u00c9 importante lembrar que a vacina de HPV est\u00e1 dispon\u00edvel para jovens de 15 a 19 anos. N\u00e3o perca a oportunidade de mais essa prote\u00e7\u00e3o!<br \/>\n\u00a0<br \/>\nO diretor do Programa Nacional de Imuniza\u00e7\u00f5es, Eder Gatti, ressalta que <strong>a vacina\u00e7\u00e3o \u00e9 a melhor medida para manter o pa\u00eds livre das doen\u00e7as j\u00e1 controladas, como poliomielite e sarampo<\/strong>. Fa\u00e7a sua parte!<br \/>\n\u00a0<br \/>\n\u201cTivemos grande \u00eaxito, mas n\u00e3o podemos deixar que essas doen\u00e7as retornem. Ent\u00e3o, \u00e9 muito importante que a popula\u00e7\u00e3o se vacine. As vacinas do SUS [Sistema \u00danico de Sa\u00fade] s\u00e3o seguras e protegem, o que \u00e9 mais importante. Ent\u00e3o, vacinar \u00e9 uma prote\u00e7\u00e3o individual, mas tamb\u00e9m prote\u00e7\u00e3o de toda a comunidade.\u201d<br \/>\n\u00a0<br \/>\nAten\u00e7\u00e3o pais e respons\u00e1veis do Par\u00e1! Atualizem a caderneta de vacina\u00e7\u00e3o de crian\u00e7as e adolescentes menores de 15 anos. Procurem uma Unidade B\u00e1sica de Sa\u00fade e mantenham a prote\u00e7\u00e3o em dia.<br \/>\n\u00a0<br \/>\nSaiba mais em <a href=\"https:\/\/www.gov.br\/saude\/pt-br\/campanhas-da-saude\/vacinacao\" target=\"_blank\">gov.br\/vacinacao<\/a>.<\/p>\n<p>\t\t\t\t\t\t\t\t\t\t<img loading=\"lazy\" decoding=\"async\" src=\"https:\/\/brasil61.com\/api\/v1\/serve_pixel\/17677\/86557\" alt=\"Pixel Brasil 61\" class=\"b61_pixel\" width=\"0\" height=\"0\"><\/p>\n<input type=\"hidden\" id=\"baseurl\" value=\"https:\/\/noticiasdestaque.com.br\"><input type=\"hidden\" id=\"audio_nonce\" value=\"6a24ca502e\">","protected":false},"excerpt":{"rendered":"<p>Mobiliza\u00e7\u00e3o refor\u00e7a a import\u00e2ncia da vacina\u00e7\u00e3o como cuidado essencial para a sa\u00fade e o futuro de crian\u00e7as e adolescentes<\/p>\n","protected":false},"author":1,"featured_media":49055,"comment_status":"open","ping_status":"open","sticky":false,"template":"","format":"standard","meta":{"fifu_image_url":"","fifu_image_alt":"","footnotes":""},"categories":[51],"tags":[],"class_list":["post-49054","post","type-post","status-publish","format-standard","has-post-thumbnail","hentry","category-saude"],"distributor_meta":false,"distributor_terms":false,"distributor_media":false,"distributor_original_site_name":"Noticias em Destaque","distributor_original_site_url":"https:\/\/noticiasdestaque.com.br","push-errors":false,"_links":{"self":[{"href":"https:\/\/noticiasdestaque.com.br\/index.php\/wp-json\/wp\/v2\/posts\/49054","targetHints":{"allow":["GET"]}}],"collection":[{"href":"https:\/\/noticiasdestaque.com.br\/index.php\/wp-json\/wp\/v2\/posts"}],"about":[{"href":"https:\/\/noticiasdestaque.com.br\/index.php\/wp-json\/wp\/v2\/types\/post"}],"author":[{"embeddable":true,"href":"https:\/\/noticiasdestaque.com.br\/index.php\/wp-json\/wp\/v2\/users\/1"}],"replies":[{"embeddable":true,"href":"https:\/\/noticiasdestaque.com.br\/index.php\/wp-json\/wp\/v2\/comments?post=49054"}],"version-history":[{"count":0,"href":"https:\/\/noticiasdestaque.com.br\/index.php\/wp-json\/wp\/v2\/posts\/49054\/revisions"}],"wp:featuredmedia":[{"embeddable":true,"href":"https:\/\/noticiasdestaque.com.br\/index.php\/wp-json\/wp\/v2\/media\/49055"}],"wp:attachment":[{"href":"https:\/\/noticiasdestaque.com.br\/index.php\/wp-json\/wp\/v2\/media?parent=49054"}],"wp:term":[{"taxonomy":"category","embeddable":true,"href":"https:\/\/noticiasdestaque.com.br\/index.php\/wp-json\/wp\/v2\/categories?post=49054"},{"taxonomy":"post_tag","embeddable":true,"href":"https:\/\/noticiasdestaque.com.br\/index.php\/wp-json\/wp\/v2\/tags?post=49054"}],"curies":[{"name":"wp","href":"https:\/\/api.w.org\/{rel}","templated":true}]}}