{"id":49052,"date":"2026-01-14T04:45:00","date_gmt":"2026-01-14T07:45:00","guid":{"rendered":"https:\/\/noticiasdestaque.com.br\/index.php\/2026\/01\/14\/macrorregiao-oeste-mt-mirassol-doeste-e-mais-21-municipios-da-macrorregiao-mantem-mobilizacao-pela-vacinacao-de-criancas-e-adolescentes\/"},"modified":"2026-01-14T04:45:00","modified_gmt":"2026-01-14T07:45:00","slug":"macrorregiao-oeste-mt-mirassol-doeste-e-mais-21-municipios-da-macrorregiao-mantem-mobilizacao-pela-vacinacao-de-criancas-e-adolescentes","status":"publish","type":"post","link":"https:\/\/noticiasdestaque.com.br\/index.php\/2026\/01\/14\/macrorregiao-oeste-mt-mirassol-doeste-e-mais-21-municipios-da-macrorregiao-mantem-mobilizacao-pela-vacinacao-de-criancas-e-adolescentes\/","title":{"rendered":"MACRORREGI\u00c3O OESTE (MT): Mirassol d&#8217;Oeste e mais 21 munic\u00edpios da macrorregi\u00e3o mant\u00eam mobiliza\u00e7\u00e3o pela vacina\u00e7\u00e3o de crian\u00e7as e adolescentes"},"content":{"rendered":"<p>\t\t\t\t\t\t\t\t\t\t\t<audio controls class=\"b61_audio_player\" data-noticia=\"86555\" src=\"https:\/\/brasil61.com\/rails\/active_storage\/blobs\/eyJfcmFpbHMiOnsibWVzc2FnZSI6IkJBaHBBMmJoQXc9PSIsImV4cCI6bnVsbCwicHVyIjoiYmxvYl9pZCJ9fQ==--4e001497a1077e7eabd531c4e5f9649ee5276cfc\/VACI250319A\"><\/audio><\/p>\n<p><strong>Os 22 munic\u00edpios da macrorregi\u00e3o Oeste mato-grossense \u2013 entre eles C\u00e1ceres, Mirassol d&#8217;Oeste, Pontes e Lacerda \u2013 seguem mobilizados na vacina\u00e7\u00e3o de crian\u00e7as e adolescentes.<\/strong><\/p>\n<p>As coberturas vacinais registradas na macrorregi\u00e3o preocupam. <strong>Diversas vacinas, como a de poliomielite e a tr\u00edplice viral, que protege contra o sarampo, est\u00e3o abaixo da meta estabelecida pelo <a href=\"https:\/\/www.gov.br\/saude\/pt-br\">Minist\u00e9rio da Sa\u00fade<\/a><\/strong>.<br \/>\n\u00a0<br \/>\nEm <strong>Mirassol d\u2019Oeste<\/strong>, a moradora do bairro Morumbi, Terezinha Carvalho Moraes, de 40 anos, \u00e9 m\u00e3e de quatro filhos e n\u00e3o abre m\u00e3o da vacina\u00e7\u00e3o. Para ela, manter as vacinas em dia \u00e9 uma forma de proteger os beb\u00eas e garantir que as crian\u00e7as cres\u00e7am com mais sa\u00fade.<\/p>\n<p>Terezinha Carvalho Moraes, moradora do bairro Morumbi, Mirassol d\u2019Oeste (MT)<br \/>\n\u00a0<br \/>\n\u201cMe sinto tranquila por eles estarem imunizados. Penso que cada vacina \u00e9 importante, principalmente para os beb\u00eas. Tem todo um cuidado, eles s\u00e3o mais vulner\u00e1veis. E as vacinas s\u00e3o uma forma de prote\u00e7\u00e3o para os beb\u00eas e crian\u00e7as crescerem saud\u00e1veis.\u201d<\/p>\n<p>Esse cuidado defendido pelas fam\u00edlias \u00e9 refor\u00e7ado pelos profissionais de sa\u00fade. A enfermeira da Refer\u00eancia T\u00e9cnica de Imuniza\u00e7\u00f5es da Secretaria Municipal de Sa\u00fade de Cuiab\u00e1, Renata Teles de Godo, faz o alerta e o convite aos pais e respons\u00e1veis.\u00a0<br \/>\n\u00a0<br \/>\n\u201cPais e respons\u00e1veis, venham, procurem uma Unidade B\u00e1sica de Sa\u00fade, procurem uma sala de vacina\u00e7\u00e3o mais pr\u00f3xima da sua resid\u00eancia, manter a caderneta de vacina\u00e7\u00e3o do seu filho atualizada \u00e9 um gesto de amor, de carinho e de sa\u00fade.\u201d\u00a0<\/p>\n<p><strong>As vacinas fazem parte do Calend\u00e1rio Nacional de Vacina\u00e7\u00e3o e est\u00e3o dispon\u00edveis durante todo o ano nas Unidades B\u00e1sicas de Sa\u00fade. <\/strong>N\u00e3o deixe de se proteger e proteger aqueles que voc\u00ea ama!<br \/>\n\u00a0<br \/>\nAs vacinas para as crian\u00e7as garantem prote\u00e7\u00e3o contra doen\u00e7as como sarampo, poliomielite, tuberculose, hepatite B, meningites, difteria, t\u00e9tano, coqueluche, HPV, febre amarela e covid-19.<br \/>\n\u00a0<br \/>\nPara os adolescentes menores de 15 anos, o foco \u00e9 atualizar a situa\u00e7\u00e3o vacinal, completando os esquemas em atraso de suas vacinas. \u00c9 importante lembrar que a vacina de HPV est\u00e1 dispon\u00edvel para jovens de 15 a 19 anos. N\u00e3o perca a oportunidade de mais essa prote\u00e7\u00e3o!<br \/>\n\u00a0<br \/>\nO diretor do Departamento do Programa Nacional de Imuniza\u00e7\u00f5es, Eder Gatti, ressalta que <strong>a vacina\u00e7\u00e3o \u00e9 a melhor medida para manter o pa\u00eds livre das doen\u00e7as j\u00e1 controladas, como poliomielite e sarampo. <\/strong>Fa\u00e7a sua parte!<br \/>\n\u00a0<br \/>\n\u201cTivemos grande \u00eaxito, mas n\u00e3o podemos deixar que essas doen\u00e7as retornem. Ent\u00e3o, \u00e9 muito importante que a popula\u00e7\u00e3o se vacine. As vacinas do SUS [Sistema \u00danico de Sa\u00fade] s\u00e3o seguras e protegem, o que \u00e9 mais importante. Ent\u00e3o, vacinar \u00e9 uma prote\u00e7\u00e3o individual, mas tamb\u00e9m prote\u00e7\u00e3o de toda a comunidade.\u201d<br \/>\n\u00a0<br \/>\nAten\u00e7\u00e3o pais e respons\u00e1veis do Mato Grosso! Atualizem a caderneta de vacina\u00e7\u00e3o de crian\u00e7as e adolescentes menores de 15 anos. Procurem uma Unidade B\u00e1sica de Sa\u00fade e mantenham a prote\u00e7\u00e3o em dia.<br \/>\n\u00a0<br \/>\nSaiba mais em <a href=\"https:\/\/www.gov.br\/saude\/pt-br\/campanhas-da-saude\/vacinacao\" target=\"_blank\">gov.br\/vacinacao<\/a>.<\/p>\n<p>\t\t\t\t\t\t\t\t\t\t<img loading=\"lazy\" decoding=\"async\" src=\"https:\/\/brasil61.com\/api\/v1\/serve_pixel\/17677\/86555\" alt=\"Pixel Brasil 61\" class=\"b61_pixel\" width=\"0\" height=\"0\"><\/p>\n<input type=\"hidden\" id=\"baseurl\" value=\"https:\/\/noticiasdestaque.com.br\"><input type=\"hidden\" id=\"audio_nonce\" value=\"6a24ca502e\">","protected":false},"excerpt":{"rendered":"<p>Mobiliza\u00e7\u00e3o refor\u00e7a a import\u00e2ncia da vacina\u00e7\u00e3o como cuidado essencial para a sa\u00fade e o futuro de crian\u00e7as e adolescentes.<\/p>\n","protected":false},"author":1,"featured_media":49053,"comment_status":"open","ping_status":"open","sticky":false,"template":"","format":"standard","meta":{"fifu_image_url":"","fifu_image_alt":"","footnotes":""},"categories":[51],"tags":[],"class_list":["post-49052","post","type-post","status-publish","format-standard","has-post-thumbnail","hentry","category-saude"],"distributor_meta":false,"distributor_terms":false,"distributor_media":false,"distributor_original_site_name":"Noticias em Destaque","distributor_original_site_url":"https:\/\/noticiasdestaque.com.br","push-errors":false,"_links":{"self":[{"href":"https:\/\/noticiasdestaque.com.br\/index.php\/wp-json\/wp\/v2\/posts\/49052","targetHints":{"allow":["GET"]}}],"collection":[{"href":"https:\/\/noticiasdestaque.com.br\/index.php\/wp-json\/wp\/v2\/posts"}],"about":[{"href":"https:\/\/noticiasdestaque.com.br\/index.php\/wp-json\/wp\/v2\/types\/post"}],"author":[{"embeddable":true,"href":"https:\/\/noticiasdestaque.com.br\/index.php\/wp-json\/wp\/v2\/users\/1"}],"replies":[{"embeddable":true,"href":"https:\/\/noticiasdestaque.com.br\/index.php\/wp-json\/wp\/v2\/comments?post=49052"}],"version-history":[{"count":0,"href":"https:\/\/noticiasdestaque.com.br\/index.php\/wp-json\/wp\/v2\/posts\/49052\/revisions"}],"wp:featuredmedia":[{"embeddable":true,"href":"https:\/\/noticiasdestaque.com.br\/index.php\/wp-json\/wp\/v2\/media\/49053"}],"wp:attachment":[{"href":"https:\/\/noticiasdestaque.com.br\/index.php\/wp-json\/wp\/v2\/media?parent=49052"}],"wp:term":[{"taxonomy":"category","embeddable":true,"href":"https:\/\/noticiasdestaque.com.br\/index.php\/wp-json\/wp\/v2\/categories?post=49052"},{"taxonomy":"post_tag","embeddable":true,"href":"https:\/\/noticiasdestaque.com.br\/index.php\/wp-json\/wp\/v2\/tags?post=49052"}],"curies":[{"name":"wp","href":"https:\/\/api.w.org\/{rel}","templated":true}]}}