{"id":49050,"date":"2026-01-14T04:45:00","date_gmt":"2026-01-14T07:45:00","guid":{"rendered":"https:\/\/noticiasdestaque.com.br\/index.php\/2026\/01\/14\/macrorregional-iii-pa-porto-de-moz-e-mais-28-municipios-da-macrorregiao-mantem-mobilizacao-pela-vacinacao-de-criancas-e-adolescentes\/"},"modified":"2026-01-14T04:45:00","modified_gmt":"2026-01-14T07:45:00","slug":"macrorregional-iii-pa-porto-de-moz-e-mais-28-municipios-da-macrorregiao-mantem-mobilizacao-pela-vacinacao-de-criancas-e-adolescentes","status":"publish","type":"post","link":"https:\/\/noticiasdestaque.com.br\/index.php\/2026\/01\/14\/macrorregional-iii-pa-porto-de-moz-e-mais-28-municipios-da-macrorregiao-mantem-mobilizacao-pela-vacinacao-de-criancas-e-adolescentes\/","title":{"rendered":"MACRORREGIONAL III (PA): Porto de Moz e mais 28 munic\u00edpios da macrorregi\u00e3o mant\u00eam mobiliza\u00e7\u00e3o pela vacina\u00e7\u00e3o de crian\u00e7as e adolescentes"},"content":{"rendered":"<p>\t\t\t\t\t\t\t\t\t\t\t<audio controls class=\"b61_audio_player\" data-noticia=\"86551\" src=\"https:\/\/brasil61.com\/rails\/active_storage\/blobs\/eyJfcmFpbHMiOnsibWVzc2FnZSI6IkJBaHBBMHJoQXc9PSIsImV4cCI6bnVsbCwicHVyIjoiYmxvYl9pZCJ9fQ==--7dc10e29906f12c697ae661841de49e88b5c0475\/VACI250317A\"><\/audio><\/p>\n<p><strong>Os 29 munic\u00edpios da Macrorregional III de Sa\u00fade do Par\u00e1 \u2013 entre eles Almeirim, Altamira, Itaituba, Oriximin\u00e1, Porto de Moz, Santar\u00e9m e Vit\u00f3ria do Xingu \u2013 seguem mobilizados na vacina\u00e7\u00e3o de crian\u00e7as e adolescentes.<\/strong><\/p>\n<p>As coberturas vacinais registradas na macrorregi\u00e3o preocupam. <strong>Diversas vacinas, como a de poliomielite e a tr\u00edplice viral, que protege contra o sarampo, est\u00e3o abaixo da meta estabelecida pelo <a href=\"https:\/\/www.gov.br\/saude\/pt-br\">Minist\u00e9rio da Sa\u00fade<\/a>.<\/strong><\/p>\n<p>Para enfrentar esse cen\u00e1rio, os munic\u00edpios t\u00eam intensificado a\u00e7\u00f5es junto \u00e0 comunidade. Em <strong>Porto de Moz<\/strong>, uma dessas a\u00e7\u00f5es aconteceu no bairro Cabanagem e permitiu que a moradora Maria Dalva Tavares, de 43 anos, levasse os cinco filhos para se vacinar. Para ela, a imuniza\u00e7\u00e3o \u00e9 um gesto de amor e prote\u00e7\u00e3o.<\/p>\n<p><i>\u201cVacinar \u00e9 isso, \u00e9 colocar amor em a\u00e7\u00e3o e proteger antes que o perigo apare\u00e7a. \u00c9 saber que mesmo quando n\u00e3o estiver por perto, algo dentro deles continua cuidando. Isso n\u00e3o tem pre\u00e7o para uma m\u00e3e.\u201d<\/i><\/p>\n<p>O exemplo de Maria Dalva refor\u00e7a a import\u00e2ncia da mobiliza\u00e7\u00e3o em todo o estado. A coordenadora estadual de Imuniza\u00e7\u00f5es do Par\u00e1, Ja\u00edra Ata\u00edde, faz um chamado \u00e0s fam\u00edlias paraenses.<\/p>\n<p><i>&#8220;Continua um convite constante para toda a popula\u00e7\u00e3o paraense, para as fam\u00edlias paraenses, que levem as suas crian\u00e7as, os seus adultos, os seus adolescentes, os seus idosos aos locais de vacina\u00e7\u00e3o, para que possamos ver est\u00e3o com a caderneta em dia, se o calend\u00e1rio vacinal est\u00e1 ok.&#8221;<\/i><br \/>\nAs vacinas fazem parte do Calend\u00e1rio Nacional de Vacina\u00e7\u00e3o e est\u00e3o dispon\u00edveis durante todo o ano nas Unidades B\u00e1sicas de Sa\u00fade. N\u00e3o deixe de se proteger e proteger aqueles que voc\u00ea ama!<\/p>\n<p>As vacinas para as crian\u00e7as garantem prote\u00e7\u00e3o contra doen\u00e7as como sarampo, poliomielite, tuberculose, hepatite B, meningites, difteria, t\u00e9tano, coqueluche, HPV, febre amarela e covid-19.<\/p>\n<p>Para os adolescentes menores de 15 anos, o foco \u00e9 atualizar a situa\u00e7\u00e3o vacinal, completando os esquemas em atraso de suas vacinas. \u00c9 importante lembrar que a vacina de HPV est\u00e1 dispon\u00edvel para jovens de 15 a 19 anos. N\u00e3o perca a oportunidade de mais essa prote\u00e7\u00e3o!<\/p>\n<p>O diretor do Departamento do Programa Nacional de Imuniza\u00e7\u00f5es, Eder Gatti, ressalta que <strong>a vacina\u00e7\u00e3o \u00e9 a melhor medida para manter o pa\u00eds livre das doen\u00e7as j\u00e1 controladas, como poliomielite e sarampo<\/strong>. Fa\u00e7a sua parte!<\/p>\n<p>\u201cTivemos grande \u00eaxito, mas n\u00e3o podemos deixar que essas doen\u00e7as retornem. Ent\u00e3o, \u00e9 muito importante que a popula\u00e7\u00e3o se vacine. As vacinas do SUS [Sistema \u00danico de Sa\u00fade] s\u00e3o seguras e protegem, o que \u00e9 mais importante. Ent\u00e3o, vacinar \u00e9 uma prote\u00e7\u00e3o individual, mas tamb\u00e9m prote\u00e7\u00e3o de toda a comunidade.\u201d<\/p>\n<p>Aten\u00e7\u00e3o pais e respons\u00e1veis do Par\u00e1! Atualizem a caderneta de vacina\u00e7\u00e3o de crian\u00e7as e adolescentes menores de 15 anos. Procurem uma Unidade B\u00e1sica de Sa\u00fade e mantenham a prote\u00e7\u00e3o em dia.<\/p>\n<p>Saiba mais em <a href=\"http:\/\/gov.br\/vacinacao\">gov.br\/vacinacao<\/a>.<\/p>\n<p>\t\t\t\t\t\t\t\t\t\t<img loading=\"lazy\" decoding=\"async\" src=\"https:\/\/brasil61.com\/api\/v1\/serve_pixel\/17677\/86551\" alt=\"Pixel Brasil 61\" class=\"b61_pixel\" width=\"0\" height=\"0\"><\/p>\n<input type=\"hidden\" id=\"baseurl\" value=\"https:\/\/noticiasdestaque.com.br\"><input type=\"hidden\" id=\"audio_nonce\" value=\"6a24ca502e\">","protected":false},"excerpt":{"rendered":"<p>Mobiliza\u00e7\u00e3o refor\u00e7a a import\u00e2ncia da vacina\u00e7\u00e3o como cuidado essencial para a sa\u00fade e o futuro de crian\u00e7as e adolescentes.<br \/>\n\u00a0<\/p>\n","protected":false},"author":1,"featured_media":49051,"comment_status":"open","ping_status":"open","sticky":false,"template":"","format":"standard","meta":{"fifu_image_url":"","fifu_image_alt":"","footnotes":""},"categories":[51],"tags":[],"class_list":["post-49050","post","type-post","status-publish","format-standard","has-post-thumbnail","hentry","category-saude"],"distributor_meta":false,"distributor_terms":false,"distributor_media":false,"distributor_original_site_name":"Noticias em Destaque","distributor_original_site_url":"https:\/\/noticiasdestaque.com.br","push-errors":false,"_links":{"self":[{"href":"https:\/\/noticiasdestaque.com.br\/index.php\/wp-json\/wp\/v2\/posts\/49050","targetHints":{"allow":["GET"]}}],"collection":[{"href":"https:\/\/noticiasdestaque.com.br\/index.php\/wp-json\/wp\/v2\/posts"}],"about":[{"href":"https:\/\/noticiasdestaque.com.br\/index.php\/wp-json\/wp\/v2\/types\/post"}],"author":[{"embeddable":true,"href":"https:\/\/noticiasdestaque.com.br\/index.php\/wp-json\/wp\/v2\/users\/1"}],"replies":[{"embeddable":true,"href":"https:\/\/noticiasdestaque.com.br\/index.php\/wp-json\/wp\/v2\/comments?post=49050"}],"version-history":[{"count":0,"href":"https:\/\/noticiasdestaque.com.br\/index.php\/wp-json\/wp\/v2\/posts\/49050\/revisions"}],"wp:featuredmedia":[{"embeddable":true,"href":"https:\/\/noticiasdestaque.com.br\/index.php\/wp-json\/wp\/v2\/media\/49051"}],"wp:attachment":[{"href":"https:\/\/noticiasdestaque.com.br\/index.php\/wp-json\/wp\/v2\/media?parent=49050"}],"wp:term":[{"taxonomy":"category","embeddable":true,"href":"https:\/\/noticiasdestaque.com.br\/index.php\/wp-json\/wp\/v2\/categories?post=49050"},{"taxonomy":"post_tag","embeddable":true,"href":"https:\/\/noticiasdestaque.com.br\/index.php\/wp-json\/wp\/v2\/tags?post=49050"}],"curies":[{"name":"wp","href":"https:\/\/api.w.org\/{rel}","templated":true}]}}