{"id":49048,"date":"2026-01-14T04:45:00","date_gmt":"2026-01-14T07:45:00","guid":{"rendered":"https:\/\/noticiasdestaque.com.br\/index.php\/2026\/01\/14\/centro-noroeste-mt-tangara-da-serra-e-mais-23-municipios-da-macrorregiao-mantem-mobilizacao-pela-vacinacao-de-criancas-e-adolescentes\/"},"modified":"2026-01-14T04:45:00","modified_gmt":"2026-01-14T07:45:00","slug":"centro-noroeste-mt-tangara-da-serra-e-mais-23-municipios-da-macrorregiao-mantem-mobilizacao-pela-vacinacao-de-criancas-e-adolescentes","status":"publish","type":"post","link":"https:\/\/noticiasdestaque.com.br\/index.php\/2026\/01\/14\/centro-noroeste-mt-tangara-da-serra-e-mais-23-municipios-da-macrorregiao-mantem-mobilizacao-pela-vacinacao-de-criancas-e-adolescentes\/","title":{"rendered":"CENTRO-NOROESTE (MT): Tangar\u00e1 da Serra e mais 23 munic\u00edpios da macrorregi\u00e3o mant\u00eam mobiliza\u00e7\u00e3o pela vacina\u00e7\u00e3o de crian\u00e7as e adolescentes"},"content":{"rendered":"<p>\t\t\t\t\t\t\t\t\t\t\t<audio controls class=\"b61_audio_player\" data-noticia=\"86537\" src=\"https:\/\/brasil61.com\/rails\/active_storage\/blobs\/eyJfcmFpbHMiOnsibWVzc2FnZSI6IkJBaHBBMmpoQXc9PSIsImV4cCI6bnVsbCwicHVyIjoiYmxvYl9pZCJ9fQ==--ca76281707df56541abf7efdb7b0574b1949a1b1\/VACI250316A\"><\/audio><\/p>\n<p><strong>Os 24 munic\u00edpios da macrorregi\u00e3o Centro-Noroeste, em Mato Grosso \u2013 entre eles Alto Paraguai, Campo Novo do Parecis, Ju\u00edna, Ros\u00e1rio Oeste, S\u00e3o Jos\u00e9 do Rio Claro e Tangar\u00e1 da Serra \u2013 seguem mobilizados na vacina\u00e7\u00e3o de crian\u00e7as e adolescentes.<\/strong><\/p>\n<p>As coberturas vacinais registradas na macrorregi\u00e3o preocupam. <strong>Diversas vacinas, como a de poliomielite e a tr\u00edplice viral, que protege contra o sarampo, est\u00e3o abaixo da meta estabelecida pelo <a href=\"https:\/\/www.gov.br\/saude\/pt-br\">Minist\u00e9rio da Sa\u00fade<\/a>.\u00a0<\/strong><\/p>\n<p>Em <strong>Tangar\u00e1 da Serra<\/strong>, o cuidado das fam\u00edlias refor\u00e7a a import\u00e2ncia da imuniza\u00e7\u00e3o. Moradora do bairro Jardim Mituo, a pedagoga e servidora municipal Juc\u00e9lia de Oliveira, de 50 anos, mant\u00e9m o cart\u00e3o de vacina\u00e7\u00e3o dos filhos sempre em dia.\u00a0<\/p>\n<p>M\u00e3e de tr\u00eas \u2013 um menino de 7, uma pr\u00e9-adolescente de 12 e um adolescente de 15 anos \u2013, Juc\u00e9lia acredita que vacinar \u00e9 um compromisso com a vida.<\/p>\n<p>\u201cLevo os meus filhos para vacinar porque \u00e9 uma preven\u00e7\u00e3o que eles t\u00eam contra doen\u00e7as contagiosas.\u201d<\/p>\n<p>\u00a0A atitude de Juc\u00e9lia reflete a orienta\u00e7\u00e3o dos profissionais de sa\u00fade. A enfermeira e refer\u00eancia t\u00e9cnica de Imuniza\u00e7\u00f5es da Secretaria Municipal de Sa\u00fade de Cuiab\u00e1, Renata Teles de Godoy, refor\u00e7a o chamado aos pais e respons\u00e1veis.<\/p>\n<p>\u201cPais e respons\u00e1veis, venham, procurem uma Unidade B\u00e1sica de Sa\u00fade, procurem uma sala de vacina\u00e7\u00e3o mais pr\u00f3xima da sua resid\u00eancia, manter a caderneta de vacina\u00e7\u00e3o do seu filho atualizada \u00e9 um gesto de amor, de carinho e de sa\u00fade. Mantendo essas vacinas em dia, a sua crian\u00e7a vai estar protegida, com maior oportunidade de um futuro saud\u00e1vel.\u201d\u00a0<\/p>\n<p><strong>As vacinas fazem parte do Calend\u00e1rio Nacional de Vacina\u00e7\u00e3o e est\u00e3o dispon\u00edveis durante todo o ano nas Unidades B\u00e1sicas de Sa\u00fade. <\/strong>N\u00e3o deixe de se proteger e proteger aqueles que voc\u00ea ama!<\/p>\n<p>As vacinas para as crian\u00e7as garantem prote\u00e7\u00e3o contra doen\u00e7as como sarampo, poliomielite, tuberculose, hepatite B, meningites, difteria, t\u00e9tano, coqueluche, HPV, febre amarela e covid-19.<\/p>\n<p>Para os adolescentes menores de 15 anos, o foco \u00e9 atualizar a situa\u00e7\u00e3o vacinal, completando os esquemas em atraso de suas vacinas. \u00c9 importante lembrar que a vacina de HPV est\u00e1 dispon\u00edvel para jovens de 15 a 19 anos. N\u00e3o perca a oportunidade de mais essa prote\u00e7\u00e3o!<\/p>\n<p>O diretor do Departamento do Programa Nacional de Imuniza\u00e7\u00f5es, Eder Gatti, ressalta que <strong>a vacina\u00e7\u00e3o \u00e9 a melhor medida para manter o pa\u00eds livre das doen\u00e7as j\u00e1 controladas, como poliomielite e sarampo. <\/strong>Fa\u00e7a sua parte!<\/p>\n<p>\u201cTivemos grande \u00eaxito, mas n\u00e3o podemos deixar que essas doen\u00e7as retornem. Ent\u00e3o, \u00e9 muito importante que a popula\u00e7\u00e3o se vacine. As vacinas do SUS [Sistema \u00danico de Sa\u00fade] s\u00e3o seguras e protegem, o que \u00e9 mais importante. Ent\u00e3o, vacinar \u00e9 uma prote\u00e7\u00e3o individual, mas tamb\u00e9m prote\u00e7\u00e3o de toda a comunidade.\u201d<\/p>\n<p>Aten\u00e7\u00e3o, pais e respons\u00e1veis do Mato Grosso! Atualizem a caderneta de vacina\u00e7\u00e3o de crian\u00e7as e adolescentes menores de 15 anos. Procurem uma Unidade B\u00e1sica de Sa\u00fade e mantenham a prote\u00e7\u00e3o em dia.<\/p>\n<p>Saiba mais em <a href=\"http:\/\/gov.br\/vacinacao\"><strong>gov.br\/vacinacao<\/strong><\/a>.<br \/>\n\u00a0<br \/>\n\u2003<br \/>\n\u00a0<\/p>\n<p>\t\t\t\t\t\t\t\t\t\t<img loading=\"lazy\" decoding=\"async\" src=\"https:\/\/brasil61.com\/api\/v1\/serve_pixel\/17677\/86537\" alt=\"Pixel Brasil 61\" class=\"b61_pixel\" width=\"0\" height=\"0\"><\/p>\n<input type=\"hidden\" id=\"baseurl\" value=\"https:\/\/noticiasdestaque.com.br\"><input type=\"hidden\" id=\"audio_nonce\" value=\"6a24ca502e\">","protected":false},"excerpt":{"rendered":"<p>Pais, m\u00e3es e respons\u00e1veis, procurem a Unidade de Sa\u00fade mais pr\u00f3xima e vacinem seus filhos<\/p>\n","protected":false},"author":1,"featured_media":49049,"comment_status":"open","ping_status":"open","sticky":false,"template":"","format":"standard","meta":{"fifu_image_url":"","fifu_image_alt":"","footnotes":""},"categories":[51],"tags":[],"class_list":["post-49048","post","type-post","status-publish","format-standard","has-post-thumbnail","hentry","category-saude"],"distributor_meta":false,"distributor_terms":false,"distributor_media":false,"distributor_original_site_name":"Noticias em Destaque","distributor_original_site_url":"https:\/\/noticiasdestaque.com.br","push-errors":false,"_links":{"self":[{"href":"https:\/\/noticiasdestaque.com.br\/index.php\/wp-json\/wp\/v2\/posts\/49048","targetHints":{"allow":["GET"]}}],"collection":[{"href":"https:\/\/noticiasdestaque.com.br\/index.php\/wp-json\/wp\/v2\/posts"}],"about":[{"href":"https:\/\/noticiasdestaque.com.br\/index.php\/wp-json\/wp\/v2\/types\/post"}],"author":[{"embeddable":true,"href":"https:\/\/noticiasdestaque.com.br\/index.php\/wp-json\/wp\/v2\/users\/1"}],"replies":[{"embeddable":true,"href":"https:\/\/noticiasdestaque.com.br\/index.php\/wp-json\/wp\/v2\/comments?post=49048"}],"version-history":[{"count":0,"href":"https:\/\/noticiasdestaque.com.br\/index.php\/wp-json\/wp\/v2\/posts\/49048\/revisions"}],"wp:featuredmedia":[{"embeddable":true,"href":"https:\/\/noticiasdestaque.com.br\/index.php\/wp-json\/wp\/v2\/media\/49049"}],"wp:attachment":[{"href":"https:\/\/noticiasdestaque.com.br\/index.php\/wp-json\/wp\/v2\/media?parent=49048"}],"wp:term":[{"taxonomy":"category","embeddable":true,"href":"https:\/\/noticiasdestaque.com.br\/index.php\/wp-json\/wp\/v2\/categories?post=49048"},{"taxonomy":"post_tag","embeddable":true,"href":"https:\/\/noticiasdestaque.com.br\/index.php\/wp-json\/wp\/v2\/tags?post=49048"}],"curies":[{"name":"wp","href":"https:\/\/api.w.org\/{rel}","templated":true}]}}