{"id":49036,"date":"2026-01-13T19:00:00","date_gmt":"2026-01-13T22:00:00","guid":{"rendered":"https:\/\/noticiasdestaque.com.br\/index.php\/2026\/01\/13\/previsao-do-tempo-nordeste-tem-alerta-de-baixa-umidade-nesta-quarta-feira-14\/"},"modified":"2026-01-13T19:00:00","modified_gmt":"2026-01-13T22:00:00","slug":"previsao-do-tempo-nordeste-tem-alerta-de-baixa-umidade-nesta-quarta-feira-14","status":"publish","type":"post","link":"https:\/\/noticiasdestaque.com.br\/index.php\/2026\/01\/13\/previsao-do-tempo-nordeste-tem-alerta-de-baixa-umidade-nesta-quarta-feira-14\/","title":{"rendered":"PREVIS\u00c3O DO TEMPO: Nordeste tem alerta de baixa umidade nesta quarta-feira (14)"},"content":{"rendered":"<p>\t\t\t\t\t\t\t\t\t\t\t<audio controls class=\"b61_audio_player\" data-noticia=\"87005\" src=\"https:\/\/brasil61.com\/rails\/active_storage\/blobs\/eyJfcmFpbHMiOnsibWVzc2FnZSI6IkJBaHBBMkxoQXc9PSIsImV4cCI6bnVsbCwicHVyIjoiYmxvYl9pZCJ9fQ==--3f0a5e03b77157d5333c222a766ee7eb3773babb\/PTND264924A\"><\/audio><\/p>\n<p>O <a href=\"https:\/\/portal.inmet.gov.br\/\">Instituto Nacional de Meteorologia<\/a> emitiu <strong>alerta de baixa umidade <\/strong>para os estados do Piau\u00ed, Cear\u00e1, Rio Grande do Norte, Para\u00edba e Pernambuco.<\/p>\n<p>No Maranh\u00e3o, a expectativa \u00e9 de <strong>muitas nuvens com chuva<\/strong> no per\u00edodo da tarde, com instabilidade espalhada por diversas regi\u00f5es do estado.<\/p>\n<p>No Piau\u00ed, pode <strong>chover <\/strong>na regi\u00e3o litor\u00e2nea, atingindo os munic\u00edpios de Parna\u00edba e Lu\u00eds Correia, localizados no norte do estado.<\/p>\n<p>No Cear\u00e1, as <strong>chuvas <\/strong>chegam ao centro-sul cearense, alcan\u00e7ando os munic\u00edpios de Ic\u00f3 e V\u00e1rzea Alegre, situados na regi\u00e3o do Cariri e Centro-Sul.<\/p>\n<p>No Rio Grande do Norte, na Para\u00edba e em Pernambuco, a expectativa \u00e9 de <strong>chuva <\/strong>nas \u00e1reas litor\u00e2neas. Em Pernambuco, a previs\u00e3o inclui a Regi\u00e3o Metropolitana do Recife, especialmente a faixa costeira.<\/p>\n<p>Em Alagoas, pode <strong>chover <\/strong>no Agreste alagoano e no Baixo S\u00e3o Francisco, atingindo os munic\u00edpios de Feira Grande e Porto Real do Col\u00e9gio. J\u00e1 no Sert\u00e3o alagoano, cidades como Po\u00e7o das Trincheiras e Santana do Ipanema registram apenas <strong>muitas nuvens, sem previs\u00e3o de chuva<\/strong>.<\/p>\n<p>Em Sergipe, na capital Aracaju, o litoral apresenta <strong>muitas nuvens com possibilidade de chuva isolada<\/strong>, enquanto o interior sergipano segue com tempo claro e est\u00e1vel.<\/p>\n<p>Na Bahia, as <strong>precipita\u00e7\u00f5es mais intensas<\/strong> se concentram no oeste baiano, no munic\u00edpio de Cocos, e tamb\u00e9m no extremo sul do estado, com destaque para Teixeira de Freitas e Medeiros Neto.<\/p>\n<p>Entre as capitais, a temperatura m\u00ednima prevista \u00e9 de 24\u00b0C em Salvador e Macei\u00f3. J\u00e1 a m\u00e1xima pode chegar a 37\u00b0C, em Teresina. A umidade relativa do ar varia entre 40% e 100%.<\/p>\n<h2>5 motivos para acompanhar as previs\u00f5es do tempo<\/h2>\n<ul>\n<li>Agricultura: garantia de uma boa colheita;<\/li>\n<li>Marinha: prote\u00e7\u00e3o de marinheiros, navios e passageiros;<\/li>\n<li>Aeron\u00e1utica: seguran\u00e7a de pilotos, aeronaves e passageiros;<\/li>\n<li>Pesca: condi\u00e7\u00f5es favor\u00e1veis e seguras para a atividade;<\/li>\n<li>Turismo: garantia de passeios e viagens tranquilas e agrad\u00e1veis.<\/li>\n<\/ul>\n<h2>Import\u00e2ncia das observa\u00e7\u00f5es meteorol\u00f3gicas no INMET<\/h2>\n<p>As observa\u00e7\u00f5es meteorol\u00f3gicas do <a href=\"https:\/\/portal.inmet.gov.br\/\">INMET<\/a> s\u00e3o essenciais para previs\u00f5es em tempo real, estat\u00edsticas clim\u00e1ticas e coopera\u00e7\u00e3o internacional. Esses dados precisos ajudam a estudar o clima passado e a produzir Normais Climatol\u00f3gicas conforme a <strong>Organiza\u00e7\u00e3o Meteorol\u00f3gica Mundial <\/strong>(<a href=\"https:\/\/worldweather.wmo.int\/pt\/home.html\">OMM<\/a>).<\/p>\n<p>As informa\u00e7\u00f5es s\u00e3o do <strong>Instituto Nacional de Meteorologia<\/strong> (<a href=\"https:\/\/portal.inmet.gov.br\/\">Inmet<\/a>).<\/p>\n<p>\t\t\t\t\t\t\t\t\t\t<img loading=\"lazy\" decoding=\"async\" src=\"https:\/\/brasil61.com\/api\/v1\/serve_pixel\/17677\/87005\" alt=\"Pixel Brasil 61\" class=\"b61_pixel\" width=\"0\" height=\"0\"><\/p>\n<input type=\"hidden\" id=\"baseurl\" value=\"https:\/\/noticiasdestaque.com.br\"><input type=\"hidden\" id=\"audio_nonce\" value=\"6f73a554f1\">","protected":false},"excerpt":{"rendered":"<p>No Piau\u00ed, pode chover na regi\u00e3o litor\u00e2nea, atingindo os munic\u00edpios de Parna\u00edba e Lu\u00eds Correia, localizados no norte do estado<\/p>\n","protected":false},"author":1,"featured_media":49037,"comment_status":"open","ping_status":"open","sticky":false,"template":"","format":"standard","meta":{"fifu_image_url":"","fifu_image_alt":"","footnotes":""},"categories":[58],"tags":[],"class_list":["post-49036","post","type-post","status-publish","format-standard","has-post-thumbnail","hentry","category-cotidiano"],"distributor_meta":false,"distributor_terms":false,"distributor_media":false,"distributor_original_site_name":"Noticias em Destaque","distributor_original_site_url":"https:\/\/noticiasdestaque.com.br","push-errors":false,"_links":{"self":[{"href":"https:\/\/noticiasdestaque.com.br\/index.php\/wp-json\/wp\/v2\/posts\/49036","targetHints":{"allow":["GET"]}}],"collection":[{"href":"https:\/\/noticiasdestaque.com.br\/index.php\/wp-json\/wp\/v2\/posts"}],"about":[{"href":"https:\/\/noticiasdestaque.com.br\/index.php\/wp-json\/wp\/v2\/types\/post"}],"author":[{"embeddable":true,"href":"https:\/\/noticiasdestaque.com.br\/index.php\/wp-json\/wp\/v2\/users\/1"}],"replies":[{"embeddable":true,"href":"https:\/\/noticiasdestaque.com.br\/index.php\/wp-json\/wp\/v2\/comments?post=49036"}],"version-history":[{"count":0,"href":"https:\/\/noticiasdestaque.com.br\/index.php\/wp-json\/wp\/v2\/posts\/49036\/revisions"}],"wp:featuredmedia":[{"embeddable":true,"href":"https:\/\/noticiasdestaque.com.br\/index.php\/wp-json\/wp\/v2\/media\/49037"}],"wp:attachment":[{"href":"https:\/\/noticiasdestaque.com.br\/index.php\/wp-json\/wp\/v2\/media?parent=49036"}],"wp:term":[{"taxonomy":"category","embeddable":true,"href":"https:\/\/noticiasdestaque.com.br\/index.php\/wp-json\/wp\/v2\/categories?post=49036"},{"taxonomy":"post_tag","embeddable":true,"href":"https:\/\/noticiasdestaque.com.br\/index.php\/wp-json\/wp\/v2\/tags?post=49036"}],"curies":[{"name":"wp","href":"https:\/\/api.w.org\/{rel}","templated":true}]}}