{"id":49030,"date":"2026-01-13T18:30:00","date_gmt":"2026-01-13T21:30:00","guid":{"rendered":"https:\/\/noticiasdestaque.com.br\/index.php\/2026\/01\/13\/previsao-do-tempo-alerta-de-chuvas-intensas-no-centro-oeste-nesta-quarta-feira-14\/"},"modified":"2026-01-13T18:30:00","modified_gmt":"2026-01-13T21:30:00","slug":"previsao-do-tempo-alerta-de-chuvas-intensas-no-centro-oeste-nesta-quarta-feira-14","status":"publish","type":"post","link":"https:\/\/noticiasdestaque.com.br\/index.php\/2026\/01\/13\/previsao-do-tempo-alerta-de-chuvas-intensas-no-centro-oeste-nesta-quarta-feira-14\/","title":{"rendered":"PREVIS\u00c3O DO TEMPO:  Alerta de chuvas intensas no Centro-Oeste nesta quarta-feira (14)"},"content":{"rendered":"<p>\t\t\t\t\t\t\t\t\t\t\t<audio controls class=\"b61_audio_player\" data-noticia=\"87011\" src=\"https:\/\/brasil61.com\/rails\/active_storage\/blobs\/eyJfcmFpbHMiOnsibWVzc2FnZSI6IkJBaHBBMTdoQXc9PSIsImV4cCI6bnVsbCwicHVyIjoiYmxvYl9pZCJ9fQ==--514aefcccbdafbba7cbb2af38610342602e4ac60\/PTCO264328A\"><\/audio><\/p>\n<p>\u00a0<\/p>\n<\/p>\n<p>O <a href=\"https:\/\/portal.inmet.gov.br\/\">Instituto Nacional de Meteorologia<\/a> emitiu <strong>alerta de chuvas intensas <\/strong>para os tr\u00eas estados da Regi\u00e3o Centro-Oeste e tamb\u00e9m para o Distrito Federal.<\/p>\n<p>Em Mato Grosso, a previs\u00e3o indica <strong>muitas nuvens com pancadas de chuva e trovoadas isoladas<\/strong> ao longo do dia, com instabilidade espalhada por todo o estado.<\/p>\n<p>Em Mato Grosso do Sul, a <strong>chuva <\/strong>ocorre com maior intensidade nos munic\u00edpios de Tr\u00eas Lagoas e \u00c1gua Clara. J\u00e1 em Parana\u00edba, h\u00e1 possibilidade de <strong>queda de granizo<\/strong>, associada a temporais mais fortes.<\/p>\n<p>Em Goi\u00e1s, a <strong>instabilidade <\/strong>prevalece durante todo o dia, com risco de<strong> queda de granizo<\/strong> em munic\u00edpios como Silv\u00e2nia, Goi\u00e2nia e Bela Vista de Goi\u00e1s.<\/p>\n<p>No Distrito Federal, a expectativa \u00e9 de <strong>muitas nuvens com chuva<\/strong> ao longo do dia, com per\u00edodos de pancadas mais intensas, principalmente entre a tarde e a noite.<\/p>\n<p>Entre as capitais, a temperatura m\u00ednima prevista \u00e9 de 19\u00b0C, em Bras\u00edlia e Goi\u00e2nia. J\u00e1 a m\u00e1xima deve chegar a 35\u00b0C, em Cuiab\u00e1. A umidade relativa do ar varia entre 50% e 100%.<\/p>\n<h2>O QUE \u00c9 GRANIZO?\u00a0<\/h2>\n<p>Precipita\u00e7\u00e3o originada de nuvens convectivas, sobretudo cumulonimbus, que atinge o solo em forma de esferas ou fragmentos irregulares de gelo. Quando o di\u00e2metro das part\u00edculas \u00e9 \u2265 5 mm, classificam-se como granizo; part\u00edculas menores s\u00e3o classificadas como granizo mi\u00fado e\/ou neve granulada (graupel). Em boletins METAR, utiliza-se \u2018GR\u2019 para granizo e \u2018GS\u2019 para granizo mi\u00fado\/neve granulada. Unidades isoladas s\u00e3o chamadas de \u2018pedras de granizo\u2019.<\/p>\n<h2>5 motivos para acompanhar as previs\u00f5es do tempo<\/h2>\n<ul>\n<li>Agricultura: garantia de uma boa colheita;<\/li>\n<li>Marinha: prote\u00e7\u00e3o de marinheiros, navios e passageiros;<\/li>\n<li>Aeron\u00e1utica: seguran\u00e7a de pilotos, aeronaves e passageiros;<\/li>\n<li>Pesca: condi\u00e7\u00f5es favor\u00e1veis e seguras para a atividade;<\/li>\n<li>Turismo: garantia de passeios e viagens tranquilas e agrad\u00e1veis.<\/li>\n<\/ul>\n<h2>Import\u00e2ncia das observa\u00e7\u00f5es meteorol\u00f3gicas no INMET<\/h2>\n<p>As observa\u00e7\u00f5es meteorol\u00f3gicas do <a href=\"https:\/\/portal.inmet.gov.br\/\">INMET<\/a> s\u00e3o essenciais para previs\u00f5es em tempo real, estat\u00edsticas clim\u00e1ticas e coopera\u00e7\u00e3o internacional. Esses dados precisos ajudam a estudar o clima passado e a produzir Normais Climatol\u00f3gicas conforme a <strong>Organiza\u00e7\u00e3o Meteorol\u00f3gica Mundial<\/strong> (<a href=\"https:\/\/worldweather.wmo.int\/pt\/home.html\">OMM<\/a>).<\/p>\n<p>As informa\u00e7\u00f5es s\u00e3o do <strong>Instituto Nacional de Meteorologia <\/strong>(<a href=\"https:\/\/portal.inmet.gov.br\/\">Inmet<\/a>).<br \/>\n\u00a0<\/p>\n<p>\t\t\t\t\t\t\t\t\t\t<img loading=\"lazy\" decoding=\"async\" src=\"https:\/\/brasil61.com\/api\/v1\/serve_pixel\/17677\/87011\" alt=\"Pixel Brasil 61\" class=\"b61_pixel\" width=\"0\" height=\"0\"><\/p>\n<input type=\"hidden\" id=\"baseurl\" value=\"https:\/\/noticiasdestaque.com.br\"><input type=\"hidden\" id=\"audio_nonce\" value=\"6f73a554f1\">","protected":false},"excerpt":{"rendered":"<p>Em Mato Grosso do Sul, a chuva ocorre com maior intensidade nos munic\u00edpios de Tr\u00eas Lagoas e \u00c1gua Clara<\/p>\n","protected":false},"author":1,"featured_media":49031,"comment_status":"open","ping_status":"open","sticky":false,"template":"","format":"standard","meta":{"fifu_image_url":"","fifu_image_alt":"","footnotes":""},"categories":[58],"tags":[],"class_list":["post-49030","post","type-post","status-publish","format-standard","has-post-thumbnail","hentry","category-cotidiano"],"distributor_meta":false,"distributor_terms":false,"distributor_media":false,"distributor_original_site_name":"Noticias em Destaque","distributor_original_site_url":"https:\/\/noticiasdestaque.com.br","push-errors":false,"_links":{"self":[{"href":"https:\/\/noticiasdestaque.com.br\/index.php\/wp-json\/wp\/v2\/posts\/49030","targetHints":{"allow":["GET"]}}],"collection":[{"href":"https:\/\/noticiasdestaque.com.br\/index.php\/wp-json\/wp\/v2\/posts"}],"about":[{"href":"https:\/\/noticiasdestaque.com.br\/index.php\/wp-json\/wp\/v2\/types\/post"}],"author":[{"embeddable":true,"href":"https:\/\/noticiasdestaque.com.br\/index.php\/wp-json\/wp\/v2\/users\/1"}],"replies":[{"embeddable":true,"href":"https:\/\/noticiasdestaque.com.br\/index.php\/wp-json\/wp\/v2\/comments?post=49030"}],"version-history":[{"count":0,"href":"https:\/\/noticiasdestaque.com.br\/index.php\/wp-json\/wp\/v2\/posts\/49030\/revisions"}],"wp:featuredmedia":[{"embeddable":true,"href":"https:\/\/noticiasdestaque.com.br\/index.php\/wp-json\/wp\/v2\/media\/49031"}],"wp:attachment":[{"href":"https:\/\/noticiasdestaque.com.br\/index.php\/wp-json\/wp\/v2\/media?parent=49030"}],"wp:term":[{"taxonomy":"category","embeddable":true,"href":"https:\/\/noticiasdestaque.com.br\/index.php\/wp-json\/wp\/v2\/categories?post=49030"},{"taxonomy":"post_tag","embeddable":true,"href":"https:\/\/noticiasdestaque.com.br\/index.php\/wp-json\/wp\/v2\/tags?post=49030"}],"curies":[{"name":"wp","href":"https:\/\/api.w.org\/{rel}","templated":true}]}}