{"id":49022,"date":"2026-01-13T04:25:00","date_gmt":"2026-01-13T07:25:00","guid":{"rendered":"https:\/\/noticiasdestaque.com.br\/index.php\/2026\/01\/13\/apos-reajuste-de-39-teto-do-inss-sobe-para-r-8-47555-em-2026\/"},"modified":"2026-01-13T04:25:00","modified_gmt":"2026-01-13T07:25:00","slug":"apos-reajuste-de-39-teto-do-inss-sobe-para-r-8-47555-em-2026","status":"publish","type":"post","link":"https:\/\/noticiasdestaque.com.br\/index.php\/2026\/01\/13\/apos-reajuste-de-39-teto-do-inss-sobe-para-r-8-47555-em-2026\/","title":{"rendered":"Ap\u00f3s reajuste de 3,9%, teto do INSS sobe para R$ 8.475,55 em 2026"},"content":{"rendered":"<p>\t\t\t\t\t\t\t\t\t\t\t<audio controls class=\"b61_audio_player\" data-noticia=\"86981\" src=\"https:\/\/brasil61.com\/rails\/active_storage\/blobs\/eyJfcmFpbHMiOnsibWVzc2FnZSI6IkJBaHBBNWpnQXc9PSIsImV4cCI6bnVsbCwicHVyIjoiYmxvYl9pZCJ9fQ==--a67a5c5a363944326f8b58658101a8199ae3167f\/BRAS2615552A\"><\/audio><\/p>\n<p><strong>Os benef\u00edcios previdenci\u00e1rios pagos pelo Instituto Nacional do Seguro Social (INSS) com valor acima do sal\u00e1rio m\u00ednimo passaram por um reajuste de 3,90%. Com a atualiza\u00e7\u00e3o, o teto m\u00e1ximo dos benef\u00edcios pagos pelo instituto passou a ser de R$ 8.475,55.<\/strong><\/p>\n<p>A defini\u00e7\u00e3o consta na <a href=\"https:\/\/www.gov.br\/previdencia\/pt-br\/assuntos\/rpps\/documentos\/PortariaInterministerialMPSMF13de9dejaneirode2026.pdf\" target=\"_blank\">Portaria Interministerial MPS\/MF n\u00ba 13<\/a>, publicada em 9 de janeiro de 2026. Apesar da data de publica\u00e7\u00e3o, a medida est\u00e1 em vigor desde 1\u00ba de janeiro deste ano. A mudan\u00e7a tamb\u00e9m se aplica a outros aux\u00edlios especiais previstos em lei.<\/p>\n<h2>Pens\u00f5es especiais<\/h2>\n<p>A portaria tamb\u00e9m trata da atualiza\u00e7\u00e3o dos valores de refer\u00eancia para pens\u00f5es especiais, como a destinada \u00e0s v\u00edtimas da s\u00edndrome da talidomida e a pens\u00e3o paga a pessoas atingidas pela hansen\u00edase.<\/p>\n<p><strong>Segundo o <a href=\"https:\/\/www.gov.br\/previdencia\/pt-br\" target=\"_blank\">Minist\u00e9rio da Previd\u00eancia Social<\/a>, atualmente mais de 12,2 milh\u00f5es de benef\u00edcios t\u00eam valor superior ao piso nacional. De acordo com o calend\u00e1rio de pagamentos do INSS, esses segurados come\u00e7ar\u00e3o a receber os valores reajustados a partir do dia 2 de fevereiro.<\/strong><\/p>\n<p><a href=\"https:\/\/brasil61.com\/n\/codigo-de-defesa-do-contribuinte-preve-ampliacao-de-transparencia-entre-fisco-e-contribuinte-bras2615538\" target=\"_blank\">C\u00f3digo de Defesa do Contribuinte prev\u00ea amplia\u00e7\u00e3o de transpar\u00eancia entre Fisco e contribuinte<\/a><\/p>\n<p><a href=\"https:\/\/brasil61.com\/n\/mapa-atualiza-regra-para-entrada-de-produtos-agropecuarios-no-pais-mapa260028\" target=\"_blank\">MAPA atualiza regra para entrada de produtos agropecu\u00e1rios no pa\u00eds<\/a><\/p>\n<p>Outra mudan\u00e7a est\u00e1 relacionada \u00e0 di\u00e1ria paga ao segurado ou dependente que precise se deslocar para a realiza\u00e7\u00e3o de exame m\u00e9dico-pericial ou para participar de processo de reabilita\u00e7\u00e3o profissional. Nesse caso, o valor foi atualizado para R$ 141,63.<\/p>\n<p><strong>O minist\u00e9rio explica ainda que os segurados que recebem o piso previdenci\u00e1rio ter\u00e3o os pagamentos ajustados conforme o novo valor do sal\u00e1rio m\u00ednimo nacional, que passou a ser de R$ 1.621,00.<\/strong><\/p>\n<p>Esse grupo corresponde a 21,9 milh\u00f5es de benefici\u00e1rios, que receber\u00e3o os pagamentos entre 26 de janeiro e 6 de fevereiro. Para saber a data exata do dep\u00f3sito, \u00e9 necess\u00e1rio verificar o n\u00famero final do cart\u00e3o de benef\u00edcio, desconsiderando o d\u00edgito verificador que aparece ap\u00f3s o tra\u00e7o.<\/p>\n<h2>Valores de refer\u00eancia<\/h2>\n<p>A portaria tamb\u00e9m estabelece que o sal\u00e1rio de benef\u00edcio \u2014 valor usado como base para o c\u00e1lculo da aposentadoria ou de outros benef\u00edcios \u2014 e o sal\u00e1rio de contribui\u00e7\u00e3o \u2014 sobre o qual o trabalhador contribui para o INSS \u2014 n\u00e3o poder\u00e3o ser inferiores a R$ 1.621,00 nem superiores a R$ 8.475,55, a partir de 1\u00ba de janeiro de 2026.<\/p>\n<p>As faixas de contribui\u00e7\u00e3o ao INSS para trabalhadores empregados, dom\u00e9sticos e avulsos tamb\u00e9m foram atualizadas. As novas al\u00edquotas, que variam de 7,5% a 14%, s\u00e3o:<\/p>\n<ul>\n<li>7,5% para quem ganha at\u00e9 R$ 1.621,00;<\/li>\n<li>9% para quem ganha entre R$ 1.621,01 e R$ 2.902,84;<\/li>\n<li>12% para quem ganha entre R$ 2.902,85 e R$ 4.354,27;<\/li>\n<li>14% para quem ganha de R$ 4.354,28 at\u00e9 R$ 8.475,55.<\/li>\n<\/ul>\n<p>Essas al\u00edquotas se referem aos sal\u00e1rios de janeiro e dever\u00e3o ser recolhidas em fevereiro, uma vez que, em janeiro, os segurados pagam a contribui\u00e7\u00e3o referente ao m\u00eas anterior.<\/p>\n<p>\t\t\t\t\t\t\t\t\t\t<img loading=\"lazy\" decoding=\"async\" src=\"https:\/\/brasil61.com\/api\/v1\/serve_pixel\/17677\/86981\" alt=\"Pixel Brasil 61\" class=\"b61_pixel\" width=\"0\" height=\"0\"><\/p>\n<input type=\"hidden\" id=\"baseurl\" value=\"https:\/\/noticiasdestaque.com.br\"><input type=\"hidden\" id=\"audio_nonce\" value=\"6a24ca502e\">","protected":false},"excerpt":{"rendered":"<p>Os segurados que recebem o piso previdenci\u00e1rio ter\u00e3o os pagamentos ajustados conforme o novo valor do sal\u00e1rio m\u00ednimo nacional, que passou a ser de R$ 1.621,00<\/p>\n","protected":false},"author":1,"featured_media":49023,"comment_status":"open","ping_status":"open","sticky":false,"template":"","format":"standard","meta":{"fifu_image_url":"","fifu_image_alt":"","footnotes":""},"categories":[48],"tags":[],"class_list":["post-49022","post","type-post","status-publish","format-standard","has-post-thumbnail","hentry","category-mundo"],"distributor_meta":false,"distributor_terms":false,"distributor_media":false,"distributor_original_site_name":"Noticias em Destaque","distributor_original_site_url":"https:\/\/noticiasdestaque.com.br","push-errors":false,"_links":{"self":[{"href":"https:\/\/noticiasdestaque.com.br\/index.php\/wp-json\/wp\/v2\/posts\/49022","targetHints":{"allow":["GET"]}}],"collection":[{"href":"https:\/\/noticiasdestaque.com.br\/index.php\/wp-json\/wp\/v2\/posts"}],"about":[{"href":"https:\/\/noticiasdestaque.com.br\/index.php\/wp-json\/wp\/v2\/types\/post"}],"author":[{"embeddable":true,"href":"https:\/\/noticiasdestaque.com.br\/index.php\/wp-json\/wp\/v2\/users\/1"}],"replies":[{"embeddable":true,"href":"https:\/\/noticiasdestaque.com.br\/index.php\/wp-json\/wp\/v2\/comments?post=49022"}],"version-history":[{"count":0,"href":"https:\/\/noticiasdestaque.com.br\/index.php\/wp-json\/wp\/v2\/posts\/49022\/revisions"}],"wp:featuredmedia":[{"embeddable":true,"href":"https:\/\/noticiasdestaque.com.br\/index.php\/wp-json\/wp\/v2\/media\/49023"}],"wp:attachment":[{"href":"https:\/\/noticiasdestaque.com.br\/index.php\/wp-json\/wp\/v2\/media?parent=49022"}],"wp:term":[{"taxonomy":"category","embeddable":true,"href":"https:\/\/noticiasdestaque.com.br\/index.php\/wp-json\/wp\/v2\/categories?post=49022"},{"taxonomy":"post_tag","embeddable":true,"href":"https:\/\/noticiasdestaque.com.br\/index.php\/wp-json\/wp\/v2\/tags?post=49022"}],"curies":[{"name":"wp","href":"https:\/\/api.w.org\/{rel}","templated":true}]}}