{"id":49020,"date":"2026-01-13T04:40:00","date_gmt":"2026-01-13T07:40:00","guid":{"rendered":"https:\/\/noticiasdestaque.com.br\/index.php\/2026\/01\/13\/1a-previa-de-janeiro-do-igp-m-mostra-aceleracao-de-028-segundo-fgv\/"},"modified":"2026-01-13T04:40:00","modified_gmt":"2026-01-13T07:40:00","slug":"1a-previa-de-janeiro-do-igp-m-mostra-aceleracao-de-028-segundo-fgv","status":"publish","type":"post","link":"https:\/\/noticiasdestaque.com.br\/index.php\/2026\/01\/13\/1a-previa-de-janeiro-do-igp-m-mostra-aceleracao-de-028-segundo-fgv\/","title":{"rendered":"1\u00aa pr\u00e9via de janeiro do IGP-M mostra acelera\u00e7\u00e3o de 0,28%, segundo FGV"},"content":{"rendered":"<p>\t\t\t\t\t\t\t\t\t\t\t<audio controls class=\"b61_audio_player\" data-noticia=\"86971\" src=\"https:\/\/brasil61.com\/rails\/active_storage\/blobs\/eyJfcmFpbHMiOnsibWVzc2FnZSI6IkJBaHBBNGJnQXc9PSIsImV4cCI6bnVsbCwicHVyIjoiYmxvYl9pZCJ9fQ==--e8d1a5f8bc9b81becf195a870c17bd059efed2f0\/BRAS2615547A\"><\/audio><\/p>\n<p>A Funda\u00e7\u00e3o Getulio Vargas (FGV) informou, nesta segunda-feira (12), que o <strong>\u00cdndice Geral de Pre\u00e7os &#8211; Mercado (IGP-M)<\/strong> registrou <strong>acelera\u00e7\u00e3o<\/strong> na primeira pr\u00e9via de janeiro, atingindo a marca de <strong>0,28%<\/strong>. O resultado mostra um <strong>avan\u00e7o<\/strong> em compara\u00e7\u00e3o ao <strong>mesmo per\u00edodo de dezembro<\/strong>, quando o <strong>\u00edndice havia subido 0,15%<\/strong>.<\/p>\n<p>O <strong>desempenho<\/strong> foi <strong>influenciado<\/strong>, principalmente, pela <strong>alta de 0,30%<\/strong> do <strong>\u00cdndice de Pre\u00e7os ao Produtor Amplo (IPA-M)<\/strong>, que apresentou um <strong>avan\u00e7o<\/strong> em rela\u00e7\u00e3o \u00e0 <strong>taxa de 0,15%<\/strong> da primeira pr\u00e9via de dezembro.<\/p>\n<p>Al\u00e9m do setor produtivo, o <strong>\u00edndice de Pre\u00e7os ao Consumidor (IPC-M) <\/strong>tamb\u00e9m <strong>avan\u00e7ou<\/strong> de <strong>0,07%<\/strong> para <strong>0,21%<\/strong>, enquanto o<strong> \u00cdndice Nacional de Custo da Constru\u00e7\u00e3o \u2013 M (INCC-M)<\/strong>, por outro lado, <strong>recuou<\/strong> de uma <strong>alta de 0,29 %<\/strong> na primeira pr\u00e9via de dezembro<strong> para 0,27%<\/strong>.<\/p>\n<h2>Composi\u00e7\u00e3o do IGP-M<\/h2>\n<p>O IGP-M \u00e9 calculado a partir de <strong>tr\u00eas indicadores espec\u00edficos<\/strong>, cada um refletindo um est\u00e1gio diferente da economia: o <strong>\u00cdndice de Pre\u00e7os ao Produtor Amplo (IPA)<\/strong>, que possui o maior peso (<strong>60%<\/strong>) e foi o principal respons\u00e1vel pela desacelera\u00e7\u00e3o atual ao cair de 0,36% para 0,12%; o <strong>\u00cdndice de Pre\u00e7os ao Consumidor (IPC)<\/strong>, com peso de <strong>30%<\/strong>, que recuou de 0,23% para 0,18%; e o<strong> \u00cdndice Nacional de Custo da Constru\u00e7\u00e3o (INCC)<\/strong>, que representa <strong>10%<\/strong> do c\u00e1lculo e variou de 0,27% para 0,22%.<\/p>\n<p>\t\t\t\t\t\t\t\t\t\t<img loading=\"lazy\" decoding=\"async\" src=\"https:\/\/brasil61.com\/api\/v1\/serve_pixel\/17677\/86971\" alt=\"Pixel Brasil 61\" class=\"b61_pixel\" width=\"0\" height=\"0\"><\/p>\n<input type=\"hidden\" id=\"baseurl\" value=\"https:\/\/noticiasdestaque.com.br\"><input type=\"hidden\" id=\"audio_nonce\" value=\"6a24ca502e\">","protected":false},"excerpt":{"rendered":"<p>Indicador apresentou alta de 0,15% em dezembro<\/p>\n","protected":false},"author":1,"featured_media":49021,"comment_status":"open","ping_status":"open","sticky":false,"template":"","format":"standard","meta":{"fifu_image_url":"","fifu_image_alt":"","footnotes":""},"categories":[59],"tags":[],"class_list":["post-49020","post","type-post","status-publish","format-standard","has-post-thumbnail","hentry","category-economia"],"distributor_meta":false,"distributor_terms":false,"distributor_media":false,"distributor_original_site_name":"Noticias em Destaque","distributor_original_site_url":"https:\/\/noticiasdestaque.com.br","push-errors":false,"_links":{"self":[{"href":"https:\/\/noticiasdestaque.com.br\/index.php\/wp-json\/wp\/v2\/posts\/49020","targetHints":{"allow":["GET"]}}],"collection":[{"href":"https:\/\/noticiasdestaque.com.br\/index.php\/wp-json\/wp\/v2\/posts"}],"about":[{"href":"https:\/\/noticiasdestaque.com.br\/index.php\/wp-json\/wp\/v2\/types\/post"}],"author":[{"embeddable":true,"href":"https:\/\/noticiasdestaque.com.br\/index.php\/wp-json\/wp\/v2\/users\/1"}],"replies":[{"embeddable":true,"href":"https:\/\/noticiasdestaque.com.br\/index.php\/wp-json\/wp\/v2\/comments?post=49020"}],"version-history":[{"count":0,"href":"https:\/\/noticiasdestaque.com.br\/index.php\/wp-json\/wp\/v2\/posts\/49020\/revisions"}],"wp:featuredmedia":[{"embeddable":true,"href":"https:\/\/noticiasdestaque.com.br\/index.php\/wp-json\/wp\/v2\/media\/49021"}],"wp:attachment":[{"href":"https:\/\/noticiasdestaque.com.br\/index.php\/wp-json\/wp\/v2\/media?parent=49020"}],"wp:term":[{"taxonomy":"category","embeddable":true,"href":"https:\/\/noticiasdestaque.com.br\/index.php\/wp-json\/wp\/v2\/categories?post=49020"},{"taxonomy":"post_tag","embeddable":true,"href":"https:\/\/noticiasdestaque.com.br\/index.php\/wp-json\/wp\/v2\/tags?post=49020"}],"curies":[{"name":"wp","href":"https:\/\/api.w.org\/{rel}","templated":true}]}}