{"id":48939,"date":"2026-01-09T18:20:00","date_gmt":"2026-01-09T21:20:00","guid":{"rendered":"https:\/\/noticiasdestaque.com.br\/index.php\/2026\/01\/09\/previsao-do-tempo-sudeste-tem-alerta-para-tempestades-e-variacao-de-nuvens-neste-sabado-10\/"},"modified":"2026-01-13T21:37:05","modified_gmt":"2026-01-14T00:37:05","slug":"previsao-do-tempo-sudeste-tem-alerta-para-tempestades-e-variacao-de-nuvens-neste-sabado-10","status":"publish","type":"post","link":"https:\/\/noticiasdestaque.com.br\/index.php\/2026\/01\/09\/previsao-do-tempo-sudeste-tem-alerta-para-tempestades-e-variacao-de-nuvens-neste-sabado-10\/","title":{"rendered":"PREVIS\u00c3O DO TEMPO: Sudeste tem alerta para tempestades e varia\u00e7\u00e3o de nuvens neste s\u00e1bado (10)"},"content":{"rendered":"<p>\t\t\t\t\t\t\t\t\t\t<audio controls class=\"b61_audio_player\" data-noticia=\"86930\" src=\"https:\/\/brasil61.com\/rails\/active_storage\/blobs\/eyJfcmFpbHMiOnsibWVzc2FnZSI6IkJBaHBBOXJmQXc9PSIsImV4cCI6bnVsbCwicHVyIjoiYmxvYl9pZCJ9fQ==--c23acf572ba563a64b33b1320ca89b5e5152e9a2\/PTSD264310A\"><\/audio><\/p>\n<p>O <strong>Instituto Nacional de Meteorologia<\/strong> (<a href=\"https:\/\/portal.inmet.gov.br\/\">Inmet<\/a>) emitiu<strong> alerta de perigo para tempestades<\/strong> no estado de S\u00e3o Paulo neste s\u00e1bado (10). Ao longo do dia, a previs\u00e3o indica muitas nuvens com pancadas de chuva e trovoadas isoladas, principalmente em \u00e1reas do oeste paulista, como nos munic\u00edpios de Marab\u00e1 Paulista, Presidente Epit\u00e1cio e Presidente Prudente.<\/p>\n<\/p>\n<p dir=\"ltr\">Em Minas Gerais, o <strong>tempo segue firme com predom\u00ednio de c\u00e9u claro a parcialmente nublado em grande parte do estado<\/strong>. No entanto, h\u00e1<strong> previs\u00e3o de chuvas mais intensas <\/strong>no Tri\u00e2ngulo Mineiro, atingindo munic\u00edpios como Uberl\u00e2ndia, Prata e Pirajuba.<\/p>\n<p dir=\"ltr\">No Esp\u00edrito Santo, a <strong>chuva <\/strong>deve ocorrer de forma pontual, concentrada no norte capixaba, especialmente nos munic\u00edpios de Montanha, S\u00e3o Mateus e Ecoporanga. Nas demais \u00e1reas do estado, o tempo permanece est\u00e1vel.<\/p>\n<p dir=\"ltr\">J\u00e1 no Rio de Janeiro, a expectativa \u00e9 de <strong>tempo est\u00e1vel, com muitas nuvens ao longo do dia<\/strong> e sem previs\u00e3o de chuva significativa.<\/p>\n<p dir=\"ltr\">Entre as capitais, a temperatura m\u00ednima prevista \u00e9 de 16\u00b0C, em Belo Horizonte. J\u00e1 a m\u00e1xima pode chegar at\u00e9 37\u00b0C, no Rio de Janeiro. A \u00a0umidade relativa do ar varia entre 30% e 100%.<\/p>\n<h2 dir=\"ltr\">5 motivos para acompanhar as previs\u00f5es do tempo<\/h2>\n<ul dir=\"ltr\">\n<li>Agricultura: garantia de uma boa colheita;<\/li>\n<li>Marinha: prote\u00e7\u00e3o de marinheiros, navios e passageiros;<\/li>\n<li>Aeron\u00e1utica: seguran\u00e7a de pilotos, aeronaves e passageiros;<\/li>\n<li>Pesca: condi\u00e7\u00f5es favor\u00e1veis e seguras para a atividade;<\/li>\n<li>Turismo: garantia de passeios e viagens tranquilas e agrad\u00e1veis.<\/li>\n<\/ul>\n<h2 dir=\"ltr\">Import\u00e2ncia das observa\u00e7\u00f5es meteorol\u00f3gicas no INMET<\/h2>\n<p dir=\"ltr\">As observa\u00e7\u00f5es meteorol\u00f3gicas do <a href=\"https:\/\/portal.inmet.gov.br\/\">INMET <\/a>s\u00e3o essenciais para previs\u00f5es em tempo real, estat\u00edsticas clim\u00e1ticas e coopera\u00e7\u00e3o internacional. Esses dados precisos ajudam a estudar o clima passado e a produzir Normais Climatol\u00f3gicas conforme a <strong>Organiza\u00e7\u00e3o Meteorol\u00f3gica Mundial<\/strong> (<a href=\"https:\/\/worldweather.wmo.int\/pt\/home.html\">OMM<\/a>).<\/p>\n<p dir=\"ltr\">As informa\u00e7\u00f5es s\u00e3o do <strong>Instituto Nacional de Meteorologia<\/strong> (<a href=\"https:\/\/portal.inmet.gov.br\/\">Inmet<\/a>).<\/p>\n<p>\t\t\t\t\t\t\t\t\t<img loading=\"lazy\" decoding=\"async\" src=\"https:\/\/brasil61.com\/api\/v1\/serve_pixel\/17677\/86930\" alt=\"Pixel Brasil 61\" class=\"b61_pixel\" width=\"0\" height=\"0\"><\/p>\n<input type=\"hidden\" id=\"baseurl\" value=\"https:\/\/noticiasdestaque.com.br\"><input type=\"hidden\" id=\"audio_nonce\" value=\"2e6eb2c1c8\">","protected":false},"excerpt":{"rendered":"<p>Entre as capitais, a temperatura m\u00ednima prevista \u00e9 de 16\u00b0C, em Belo Horizonte. J\u00e1 a m\u00e1xima pode chegar at\u00e9 37\u00b0C, no Rio de Janeiro<\/p>\n","protected":false},"author":1,"featured_media":49039,"comment_status":"open","ping_status":"open","sticky":false,"template":"","format":"standard","meta":{"fifu_image_url":"","fifu_image_alt":"","footnotes":""},"categories":[58],"tags":[],"class_list":["post-48939","post","type-post","status-publish","format-standard","has-post-thumbnail","hentry","category-cotidiano"],"distributor_meta":false,"distributor_terms":false,"distributor_media":false,"distributor_original_site_name":"Noticias em Destaque","distributor_original_site_url":"https:\/\/noticiasdestaque.com.br","push-errors":false,"_links":{"self":[{"href":"https:\/\/noticiasdestaque.com.br\/index.php\/wp-json\/wp\/v2\/posts\/48939","targetHints":{"allow":["GET"]}}],"collection":[{"href":"https:\/\/noticiasdestaque.com.br\/index.php\/wp-json\/wp\/v2\/posts"}],"about":[{"href":"https:\/\/noticiasdestaque.com.br\/index.php\/wp-json\/wp\/v2\/types\/post"}],"author":[{"embeddable":true,"href":"https:\/\/noticiasdestaque.com.br\/index.php\/wp-json\/wp\/v2\/users\/1"}],"replies":[{"embeddable":true,"href":"https:\/\/noticiasdestaque.com.br\/index.php\/wp-json\/wp\/v2\/comments?post=48939"}],"version-history":[{"count":1,"href":"https:\/\/noticiasdestaque.com.br\/index.php\/wp-json\/wp\/v2\/posts\/48939\/revisions"}],"predecessor-version":[{"id":49038,"href":"https:\/\/noticiasdestaque.com.br\/index.php\/wp-json\/wp\/v2\/posts\/48939\/revisions\/49038"}],"wp:featuredmedia":[{"embeddable":true,"href":"https:\/\/noticiasdestaque.com.br\/index.php\/wp-json\/wp\/v2\/media\/49039"}],"wp:attachment":[{"href":"https:\/\/noticiasdestaque.com.br\/index.php\/wp-json\/wp\/v2\/media?parent=48939"}],"wp:term":[{"taxonomy":"category","embeddable":true,"href":"https:\/\/noticiasdestaque.com.br\/index.php\/wp-json\/wp\/v2\/categories?post=48939"},{"taxonomy":"post_tag","embeddable":true,"href":"https:\/\/noticiasdestaque.com.br\/index.php\/wp-json\/wp\/v2\/tags?post=48939"}],"curies":[{"name":"wp","href":"https:\/\/api.w.org\/{rel}","templated":true}]}}