{"id":48931,"date":"2026-01-09T04:30:00","date_gmt":"2026-01-09T07:30:00","guid":{"rendered":"https:\/\/noticiasdestaque.com.br\/index.php\/2026\/01\/09\/imposto-de-renda-confira-as-mudancas-apos-isencao-para-salarios-ate-r-5-mil\/"},"modified":"2026-01-09T04:30:00","modified_gmt":"2026-01-09T07:30:00","slug":"imposto-de-renda-confira-as-mudancas-apos-isencao-para-salarios-ate-r-5-mil","status":"publish","type":"post","link":"https:\/\/noticiasdestaque.com.br\/index.php\/2026\/01\/09\/imposto-de-renda-confira-as-mudancas-apos-isencao-para-salarios-ate-r-5-mil\/","title":{"rendered":"Imposto de Renda: confira as mudan\u00e7as ap\u00f3s isen\u00e7\u00e3o para sal\u00e1rios at\u00e9 R$ 5 mil"},"content":{"rendered":"<p>\t\t\t\t\t\t\t\t\t\t\t<audio controls class=\"b61_audio_player\" data-noticia=\"86910\" src=\"https:\/\/brasil61.com\/rails\/active_storage\/blobs\/eyJfcmFpbHMiOnsibWVzc2FnZSI6IkJBaHBBNUhmQXc9PSIsImV4cCI6bnVsbCwicHVyIjoiYmxvYl9pZCJ9fQ==--9df272b148e2853d7ed53ea3d5ee1185ecf61dee\/BRAS2615522A\"><\/audio><\/p>\n<p>J\u00e1 est\u00e1 em vigor, desde 1\u00ba de janeiro, a <strong>nova tabela do Imposto de Renda da Pessoa F\u00edsica (IRPF) de 2026<\/strong>. A novidade \u00e9 <strong>a isen\u00e7\u00e3o de impostos para trabalhadores que ganham at\u00e9 R$ 5 mil por m\u00eas.<\/strong> A medida tamb\u00e9m estabelece a redu\u00e7\u00e3o gradual do imposto para rendas at\u00e9 R$ 7.350. Cerca de 16 milh\u00f5es de pessoas ser\u00e3o beneficiadas, conforme estimativas do Governo Federal.<\/p>\n<p>Os contribuintes devem se atentar ao fato de que <strong>a tabela tradicional do Imposto de Renda n\u00e3o foi alterada, ou seja, os valores em vigor em 2025 continuam.\u00a0<\/strong><\/p>\n<p><strong>Para 2026, a altera\u00e7\u00e3o est\u00e1 nos redutores adicionais institu\u00eddos pela reforma do IR. Para garantir o benef\u00edcio a quem ganha at\u00e9 R$ 7.350, a <a href=\"https:\/\/www.gov.br\/receitafederal\/pt-br\" target=\"_blank\">Receita Federal<\/a> criou novas tabelas de dedu\u00e7\u00e3o para serem aplicadas de forma simult\u00e2nea \u00e0 tabela tradicional.<\/strong><\/p>\n<p>As mudan\u00e7as devem ser aplicadas aos sal\u00e1rios pagos a partir de janeiro, com impacto not\u00e1vel a partir do pagamento de fevereiro. As altera\u00e7\u00f5es refletir\u00e3o na Declara\u00e7\u00e3o do Imposto de Renda Pessoa F\u00edsica de 2027, que considera os rendimentos de 2026.<\/p>\n<h2>Isen\u00e7\u00e3o<\/h2>\n<p><strong>Desde que a renda mensal total n\u00e3o ultrapasse R$ 5 mil, est\u00e3o totalmente isentos do IRPF em 2026:<\/strong><\/p>\n<ul>\n<li>trabalhadores com carteira assinada;<\/li>\n<li>servidores p\u00fablicos;<\/li>\n<li>aposentados e pensionistas do INSS ou de regimes pr\u00f3prios.<\/li>\n<\/ul>\n<p>Aqueles que possuem mais de uma fonte de renda dever\u00e3o complementar o imposto na declara\u00e7\u00e3o anual, mesmo que cada rendimento isolado seja inferior a R$ 5 mil.<\/p>\n<p><strong>Para rendas entre R$ 5.000,01 e R$ 7.350, h\u00e1 uma redu\u00e7\u00e3o parcial e decrescente do imposto:<\/strong><\/p>\n<ul>\n<li>quanto mais pr\u00f3xima a renda estiver de R$ 5.000, maior o desconto;<\/li>\n<li>quanto mais pr\u00f3xima de R$ 7.350, menor o benef\u00edcio;<\/li>\n<li>acima desse valor, n\u00e3o h\u00e1 redu\u00e7\u00e3o.<\/li>\n<\/ul>\n<p><strong>A regra tamb\u00e9m se aplica ao 13\u00ba sal\u00e1rio.<\/strong><\/p>\n<h2>Tabela mensal do Imposto de Renda em 2026\u00a0<\/h2>\n<p><strong>Confira como fica a tabela do IR em 2026 para os rendimentos acima de R$ 7.350. <\/strong>Considere a ordem: Base de c\u00e1lculo mensal | Al\u00edquota | Dedu\u00e7\u00e3o.<\/p>\n<ul>\n<li>\n<p>At\u00e9 R$ 2.428,80 | Isento | \u2013<\/p>\n<\/li>\n<li>De R$ 2.428,81 a R$ 2.826,65 | 7,5% | R$ 182,16<\/li>\n<li>De R$ 2.826,66 a R$ 3.751,05 | 15% | R$ 394,16<\/li>\n<li>De R$ 3.751,06 a R$ 4.664,68 | 22,5% | R$ 675,49<\/li>\n<li>Acima de R$ 4.664,68 | 27,5% | R$ 908,73<\/li>\n<\/ul>\n<h2>Apura\u00e7\u00e3o anual<\/h2>\n<p>Al\u00e9m da tabela mensal, a Receita Federal tamb\u00e9m deve aplicar a isen\u00e7\u00e3o e redu\u00e7\u00e3o no c\u00e1lculo anual do imposto:<\/p>\n<ul>\n<li>\n<p>isen\u00e7\u00e3o anual para quem ganhar at\u00e9 R$ 60 mil em 2026;<\/p>\n<\/li>\n<li>redu\u00e7\u00e3o gradual do imposto para rendas entre R$ 60.000,01 e R$ 88,2 mil;<\/li>\n<li>acima desse valor, n\u00e3o h\u00e1 desconto adicional.<\/li>\n<\/ul>\n<p>Conforme o <a href=\"https:\/\/www.gov.br\/fazenda\/pt-br\" target=\"_blank\">Minist\u00e9rio da Fazenda<\/a>, o redutor anual \u00e9 limitado ao imposto apurado. Nesse caso, n\u00e3o gera imposto negativo nem restitui\u00e7\u00e3o autom\u00e1tica extra.<\/p>\n<p><strong>Pela tabela anual de isen\u00e7\u00e3o e redu\u00e7\u00e3o do IRPF, considerando a declara\u00e7\u00e3o de 2027 e ano-calend\u00e1rio 2026, quem possui rendimentos anuais at\u00e9 R$ 60 mil, ter\u00e1 redu\u00e7\u00e3o do imposto at\u00e9 R$ 2.694,15, zerando o imposto. J\u00e1 para quem ganha de R$ 60.000,01 a R$ 88.200 por ano a redu\u00e7\u00e3o n\u00e3o \u00e9 fixa e deve seguir a f\u00f3rmula\u00a0R$ 8.429,73 \u2212 (0,095575 \u00d7 renda anual), at\u00e9 zerar para quem ganha R$ 88.200.<\/strong><\/p>\n<p>Aqueles com rendimentos anuais a partir de R$ 88.200,01 n\u00e3o ter\u00e3o redu\u00e7\u00e3o.<\/p>\n<p><strong>Confira a tabela anual do Imposto de Renda em 2026<\/strong><\/p>\n<p>Base de c\u00e1lculo anual | Al\u00edquota | Dedu\u00e7\u00e3o<\/p>\n<ul>\n<li>At\u00e9 R$ 28.467,20 | Isento | \u2013<\/li>\n<li>De R$ 28.467,21 a R$ 33.919,80 | 7,5% | R$ 2.135,04<\/li>\n<li>De R$ 33.919,81 a R$ 45.012,60 | 15% | R$ 4.679,03<\/li>\n<li>De R$ 45.012,61 a R$ 55.976,16 | 22,5% | R$ 8.054,97<\/li>\n<li>Acima de R$ 55.976,16 | 27,5% | R$ 10.853,78<\/li>\n<\/ul>\n<h2>Imposto m\u00ednimo para alta renda (IRPFM)<\/h2>\n<p>O Imposto de Renda da Pessoa F\u00edsica M\u00ednimo (IRPFM), voltado \u00e0 alta renda, foi criado para compensar a perda de arrecada\u00e7\u00e3o.\u00a0<\/p>\n<p>A medida prev\u00ea a regra para aqueles com renda anual acima de R$ 600 mil (R$ 50 mil\/m\u00eas). A al\u00edquota ser\u00e1 progressiva de at\u00e9 10%.\u00a0<\/p>\n<p>J\u00e1 para aqueles com renda acima de R$ 1,2 milh\u00e3o por ano, ser\u00e1 apicada a al\u00edquota m\u00ednima efetiva de 10%. A estimativa do governo \u00e9 de que cerca de 141 mil contribuintes sejam afetados.<\/p>\n<p>O c\u00e1lculo do IRPFM \u00e9 integrado por sal\u00e1rios, lucros e dividendos, al\u00e9m dos rendimentos de aplica\u00e7\u00f5es financeiras tribut\u00e1veis.<\/p>\n<p><strong>Tamb\u00e9m h\u00e1 elementos que ficam de fora do c\u00e1lculo. Veja quais:<\/strong><\/p>\n<ul>\n<li>poupan\u00e7a, Letras de Cr\u00e9dito Imobili\u00e1rio (LCI), Letras de Cr\u00e9dito do Agroneg\u00f3cio (LCA), fundos imobili\u00e1rios, Fiagro e outros investimentos incentivados;<\/li>\n<li>heran\u00e7as e doa\u00e7\u00f5es;<\/li>\n<li>indeniza\u00e7\u00f5es por doen\u00e7a grave;<\/li>\n<li>ganhos de capital na venda de im\u00f3veis, exceto fora da bolsa;<\/li>\n<li>alugu\u00e9is atrasados<\/li>\n<li>valores recebidos acumuladamente, por meio de a\u00e7\u00f5es judiciais.<\/li>\n<\/ul>\n<p>O imposto m\u00ednimo ser\u00e1 apurado apenas a partir da declara\u00e7\u00e3o de 2027.<\/p>\n<h2>Tributa\u00e7\u00e3o de dividendos<\/h2>\n<p><strong>Outra novidade relevante \u00e9 a tributa\u00e7\u00e3o de dividendos na fonte, que passa a funcionar da seguinte maneira:<\/strong><\/p>\n<ul>\n<li>\n<p>10% de imposto retido sobre dividendos;<\/p>\n<\/li>\n<li>\n<p>apenas quando superarem R$ 50 mil por m\u00eas;<\/p>\n<\/li>\n<li>valor pago por uma \u00fanica empresa \u00e0 pessoa f\u00edsica.<\/li>\n<\/ul>\n<h2>Dedu\u00e7\u00f5es que continuam valendo<\/h2>\n<p>Em 2026, seguem inalteradas as principais dedu\u00e7\u00f5es, sendo:<\/p>\n<ul>\n<li>\n<p>dependentes: R$ 189,59 por m\u00eas;<\/p>\n<\/li>\n<li>\n<p>desconto simplificado mensal: at\u00e9 R$ 607,20;<\/p>\n<\/li>\n<li>\n<p>educa\u00e7\u00e3o: at\u00e9 R$ 3.561,50 por pessoa ao ano;<\/p>\n<\/li>\n<li>declara\u00e7\u00e3o anual: desconto simplificado de at\u00e9 R$ 17.640.<br \/>\n\t\u00a0<\/li>\n<\/ul>\n<p>\t\t\t\t\t\t\t\t\t\t<img loading=\"lazy\" decoding=\"async\" src=\"https:\/\/brasil61.com\/api\/v1\/serve_pixel\/17677\/86910\" alt=\"Pixel Brasil 61\" class=\"b61_pixel\" width=\"0\" height=\"0\"><\/p>\n<input type=\"hidden\" id=\"baseurl\" value=\"https:\/\/noticiasdestaque.com.br\"><input type=\"hidden\" id=\"audio_nonce\" value=\"6a24ca502e\">","protected":false},"excerpt":{"rendered":"<p>Medida vale desde 1\u00ba de janeiro e efeitos refletem nos pagamentos de fevereiro; para rendas at\u00e9 R$ 7.350 haver\u00e1 redu\u00e7\u00e3o gradual do imposto <\/p>\n","protected":false},"author":1,"featured_media":48932,"comment_status":"open","ping_status":"open","sticky":false,"template":"","format":"standard","meta":{"fifu_image_url":"","fifu_image_alt":"","footnotes":""},"categories":[59],"tags":[],"class_list":["post-48931","post","type-post","status-publish","format-standard","has-post-thumbnail","hentry","category-economia"],"distributor_meta":false,"distributor_terms":false,"distributor_media":false,"distributor_original_site_name":"Noticias em Destaque","distributor_original_site_url":"https:\/\/noticiasdestaque.com.br","push-errors":false,"_links":{"self":[{"href":"https:\/\/noticiasdestaque.com.br\/index.php\/wp-json\/wp\/v2\/posts\/48931","targetHints":{"allow":["GET"]}}],"collection":[{"href":"https:\/\/noticiasdestaque.com.br\/index.php\/wp-json\/wp\/v2\/posts"}],"about":[{"href":"https:\/\/noticiasdestaque.com.br\/index.php\/wp-json\/wp\/v2\/types\/post"}],"author":[{"embeddable":true,"href":"https:\/\/noticiasdestaque.com.br\/index.php\/wp-json\/wp\/v2\/users\/1"}],"replies":[{"embeddable":true,"href":"https:\/\/noticiasdestaque.com.br\/index.php\/wp-json\/wp\/v2\/comments?post=48931"}],"version-history":[{"count":0,"href":"https:\/\/noticiasdestaque.com.br\/index.php\/wp-json\/wp\/v2\/posts\/48931\/revisions"}],"wp:featuredmedia":[{"embeddable":true,"href":"https:\/\/noticiasdestaque.com.br\/index.php\/wp-json\/wp\/v2\/media\/48932"}],"wp:attachment":[{"href":"https:\/\/noticiasdestaque.com.br\/index.php\/wp-json\/wp\/v2\/media?parent=48931"}],"wp:term":[{"taxonomy":"category","embeddable":true,"href":"https:\/\/noticiasdestaque.com.br\/index.php\/wp-json\/wp\/v2\/categories?post=48931"},{"taxonomy":"post_tag","embeddable":true,"href":"https:\/\/noticiasdestaque.com.br\/index.php\/wp-json\/wp\/v2\/tags?post=48931"}],"curies":[{"name":"wp","href":"https:\/\/api.w.org\/{rel}","templated":true}]}}