{"id":48929,"date":"2026-01-09T04:15:00","date_gmt":"2026-01-09T07:15:00","guid":{"rendered":"https:\/\/noticiasdestaque.com.br\/index.php\/2026\/01\/09\/novo-padrao-da-nfs-e-entra-em-vigor-com-ambiente-de-testes-para-ibs-e-cbs\/"},"modified":"2026-01-12T22:07:05","modified_gmt":"2026-01-13T01:07:05","slug":"novo-padrao-da-nfs-e-entra-em-vigor-com-ambiente-de-testes-para-ibs-e-cbs","status":"publish","type":"post","link":"https:\/\/noticiasdestaque.com.br\/index.php\/2026\/01\/09\/novo-padrao-da-nfs-e-entra-em-vigor-com-ambiente-de-testes-para-ibs-e-cbs\/","title":{"rendered":"Novo padr\u00e3o da NFS-e entra em vigor com ambiente de testes para IBS e CBS"},"content":{"rendered":"<p>\t\t\t\t\t\t\t\t\t\t<audio controls class=\"b61_audio_player\" data-noticia=\"86911\" src=\"https:\/\/brasil61.com\/rails\/active_storage\/blobs\/eyJfcmFpbHMiOnsibWVzc2FnZSI6IkJBaHBBNDNmQXc9PSIsImV4cCI6bnVsbCwicHVyIjoiYmxvYl9pZCJ9fQ==--734e2034d9186f3bd3cc319a78b23ea2571b9858\/BRAS2615523A\"><\/audio><\/p>\n<p>Gestores municipais e empresas precisam se preparar para as <strong>mudan\u00e7as na Nota Fiscal de Servi\u00e7os Eletr\u00f4nica (NFS-e) <\/strong>decorrentes da Reforma Tribut\u00e1ria. <strong>Desde 1\u00ba de janeiro, o documento deve se adequar ao padr\u00e3o nacional<\/strong>, com o objetivo de reduzir erros e simplificar o cumprimento das obriga\u00e7\u00f5es fiscais.<\/p>\n<p>Para orientar munic\u00edpios e contribuintes, a <strong>Secretaria Executiva da NFS-e publicou uma Nota T\u00e9cnica<\/strong> (<a href=\"https:\/\/www.gov.br\/nfse\/pt-br\/biblioteca\/documentacao-tecnica\/rtc-producao-restrita-piloto\/nt-004-se-cgnfse-novo-layout-rtc-v2-00-20251210.pdf\" target=\"_blank\">n\u00ba 4\/2025<\/a>), que re\u00fane as principais <strong>atualiza\u00e7\u00f5es de regras e ajustes necess\u00e1rios ao atual layout da NFS-e<\/strong>, j\u00e1 dispon\u00edvel no \u201c<strong>ambiente de Produ\u00e7\u00e3o<\/strong>\u201d.<\/p>\n<p>Entre as atualiza\u00e7\u00f5es, est\u00e1 a <strong>suspens\u00e3o tempor\u00e1ria da obrigatoriedade de preenchimento das informa\u00e7\u00f5es referentes ao Imposto sobre Bens e Servi\u00e7os (IBS) e \u00e0 Contribui\u00e7\u00e3o sobre Bens e Servi\u00e7os (CBS) <\/strong>\u2014 grupo \u201cIBSCBS\u201d \u2014 tanto nas NFS-e quanto na Declara\u00e7\u00e3o de Presta\u00e7\u00e3o de Servi\u00e7os (DPS).<\/p>\n<p><strong>A suspens\u00e3o, no entanto, n\u00e3o altera o prazo final de 1\u00ba de janeiro de 2026 para que os entes municipais se integrem \u00e0 plataforma nacional da NFS-e<\/strong>. O cronograma permanece inalterado, inclusive com a previs\u00e3o de san\u00e7\u00f5es para quem n\u00e3o aderir.<\/p>\n<p>Al\u00e9m disso, foi implantado no \u201c<strong>ambiente de Produ\u00e7\u00e3o Restrita<\/strong>\u201d um <strong>ambiente espec\u00edfico da NFS-e<\/strong> com os novos grupos de informa\u00e7\u00f5es \u201c<strong>IBSCBS<\/strong>\u201d. A estrutura j\u00e1 est\u00e1 dispon\u00edvel para munic\u00edpios e empresas que desejarem <strong>realizar testes<\/strong>.<\/p>\n<p>As atualiza\u00e7\u00f5es dispon\u00edveis no ambiente de testes incluem:<\/p>\n<ul>\n<li><strong>API Sefin:<\/strong> permite a emiss\u00e3o de DPS com o novo grupo \u201cIBSCBS\u201d e a gera\u00e7\u00e3o da NFS-e integrada \u00e0 Calculadora de Tributos.<\/li>\n<li><strong>API de Compartilhamento (ADN): <\/strong>possibilita a recep\u00e7\u00e3o de NFS-e com os grupos \u201cIBSCBS\u201d e a valida\u00e7\u00e3o das informa\u00e7\u00f5es, para munic\u00edpios que utilizam emissores pr\u00f3prios.<\/li>\n<\/ul>\n<h2>Informes municipais<\/h2>\n<p>Para dar mais tempo \u00e0 adapta\u00e7\u00e3o de procedimentos e sistemas, a<strong> Secretaria de Finan\u00e7as de Campinas<\/strong>, no interior de S\u00e3o Paulo, <strong>informa que <a href=\"https:\/\/campinas.sp.gov.br\/sites\/reformatributaria\/comunicados-orientativos\" target=\"_blank\">o padr\u00e3o atual do sistema NFSe Campinas ser\u00e1 mantido<\/a>.<\/strong><\/p>\n<p>\u201cPara os prestadores de servi\u00e7os de Campinas n\u00e3o haver\u00e1 modifica\u00e7\u00f5es no emissor Web e nos servi\u00e7os de recep\u00e7\u00e3o de Recibo Provis\u00f3rio de Servi\u00e7os (RPS) at\u00e9 que uma nova orienta\u00e7\u00e3o t\u00e9cnica do Comit\u00ea Gestor seja publicada\u201d, explicou, em nota, o diretor do Departamento de Receitas Mobili\u00e1rias, C\u00e9sar Saito.\u00a0<\/p>\n<p>A pasta recomenda que os contribuintes<strong> acompanhem as informa\u00e7\u00f5es atualizadas sobre a Reforma Tribut\u00e1ria no <a href=\"https:\/\/campinas.sp.gov.br\/sites\/reformatributaria\" target=\"_blank\">site da prefeitura<\/a><\/strong>.<\/p>\n<p>Em <strong>Bauru<\/strong>, no interior paulista, a Secretaria de Fazenda tamb\u00e9m decidiu <strong>manter o emissor pr\u00f3prio de notas fiscais<\/strong>, promovendo as adequa\u00e7\u00f5es necess\u00e1rias para garantir a integra\u00e7\u00e3o ao Ambiente Nacional. Assim, as <strong>empresas estabelecidas no munic\u00edpio continuar\u00e3o a emitir a NFS-e pelo sistema municipal<\/strong>, inclusive aquelas que utilizam webservice.<\/p>\n<p>A secretaria destaca que, para os<strong> Microempreendedores Individuais (MEIs), n\u00e3o haver\u00e1 mudan\u00e7as<\/strong>, j\u00e1 que, desde setembro de 2023, a emiss\u00e3o das Notas Fiscais de Servi\u00e7os j\u00e1 \u00e9 feita exclusivamente pelo <strong>Emissor Nacional<\/strong>.<\/p>\n<p>Em <strong>Minas Gerais<\/strong>, a <strong>Associa\u00e7\u00e3o Mineira de Munic\u00edpios (AMM) <\/strong>solicita que as equipes municipais das \u00e1reas de <strong>tributa\u00e7\u00e3o, finan\u00e7as e tecnologia da informa\u00e7\u00e3o<\/strong> <strong>priorizem as adequa\u00e7\u00f5es \u00e0 NFS-e nacional<\/strong>. Segundo a entidade, o cen\u00e1rio no estado \u00e9 o seguinte:<\/p>\n<ul>\n<li><strong>13 munic\u00edpios<\/strong> ainda n\u00e3o aderiram ao conv\u00eanio da NFS-e nacional;<\/li>\n<li><strong>516 munic\u00edpios<\/strong> possuem conv\u00eanio v\u00e1lido e parametriza\u00e7\u00e3o conclu\u00edda, mas ainda n\u00e3o emitem NFS-e no Ambiente de Dados Nacional (ADN);<\/li>\n<li><strong>140 munic\u00edpios <\/strong>est\u00e3o em fase de configura\u00e7\u00e3o de sistemas pr\u00f3prios;<\/li>\n<li><strong>84 munic\u00edpios<\/strong> possuem status de \u201cativo operacional\u201d, com emiss\u00e3o regular da NFS-e.<\/li>\n<\/ul>\n<p>Para saber mais, acesse o <strong><a href=\"https:\/\/www.gov.br\/nfse\/pt-br\" target=\"_blank\">Portal da Nota Fiscal de Servi\u00e7o eletr\u00f4nica<\/a><\/strong>.<\/p>\n<p><strong>VEJA MAIS:<\/strong><\/p>\n<ul>\n<li><a href=\"https:\/\/brasil61.com\/n\/reforma-tributaria-saiba-como-funcionara-a-fase-de-testes-em-2026-bras2615477\" target=\"_blank\">Reforma tribut\u00e1ria: saiba como funcionar\u00e1 a fase de testes em 2026<\/a><\/li>\n<li><a href=\"https:\/\/brasil61.com\/n\/reforma-tributaria-cna-orienta-produtores-sobre-mudancas-na-emissao-de-notas-fiscais-em-2026-bras2615479\" target=\"_blank\">Reforma Tribut\u00e1ria: CNA orienta produtores sobre mudan\u00e7as na emiss\u00e3o de notas fiscais em 2026<\/a><\/li>\n<\/ul>\n<p>\t\t\t\t\t\t\t\t\t<img loading=\"lazy\" decoding=\"async\" src=\"https:\/\/brasil61.com\/api\/v1\/serve_pixel\/17677\/86911\" alt=\"Pixel Brasil 61\" class=\"b61_pixel\" width=\"0\" height=\"0\"><\/p>\n<input type=\"hidden\" id=\"baseurl\" value=\"https:\/\/noticiasdestaque.com.br\"><input type=\"hidden\" id=\"audio_nonce\" value=\"6a24ca502e\">","protected":false},"excerpt":{"rendered":"<p>Nota T\u00e9cnica orienta munic\u00edpios e contribuintes sobre novo padr\u00e3o nacional e ajustes no layout fiscal<\/p>\n","protected":false},"author":1,"featured_media":49009,"comment_status":"open","ping_status":"open","sticky":false,"template":"","format":"standard","meta":{"fifu_image_url":"","fifu_image_alt":"","footnotes":""},"categories":[59],"tags":[],"class_list":["post-48929","post","type-post","status-publish","format-standard","has-post-thumbnail","hentry","category-economia"],"distributor_meta":false,"distributor_terms":false,"distributor_media":false,"distributor_original_site_name":"Noticias em Destaque","distributor_original_site_url":"https:\/\/noticiasdestaque.com.br","push-errors":false,"_links":{"self":[{"href":"https:\/\/noticiasdestaque.com.br\/index.php\/wp-json\/wp\/v2\/posts\/48929","targetHints":{"allow":["GET"]}}],"collection":[{"href":"https:\/\/noticiasdestaque.com.br\/index.php\/wp-json\/wp\/v2\/posts"}],"about":[{"href":"https:\/\/noticiasdestaque.com.br\/index.php\/wp-json\/wp\/v2\/types\/post"}],"author":[{"embeddable":true,"href":"https:\/\/noticiasdestaque.com.br\/index.php\/wp-json\/wp\/v2\/users\/1"}],"replies":[{"embeddable":true,"href":"https:\/\/noticiasdestaque.com.br\/index.php\/wp-json\/wp\/v2\/comments?post=48929"}],"version-history":[{"count":1,"href":"https:\/\/noticiasdestaque.com.br\/index.php\/wp-json\/wp\/v2\/posts\/48929\/revisions"}],"predecessor-version":[{"id":48947,"href":"https:\/\/noticiasdestaque.com.br\/index.php\/wp-json\/wp\/v2\/posts\/48929\/revisions\/48947"}],"wp:featuredmedia":[{"embeddable":true,"href":"https:\/\/noticiasdestaque.com.br\/index.php\/wp-json\/wp\/v2\/media\/49009"}],"wp:attachment":[{"href":"https:\/\/noticiasdestaque.com.br\/index.php\/wp-json\/wp\/v2\/media?parent=48929"}],"wp:term":[{"taxonomy":"category","embeddable":true,"href":"https:\/\/noticiasdestaque.com.br\/index.php\/wp-json\/wp\/v2\/categories?post=48929"},{"taxonomy":"post_tag","embeddable":true,"href":"https:\/\/noticiasdestaque.com.br\/index.php\/wp-json\/wp\/v2\/tags?post=48929"}],"curies":[{"name":"wp","href":"https:\/\/api.w.org\/{rel}","templated":true}]}}