{"id":48917,"date":"2026-01-08T18:20:00","date_gmt":"2026-01-08T21:20:00","guid":{"rendered":"https:\/\/noticiasdestaque.com.br\/index.php\/2026\/01\/08\/previsao-do-tempo-sudeste-tem-alerta-de-chuvas-intensas-nesta-sexta-feira-9\/"},"modified":"2026-01-08T18:20:00","modified_gmt":"2026-01-08T21:20:00","slug":"previsao-do-tempo-sudeste-tem-alerta-de-chuvas-intensas-nesta-sexta-feira-9","status":"publish","type":"post","link":"https:\/\/noticiasdestaque.com.br\/index.php\/2026\/01\/08\/previsao-do-tempo-sudeste-tem-alerta-de-chuvas-intensas-nesta-sexta-feira-9\/","title":{"rendered":"PREVIS\u00c3O DO TEMPO: Sudeste tem alerta de chuvas intensas nesta sexta-feira (9)"},"content":{"rendered":"<p>\t\t\t\t\t\t\t\t\t\t\t<audio controls class=\"b61_audio_player\" data-noticia=\"86902\" src=\"https:\/\/brasil61.com\/rails\/active_storage\/blobs\/eyJfcmFpbHMiOnsibWVzc2FnZSI6IkJBaHBBNG5mQXc9PSIsImV4cCI6bnVsbCwicHVyIjoiYmxvYl9pZCJ9fQ==--9e00f256e5873dea278cf6bdc3b60e210b504503\/PTSD264309A\"><\/audio><\/p>\n<p>\u00a0<\/p>\n<\/p>\n<p dir=\"ltr\">O <a href=\"https:\/\/portal.inmet.gov.br\/\">Instituto Nacional de Meteorologia<\/a> emitiu<strong> alerta para chuvas intensas<\/strong> em \u00e1reas de Minas Gerais e S\u00e3o Paulo nesta sexta-feira (9).<\/p>\n<p dir=\"ltr\">Em S\u00e3o Paulo, a previs\u00e3o indica<strong> chuva <\/strong>ao longo de todo o estado, com volumes que podem ser localmente elevados.<\/p>\n<p dir=\"ltr\">Em Minas Gerais, as<strong> precipita\u00e7\u00f5es<\/strong> devem ocorrer com maior intensidade em munic\u00edpios do Sul de Minas, como Lumin\u00e1rias, Tr\u00eas Cora\u00e7\u00f5es e Soledade de Minas, onde o <strong>tempo permanece inst\u00e1vel <\/strong>durante o dia.<\/p>\n<p dir=\"ltr\">No Rio de Janeiro, a expectativa \u00e9 de <strong>chuva <\/strong>em \u00e1reas do Centro-Sul Fluminense, atingindo munic\u00edpios como Tr\u00eas Rios, Vassouras e Valen\u00e7a.<\/p>\n<p dir=\"ltr\">J\u00e1 no Esp\u00edrito Santo, o c\u00e9u fica com <strong>muitas nuvens<\/strong> em todas as regi\u00f5es do estado, com possibilidade de chuva isolada ao longo do dia.<\/p>\n<p dir=\"ltr\">Entre as capitais, a temperatura m\u00ednima prevista \u00e9 de 17\u00b0C, em Belo Horizonte. J\u00e1 a m\u00e1xima pode chegar at\u00e9 36\u00b0C, no Rio de Janeiro. A \u00a0umidade relativa do ar varia entre 50% e 100%.<\/p>\n<h2 dir=\"ltr\">5 motivos para acompanhar as previs\u00f5es do tempo<\/h2>\n<ul dir=\"ltr\">\n<li>Agricultura: garantia de uma boa colheita;<\/li>\n<li>Marinha: prote\u00e7\u00e3o de marinheiros, navios e passageiros;<\/li>\n<li>Aeron\u00e1utica: seguran\u00e7a de pilotos, aeronaves e passageiros;<\/li>\n<li>Pesca: condi\u00e7\u00f5es favor\u00e1veis e seguras para a atividade;<\/li>\n<li>Turismo: garantia de passeios e viagens tranquilas e agrad\u00e1veis.<\/li>\n<\/ul>\n<h2 dir=\"ltr\">Import\u00e2ncia das observa\u00e7\u00f5es meteorol\u00f3gicas no INMET<\/h2>\n<p dir=\"ltr\">As observa\u00e7\u00f5es meteorol\u00f3gicas do INMET s\u00e3o essenciais para previs\u00f5es em tempo real, estat\u00edsticas clim\u00e1ticas e coopera\u00e7\u00e3o internacional. Esses dados precisos ajudam a estudar o clima passado e a produzir Normais Climatol\u00f3gicas conforme a <strong>Organiza\u00e7\u00e3o Meteorol\u00f3gica Mundial<\/strong> (<a href=\"https:\/\/worldweather.wmo.int\/pt\/home.html\">OMM<\/a>).<\/p>\n<p dir=\"ltr\">As informa\u00e7\u00f5es s\u00e3o do <strong>Instituto Nacional de Meteorologia<\/strong> (<a href=\"https:\/\/portal.inmet.gov.br\/\">Inmet<\/a>).<\/p>\n<p>\t\t\t\t\t\t\t\t\t\t<img loading=\"lazy\" decoding=\"async\" src=\"https:\/\/brasil61.com\/api\/v1\/serve_pixel\/17677\/86902\" alt=\"Pixel Brasil 61\" class=\"b61_pixel\" width=\"0\" height=\"0\"><\/p>\n<input type=\"hidden\" id=\"baseurl\" value=\"https:\/\/noticiasdestaque.com.br\"><input type=\"hidden\" id=\"audio_nonce\" value=\"6a24ca502e\">","protected":false},"excerpt":{"rendered":"<p>Em Minas Gerais, as precipita\u00e7\u00f5es devem ocorrer com maior intensidade em munic\u00edpios do Sul de Minas, como Lumin\u00e1rias, Tr\u00eas Cora\u00e7\u00f5es e Soledade de Minas, onde o tempo permanece inst\u00e1vel durante o dia<\/p>\n","protected":false},"author":1,"featured_media":48918,"comment_status":"open","ping_status":"open","sticky":false,"template":"","format":"standard","meta":{"fifu_image_url":"","fifu_image_alt":"","footnotes":""},"categories":[58],"tags":[],"class_list":["post-48917","post","type-post","status-publish","format-standard","has-post-thumbnail","hentry","category-cotidiano"],"distributor_meta":false,"distributor_terms":false,"distributor_media":false,"distributor_original_site_name":"Noticias em Destaque","distributor_original_site_url":"https:\/\/noticiasdestaque.com.br","push-errors":false,"_links":{"self":[{"href":"https:\/\/noticiasdestaque.com.br\/index.php\/wp-json\/wp\/v2\/posts\/48917","targetHints":{"allow":["GET"]}}],"collection":[{"href":"https:\/\/noticiasdestaque.com.br\/index.php\/wp-json\/wp\/v2\/posts"}],"about":[{"href":"https:\/\/noticiasdestaque.com.br\/index.php\/wp-json\/wp\/v2\/types\/post"}],"author":[{"embeddable":true,"href":"https:\/\/noticiasdestaque.com.br\/index.php\/wp-json\/wp\/v2\/users\/1"}],"replies":[{"embeddable":true,"href":"https:\/\/noticiasdestaque.com.br\/index.php\/wp-json\/wp\/v2\/comments?post=48917"}],"version-history":[{"count":0,"href":"https:\/\/noticiasdestaque.com.br\/index.php\/wp-json\/wp\/v2\/posts\/48917\/revisions"}],"wp:featuredmedia":[{"embeddable":true,"href":"https:\/\/noticiasdestaque.com.br\/index.php\/wp-json\/wp\/v2\/media\/48918"}],"wp:attachment":[{"href":"https:\/\/noticiasdestaque.com.br\/index.php\/wp-json\/wp\/v2\/media?parent=48917"}],"wp:term":[{"taxonomy":"category","embeddable":true,"href":"https:\/\/noticiasdestaque.com.br\/index.php\/wp-json\/wp\/v2\/categories?post=48917"},{"taxonomy":"post_tag","embeddable":true,"href":"https:\/\/noticiasdestaque.com.br\/index.php\/wp-json\/wp\/v2\/tags?post=48917"}],"curies":[{"name":"wp","href":"https:\/\/api.w.org\/{rel}","templated":true}]}}