{"id":48911,"date":"2026-01-08T04:25:00","date_gmt":"2026-01-08T07:25:00","guid":{"rendered":"https:\/\/noticiasdestaque.com.br\/index.php\/2026\/01\/08\/nova-lei-determina-orientacao-previdenciaria-a-pacientes-em-hospitais-publicos\/"},"modified":"2026-01-08T04:25:00","modified_gmt":"2026-01-08T07:25:00","slug":"nova-lei-determina-orientacao-previdenciaria-a-pacientes-em-hospitais-publicos","status":"publish","type":"post","link":"https:\/\/noticiasdestaque.com.br\/index.php\/2026\/01\/08\/nova-lei-determina-orientacao-previdenciaria-a-pacientes-em-hospitais-publicos\/","title":{"rendered":"Nova lei determina orienta\u00e7\u00e3o previdenci\u00e1ria a pacientes em hospitais p\u00fablicos"},"content":{"rendered":"<p>\t\t\t\t\t\t\t\t\t\t\t<audio controls class=\"b61_audio_player\" data-noticia=\"86891\" src=\"https:\/\/brasil61.com\/rails\/active_storage\/blobs\/eyJfcmFpbHMiOnsibWVzc2FnZSI6IkJBaHBBOC9lQXc9PSIsImV4cCI6bnVsbCwicHVyIjoiYmxvYl9pZCJ9fQ==--af1f3784f33518d68308e03c13982cbbc86978b7\/BRAS2615512A\"><\/audio><\/p>\n<p>A partir de agora, os<strong> hospitais p\u00fablicos e demais institui\u00e7\u00f5es de sa\u00fade que contam com Servi\u00e7o Social dever\u00e3o orientar os segurados da Previd\u00eancia Social sobre seus \u00a0direitos<\/strong>. O texto considera os direitos <strong>relacionados aos benef\u00edcios por incapacidade<\/strong>. A nova norma (<a href=\"https:\/\/www.planalto.gov.br\/ccivil_03\/_Ato2023-2026\/2025\/Lei\/L15288.htm\" target=\"_blank\">Lei 15.288\/25<\/a>) foi publicada no Di\u00e1rio Oficial da Uni\u00e3o (DOU) e <strong>visa facilitar o acesso aos benef\u00edcios do INSS, como aux\u00edlio-doen\u00e7a e aposentadoria por invalidez.<\/strong><\/p>\n<p>A lei prev\u00ea o<strong> apoio de assistentes sociais a segurados que est\u00e3o em recupera\u00e7\u00e3o de acidentes ou doen\u00e7as nessas unidades de sa\u00fade.<\/strong><\/p>\n<p>A medida foi sancionada em dezembro pelo presidente da Rep\u00fablica, Luiz In\u00e1cio Lula da Silva e altera a Lei 8.213\/91. A ideia \u00e9 ampliar as tarefas do Servi\u00e7o Social nas unidades de sa\u00fade, conforme regulamenta\u00e7\u00e3o do Poder Executivo.<\/p>\n<p><strong>A nova norma j\u00e1 est\u00e1 em vigor em todo o territ\u00f3rio nacional.<\/strong><\/p>\n<h2>Origem da proposta<\/h2>\n<p>A lei \u00e9 proveniente do <a href=\"https:\/\/www.camara.leg.br\/proposicoesWeb\/fichadetramitacao?idProposicao=533000\" target=\"_blank\">Projeto de Lei 3032\/11,<\/a> de autoria do deputado Aguinaldo Ribeiro (PP-PB). A proposta foi aprovada pela C\u00e2mara \u00a0dos Deputados em 2023, ap\u00f3s tramitar pelas Comiss\u00f5es de Seguridade Social e Fam\u00edlia e de Constitui\u00e7\u00e3o e Justi\u00e7a e de Cidadania.<\/p>\n<p>Na justificativa da iniciativa, o autor ressaltou que, apesar de o Servi\u00e7o Social atuar nas ger\u00eancias executivas do INSS e nas ag\u00eancias da Previd\u00eancia Social, \u00e9 comum que segurados desconhe\u00e7am o servi\u00e7o ou passem por dificuldades de acesso.\u00a0<br \/>\n\u00a0<\/p>\n<p>\t\t\t\t\t\t\t\t\t\t<img loading=\"lazy\" decoding=\"async\" src=\"https:\/\/brasil61.com\/api\/v1\/serve_pixel\/17677\/86891\" alt=\"Pixel Brasil 61\" class=\"b61_pixel\" width=\"0\" height=\"0\"><\/p>\n<input type=\"hidden\" id=\"baseurl\" value=\"https:\/\/noticiasdestaque.com.br\"><input type=\"hidden\" id=\"audio_nonce\" value=\"6f73a554f1\">","protected":false},"excerpt":{"rendered":"<p>Medida abrange unidades de sa\u00fade com assistentes sociais e visa facilitar o acesso aos benef\u00edcios do INSS<\/p>\n","protected":false},"author":1,"featured_media":48912,"comment_status":"open","ping_status":"open","sticky":false,"template":"","format":"standard","meta":{"fifu_image_url":"","fifu_image_alt":"","footnotes":""},"categories":[48],"tags":[],"class_list":["post-48911","post","type-post","status-publish","format-standard","has-post-thumbnail","hentry","category-mundo"],"distributor_meta":false,"distributor_terms":false,"distributor_media":false,"distributor_original_site_name":"Noticias em Destaque","distributor_original_site_url":"https:\/\/noticiasdestaque.com.br","push-errors":false,"_links":{"self":[{"href":"https:\/\/noticiasdestaque.com.br\/index.php\/wp-json\/wp\/v2\/posts\/48911","targetHints":{"allow":["GET"]}}],"collection":[{"href":"https:\/\/noticiasdestaque.com.br\/index.php\/wp-json\/wp\/v2\/posts"}],"about":[{"href":"https:\/\/noticiasdestaque.com.br\/index.php\/wp-json\/wp\/v2\/types\/post"}],"author":[{"embeddable":true,"href":"https:\/\/noticiasdestaque.com.br\/index.php\/wp-json\/wp\/v2\/users\/1"}],"replies":[{"embeddable":true,"href":"https:\/\/noticiasdestaque.com.br\/index.php\/wp-json\/wp\/v2\/comments?post=48911"}],"version-history":[{"count":0,"href":"https:\/\/noticiasdestaque.com.br\/index.php\/wp-json\/wp\/v2\/posts\/48911\/revisions"}],"wp:featuredmedia":[{"embeddable":true,"href":"https:\/\/noticiasdestaque.com.br\/index.php\/wp-json\/wp\/v2\/media\/48912"}],"wp:attachment":[{"href":"https:\/\/noticiasdestaque.com.br\/index.php\/wp-json\/wp\/v2\/media?parent=48911"}],"wp:term":[{"taxonomy":"category","embeddable":true,"href":"https:\/\/noticiasdestaque.com.br\/index.php\/wp-json\/wp\/v2\/categories?post=48911"},{"taxonomy":"post_tag","embeddable":true,"href":"https:\/\/noticiasdestaque.com.br\/index.php\/wp-json\/wp\/v2\/tags?post=48911"}],"curies":[{"name":"wp","href":"https:\/\/api.w.org\/{rel}","templated":true}]}}