{"id":48892,"date":"2026-01-07T19:20:00","date_gmt":"2026-01-07T22:20:00","guid":{"rendered":"https:\/\/noticiasdestaque.com.br\/index.php\/2026\/01\/07\/previsao-do-tempo-chuvas-intensas-e-chance-de-granizo-para-a-regiao-sul-nesta-quinta-feira-8\/"},"modified":"2026-01-07T19:20:00","modified_gmt":"2026-01-07T22:20:00","slug":"previsao-do-tempo-chuvas-intensas-e-chance-de-granizo-para-a-regiao-sul-nesta-quinta-feira-8","status":"publish","type":"post","link":"https:\/\/noticiasdestaque.com.br\/index.php\/2026\/01\/07\/previsao-do-tempo-chuvas-intensas-e-chance-de-granizo-para-a-regiao-sul-nesta-quinta-feira-8\/","title":{"rendered":"PREVIS\u00c3O DO TEMPO: Chuvas intensas e chance de granizo para a Regi\u00e3o Sul nesta quinta-feira (8)"},"content":{"rendered":"<p>\t\t\t\t\t\t\t\t\t\t\t<audio controls class=\"b61_audio_player\" data-noticia=\"86884\" src=\"https:\/\/brasil61.com\/rails\/active_storage\/blobs\/eyJfcmFpbHMiOnsibWVzc2FnZSI6IkJBaHBBOHplQXc9PSIsImV4cCI6bnVsbCwicHVyIjoiYmxvYl9pZCJ9fQ==--288751ddb9fdbd7041eaa4a89244fd1f4baaa86b\/PTRS264190A\"><\/audio><\/p>\n<p>A <b>previs\u00e3o do tempo <\/b>para o <b>Sul<\/b> do pa\u00eds, nesta <b>quinta-feira (8)<\/b>, indica c\u00e9u de <b>muitas<\/b> <b>nuvens<\/b> e <b>chuvas intensas<\/b> para toda a regi\u00e3o ao longo do dia, com <b>maior intensidade<\/b> a partir da tarde. H\u00e1 <b>possibilidade de queda de granizo <\/b>no litoral entre Santa Catarina e o Rio Grande do Sul \u00e0 tarde, assim como h\u00e1 <b>alerta de perigo potencial de tempestades <\/b>para toda a regi\u00e3o.<\/p>\n<p>Pela <b>manh\u00e3<\/b>, a previs\u00e3o \u00e9 de <b>muitas<\/b> <b>nuvens<\/b> para quase toda a regi\u00e3o, junto a <b>pancadas de chuva isoladas <\/b>em todo o Rio Grande do Sul, Santa Catarina e toda a por\u00e7\u00e3o sudeste do Paran\u00e1, incluindo o litoral. As <b>pancadas de chuva amanhecem acompanhadas de trovoadas<\/b> em todo o centro-leste catarinense, na faixa litor\u00e2nea do Paran\u00e1 e no extremo-norte do litoral ga\u00facho.<\/p>\n<p>A <b>possibilidade de chuvas toma<\/b> a regi\u00e3o durante a tarde, com <b>precipita\u00e7\u00f5es mais intensas e acompanhadas de trovoadas<\/b> em todo o Rio Grande do Sul, centro-leste de Santa Catarina e extremo-leste do Paran\u00e1. H\u00e1 <b>chance de queda de granizo <\/b>na divisa entre os estados ga\u00facho e catarinense, em um espa\u00e7o que vai desde o litoral at\u00e9 o munic\u00edpio de Campo Belo do Sul.<\/p>\n<p>\u00c0 <b>noite<\/b>, as <b>chuvas<\/b> devem deixar o centro-sudoeste do Paran\u00e1 e o noroeste de Santa Catarina, se mantendo <b>mais intensas e acompanhadas de trovoadas <\/b>em toda a linha central do Rio Grande do Sul, centro-sul catarinense e na faixa litor\u00e2nea do Paran\u00e1.<\/p>\n<p>O <b>Instituto Nacional de Meteorologia<\/b> (<a href=\"https:\/\/portal.inmet.gov.br\/\">Inmet<\/a>) emitiu alerta de <b>perigo de tempestades<\/b> para todo o estado do Rio Grande do Sul e extremos-oeste e sul de Santa Catarina, al\u00e9m de alerta de <b>perigo potencial de tempestades <\/b>para todos os tr\u00eas estados.\u00a0<\/p>\n<p>Entre as <b>capitais<\/b>, a <b>temperatura m\u00ednima <\/b>prevista \u00e9 de <b>17\u00b0C<\/b>, em <b>Curitiba<\/b>. J\u00e1 a <b>m\u00e1xima<\/b> pode chegar at\u00e9 <b>31\u00b0C<\/b>, tamb\u00e9m em <b>Curitiba<\/b>. A <b>umidade relativa do ar<\/b> varia entre <b>40%<\/b> e <b>100%<\/b>.<\/p>\n<p>\u00a0<\/p>\n<h2>5 motivos para acompanhar as previs\u00f5es do tempo<\/h2>\n<ul>\n<li>Agricultura: garantia de uma boa colheita;<\/li>\n<li>Marinha: prote\u00e7\u00e3o de marinheiros, navios e passageiros;<\/li>\n<li>Aeron\u00e1utica: seguran\u00e7a de pilotos, aeronaves e passageiros;<\/li>\n<li>Pesca: condi\u00e7\u00f5es favor\u00e1veis e seguras para a atividade;<\/li>\n<li>Turismo: garantia de passeios e viagens tranquilas e agrad\u00e1veis.<\/li>\n<\/ul>\n<h2>Import\u00e2ncia das observa\u00e7\u00f5es meteorol\u00f3gicas no INMET<\/h2>\n<p>As observa\u00e7\u00f5es meteorol\u00f3gicas do INMET s\u00e3o essenciais para previs\u00f5es em tempo real, estat\u00edsticas clim\u00e1ticas e coopera\u00e7\u00e3o internacional. Esses dados precisos ajudam a estudar o clima passado e a produzir Normais Climatol\u00f3gicas conforme a Organiza\u00e7\u00e3o Meteorol\u00f3gica Mundial (<a href=\"https:\/\/worldweather.wmo.int\/pt\/home.html\">OMM<\/a>).<\/p>\n<p>As informa\u00e7\u00f5es s\u00e3o do Instituto Nacional de Meteorologia (<a href=\"https:\/\/portal.inmet.gov.br\">Inmet<\/a>).<\/p>\n<p>\t\t\t\t\t\t\t\t\t\t<img loading=\"lazy\" decoding=\"async\" src=\"https:\/\/brasil61.com\/api\/v1\/serve_pixel\/17677\/86884\" alt=\"Pixel Brasil 61\" class=\"b61_pixel\" width=\"0\" height=\"0\"><\/p>\n<input type=\"hidden\" id=\"baseurl\" value=\"https:\/\/noticiasdestaque.com.br\"><input type=\"hidden\" id=\"audio_nonce\" value=\"6f73a554f1\">","protected":false},"excerpt":{"rendered":"<p>H\u00e1 previs\u00e3o de chuvas intensas para todos os estados ao longo do dia, com chance de granizo no litoral leste \u00e0 tarde; temperaturas variam entre 17\u00b0C e 31\u00b0C<\/p>\n","protected":false},"author":1,"featured_media":48893,"comment_status":"open","ping_status":"open","sticky":false,"template":"","format":"standard","meta":{"fifu_image_url":"","fifu_image_alt":"","footnotes":""},"categories":[58],"tags":[],"class_list":["post-48892","post","type-post","status-publish","format-standard","has-post-thumbnail","hentry","category-cotidiano"],"distributor_meta":false,"distributor_terms":false,"distributor_media":false,"distributor_original_site_name":"Noticias em Destaque","distributor_original_site_url":"https:\/\/noticiasdestaque.com.br","push-errors":false,"_links":{"self":[{"href":"https:\/\/noticiasdestaque.com.br\/index.php\/wp-json\/wp\/v2\/posts\/48892","targetHints":{"allow":["GET"]}}],"collection":[{"href":"https:\/\/noticiasdestaque.com.br\/index.php\/wp-json\/wp\/v2\/posts"}],"about":[{"href":"https:\/\/noticiasdestaque.com.br\/index.php\/wp-json\/wp\/v2\/types\/post"}],"author":[{"embeddable":true,"href":"https:\/\/noticiasdestaque.com.br\/index.php\/wp-json\/wp\/v2\/users\/1"}],"replies":[{"embeddable":true,"href":"https:\/\/noticiasdestaque.com.br\/index.php\/wp-json\/wp\/v2\/comments?post=48892"}],"version-history":[{"count":0,"href":"https:\/\/noticiasdestaque.com.br\/index.php\/wp-json\/wp\/v2\/posts\/48892\/revisions"}],"wp:featuredmedia":[{"embeddable":true,"href":"https:\/\/noticiasdestaque.com.br\/index.php\/wp-json\/wp\/v2\/media\/48893"}],"wp:attachment":[{"href":"https:\/\/noticiasdestaque.com.br\/index.php\/wp-json\/wp\/v2\/media?parent=48892"}],"wp:term":[{"taxonomy":"category","embeddable":true,"href":"https:\/\/noticiasdestaque.com.br\/index.php\/wp-json\/wp\/v2\/categories?post=48892"},{"taxonomy":"post_tag","embeddable":true,"href":"https:\/\/noticiasdestaque.com.br\/index.php\/wp-json\/wp\/v2\/tags?post=48892"}],"curies":[{"name":"wp","href":"https:\/\/api.w.org\/{rel}","templated":true}]}}