{"id":4889,"date":"2022-12-15T15:06:32","date_gmt":"2022-12-15T18:06:32","guid":{"rendered":"https:\/\/noticiasdestaque.com.br\/index.php\/2022\/12\/15\/governo-libera-credito-de-r-bilhoes-para-previdencia-social\/"},"modified":"2022-12-15T15:06:32","modified_gmt":"2022-12-15T18:06:32","slug":"governo-libera-credito-de-r-bilhoes-para-previdencia-social","status":"publish","type":"post","link":"https:\/\/noticiasdestaque.com.br\/index.php\/2022\/12\/15\/governo-libera-credito-de-r-bilhoes-para-previdencia-social\/","title":{"rendered":"Governo libera cr\u00e9dito de R$ 7,5 bilh\u00f5es para Previd\u00eancia Social"},"content":{"rendered":"<style> bloco.meta {font-style: italic; color: #666;font-weight: 600;font-size: .8em; \/* line-height: .3em; *\/}  text h2 { font-weight: 700 !important;  color: #062f46 !important;} text img { width: none; left: none;}<\/style>\n<\/p>\n<p>O <a href=\"https:\/\/www.in.gov.br\/en\/web\/dou\/-\/medida-provisoria-n-1.144-de-14-de-dezembro-de-2022-450775443\" target=\"_blank\" rel=\"noopener\"><em>Di\u00e1rio Oficial da Uni\u00e3o<\/em><\/a> publica, nesta quinta-feira (15), a Medida Provis\u00f3ria (MP) n\u00ba 1.144, de 14 de dezembro de 2022, que abre cr\u00e9dito extraordin\u00e1rio em favor do Minist\u00e9rio do Trabalho e Previd\u00eancia, no valor de R$ 7.564.496.198,00.<\/p>\n<p>Segundo o Minist\u00e9rio da Economia, o montante ser\u00e1 destinado para pagamento de despesas com compensa\u00e7\u00e3o previdenci\u00e1ria e benef\u00edcios do Fundo do Regime Geral de Previd\u00eancia Social, sendo R$ 5.778.175,00 para a \u00e1rea de benef\u00edcios e R$ 1.785.023,00 para a compensa\u00e7\u00e3o previdenci\u00e1ria.<\/p>\n<p>\u201cA MP observa requisitos de urg\u00eancia e imprevisibilidade exigidos pela Constitui\u00e7\u00e3o, j\u00e1 que houve crescimento com essas caracter\u00edsticas na despesa, ocasionado, entre outros fatores, pelo recente desrepresamento da fila de requerimentos\u201d, diz minist\u00e9rio. <\/p>\n<p>De acordo com a pasta, medida provis\u00f3ria assinada pelo presidente da Rep\u00fablica, Jair Bolsonaro, tamb\u00e9m \u00e9 compat\u00edvel com o recente entendimento do Tribunal de Contas da Uni\u00e3o (TCU), que \u201caponta como requisito a imprevisibilidade da despesa, quando a insufici\u00eancia de dota\u00e7\u00e3o pode acarretar a interrup\u00e7\u00e3o de uma despesa obrigat\u00f3ria. A despesa previdenci\u00e1ria tem esse car\u00e1ter, e sua descontinuidade poderia gerar preju\u00edzos aos benefici\u00e1rios\u201d.<\/p>\n<p class=\"alt-font font-italic my-2 small text-info\">\n                                                Edi\u00e7\u00e3o:   Val\u00e9ria Aguiar                    <\/p>\n<p>            <!-- blog End --><\/p>\n<p>            <!-- tag and share --><\/p>\n<p> Fonte: EBC <\/p>\n<input type=\"hidden\" id=\"baseurl\" value=\"https:\/\/noticiasdestaque.com.br\"><input type=\"hidden\" id=\"audio_nonce\" value=\"62ca87eee3\">","protected":false},"excerpt":{"rendered":"<p>Medida Provis\u00f3ria foi publicada hoje no Di\u00e1rio Oficial da Uni\u00e3o<\/p>\n","protected":false},"author":1,"featured_media":4890,"comment_status":"open","ping_status":"open","sticky":false,"template":"","format":"standard","meta":{"fifu_image_url":"","fifu_image_alt":"","footnotes":""},"categories":[59],"tags":[],"class_list":["post-4889","post","type-post","status-publish","format-standard","has-post-thumbnail","hentry","category-economia"],"distributor_meta":false,"distributor_terms":false,"distributor_media":false,"distributor_original_site_name":"Portal de Recupera\u00e7\u00e3o","distributor_original_site_url":"https:\/\/portalderecuperacao.com","push-errors":false,"_links":{"self":[{"href":"https:\/\/noticiasdestaque.com.br\/index.php\/wp-json\/wp\/v2\/posts\/4889","targetHints":{"allow":["GET"]}}],"collection":[{"href":"https:\/\/noticiasdestaque.com.br\/index.php\/wp-json\/wp\/v2\/posts"}],"about":[{"href":"https:\/\/noticiasdestaque.com.br\/index.php\/wp-json\/wp\/v2\/types\/post"}],"author":[{"embeddable":true,"href":"https:\/\/noticiasdestaque.com.br\/index.php\/wp-json\/wp\/v2\/users\/1"}],"replies":[{"embeddable":true,"href":"https:\/\/noticiasdestaque.com.br\/index.php\/wp-json\/wp\/v2\/comments?post=4889"}],"version-history":[{"count":0,"href":"https:\/\/noticiasdestaque.com.br\/index.php\/wp-json\/wp\/v2\/posts\/4889\/revisions"}],"wp:featuredmedia":[{"embeddable":true,"href":"https:\/\/noticiasdestaque.com.br\/index.php\/wp-json\/wp\/v2\/media\/4890"}],"wp:attachment":[{"href":"https:\/\/noticiasdestaque.com.br\/index.php\/wp-json\/wp\/v2\/media?parent=4889"}],"wp:term":[{"taxonomy":"category","embeddable":true,"href":"https:\/\/noticiasdestaque.com.br\/index.php\/wp-json\/wp\/v2\/categories?post=4889"},{"taxonomy":"post_tag","embeddable":true,"href":"https:\/\/noticiasdestaque.com.br\/index.php\/wp-json\/wp\/v2\/tags?post=4889"}],"curies":[{"name":"wp","href":"https:\/\/api.w.org\/{rel}","templated":true}]}}