{"id":48878,"date":"2026-01-07T10:00:00","date_gmt":"2026-01-07T13:00:00","guid":{"rendered":"https:\/\/noticiasdestaque.com.br\/index.php\/2026\/01\/07\/am-pais-dos-municipios-da-macrorregiao-oeste-de-saude-devem-atualizar-caderneta-de-vacinacao-de-criancas-e-adolescentes\/"},"modified":"2026-01-07T10:00:00","modified_gmt":"2026-01-07T13:00:00","slug":"am-pais-dos-municipios-da-macrorregiao-oeste-de-saude-devem-atualizar-caderneta-de-vacinacao-de-criancas-e-adolescentes","status":"publish","type":"post","link":"https:\/\/noticiasdestaque.com.br\/index.php\/2026\/01\/07\/am-pais-dos-municipios-da-macrorregiao-oeste-de-saude-devem-atualizar-caderneta-de-vacinacao-de-criancas-e-adolescentes\/","title":{"rendered":"AM: pais dos munic\u00edpios da macrorregi\u00e3o Oeste de sa\u00fade devem atualizar caderneta de vacina\u00e7\u00e3o de crian\u00e7as e adolescentes"},"content":{"rendered":"<p>\t\t\t\t\t\t\t\t\t\t\t<audio controls class=\"b61_audio_player\" data-noticia=\"86504\" src=\"https:\/\/brasil61.com\/rails\/active_storage\/blobs\/eyJfcmFpbHMiOnsibWVzc2FnZSI6IkJBaHBBNTdlQXc9PSIsImV4cCI6bnVsbCwicHVyIjoiYmxvYl9pZCJ9fQ==--0a97e5063ae5c1398787a9f4a44cbe17d46671e6\/VACI250304A\"><\/audio><\/p>\n<p>Os 21 munic\u00edpios da macrorregi\u00e3o Centro Amazonense<b> <\/b>\u2013 entre eles Eirunep\u00e9, Mara\u00e3, Tabatinga e Tef\u00e9 \u2013 seguem mobilizados na vacina\u00e7\u00e3o de crian\u00e7as e adolescentes.<\/p>\n<p>As coberturas vacinais registradas desde janeiro na macrorregi\u00e3o preocupam. Vacinas, como a de poliomielite e a tr\u00edplice viral, que \u00a0protege contra o sarampo, est\u00e3o abaixo da meta estabelecida pelo Minist\u00e9rio da Sa\u00fade.\u00a0<\/p>\n<p>Em Tef\u00e9, a moradora Greite Coelho de Castro, de 33 anos, mant\u00e9m a caderneta do filho de 2 anos sempre em dia e refor\u00e7a a import\u00e2ncia da prote\u00e7\u00e3o desde cedo. <i>\u201cA import\u00e2ncia de vacinar \u00e9 uma das formas mais importantes de proteger a sa\u00fade dele [do filho]. As vacinas previnem doen\u00e7as que podem causar complica\u00e7\u00f5es s\u00e9rias, interna\u00e7\u00f5es e at\u00e9 risco de morte.\u201d<\/i><\/p>\n<p>A preocupa\u00e7\u00e3o da Greite \u00e9 a mesma dos gestores de sa\u00fade de todo o estado. E, segundo a diretora-presidente da Funda\u00e7\u00e3o de Vigil\u00e2ncia em Sa\u00fade do Amazonas, Tatyana Amorim, o desafio na regi\u00e3o \u00e9 garantir que a vacina chegue com qualidade e seguran\u00e7a a cada comunidade.<\/p>\n<p><i>\u201cHoje, entre as doen\u00e7as imunopreven\u00edveis, as maiores preocupa\u00e7\u00f5es s\u00e3o febre amarela \u2013 o Amazonas por ser uma \u00e1rea end\u00eamica, o alerta \u00e9 permanente; o sarampo pela possibilidade de reintrodu\u00e7\u00e3o do v\u00edrus caso haja queda nas coberturas; poliomielite que segue como alerta nacional e exige alta cobertura para evitar risco de retorno.\u201d <\/i><\/p>\n<p>O esfor\u00e7o \u00e9 para garantir a atualiza\u00e7\u00e3o da caderneta de vacina\u00e7\u00e3o de crian\u00e7as e adolescentes menores de 15 anos. As vacinas fazem parte do Calend\u00e1rio Nacional de Vacina\u00e7\u00e3o e est\u00e3o dispon\u00edveis durante todo o ano nas Unidades B\u00e1sicas de Sa\u00fade.<\/p>\n<p>As vacinas para as crian\u00e7as garantem prote\u00e7\u00e3o contra doen\u00e7as como sarampo, poliomielite, tuberculose, hepatite B, meningites,difteria, t\u00e9tano, coqueluche, HPV, febre amarela e Covid-19.<\/p>\n<p>Para os adolescentes menores de 15 anos, o foco \u00e9 atualizar a situa\u00e7\u00e3o vacinal, completando esquemas em atraso \u00a0de suas vacinas \u00c9 importante lembrar que a vacina de HPV est\u00e1 dispon\u00edvel para jovens de 15 a 19 anos at\u00e9 junho de 2026.\u00a0<\/p>\n<p>O diretor do Departamento do Programa Nacional de Imuniza\u00e7\u00f5es, Eder Gatti, ressalta que a vacina\u00e7\u00e3o \u00e9 a melhor medida para manter o pa\u00eds livre das doen\u00e7as j\u00e1 controladas, como poliomielite e sarampo. Fa\u00e7a sua parte!<\/p>\n<p><i>\u201cTivemos grande \u00eaxito, mas n\u00e3o podemos deixar que essas doen\u00e7as retornem. Ent\u00e3o, \u00e9 muito importante que a popula\u00e7\u00e3o se vacine. As vacinas do SUS [Sistema \u00danico de Sa\u00fade] s\u00e3o muito boas, s\u00e3o seguras e protegem, o que \u00e9 mais importante. Ent\u00e3o, vacinar \u00e9 uma prote\u00e7\u00e3o individual, mas tamb\u00e9m prote\u00e7\u00e3o de toda a comunidade.\u201d<\/i><\/p>\n<p>Aten\u00e7\u00e3o pais e respons\u00e1veis do Amazonas! Atualizem a caderneta de vacina\u00e7\u00e3o de crian\u00e7as e adolescentes menores de 15 anos. Procurem uma Unidade B\u00e1sica de Sa\u00fade e mantenham a prote\u00e7\u00e3o em dia.<\/p>\n<p>Saiba mais em <a href=\"http:\/\/gov.br\/vacinacao\">gov.br\/vacinacao<\/a>.<\/p>\n<p>\t\t\t\t\t\t\t\t\t\t<img loading=\"lazy\" decoding=\"async\" src=\"https:\/\/brasil61.com\/api\/v1\/serve_pixel\/17677\/86504\" alt=\"Pixel Brasil 61\" class=\"b61_pixel\" width=\"0\" height=\"0\"><\/p>\n<input type=\"hidden\" id=\"baseurl\" value=\"https:\/\/noticiasdestaque.com.br\"><input type=\"hidden\" id=\"audio_nonce\" value=\"6a24ca502e\">","protected":false},"excerpt":{"rendered":"<p>Mobiliza\u00e7\u00e3o refor\u00e7a a import\u00e2ncia da vacina\u00e7\u00e3o como cuidado essencial para a sa\u00fade e o futuro de crian\u00e7as e adolescentes.<\/p>\n","protected":false},"author":1,"featured_media":48879,"comment_status":"open","ping_status":"open","sticky":false,"template":"","format":"standard","meta":{"fifu_image_url":"","fifu_image_alt":"","footnotes":""},"categories":[51],"tags":[],"class_list":["post-48878","post","type-post","status-publish","format-standard","has-post-thumbnail","hentry","category-saude"],"distributor_meta":false,"distributor_terms":false,"distributor_media":false,"distributor_original_site_name":"Noticias em Destaque","distributor_original_site_url":"https:\/\/noticiasdestaque.com.br","push-errors":false,"_links":{"self":[{"href":"https:\/\/noticiasdestaque.com.br\/index.php\/wp-json\/wp\/v2\/posts\/48878","targetHints":{"allow":["GET"]}}],"collection":[{"href":"https:\/\/noticiasdestaque.com.br\/index.php\/wp-json\/wp\/v2\/posts"}],"about":[{"href":"https:\/\/noticiasdestaque.com.br\/index.php\/wp-json\/wp\/v2\/types\/post"}],"author":[{"embeddable":true,"href":"https:\/\/noticiasdestaque.com.br\/index.php\/wp-json\/wp\/v2\/users\/1"}],"replies":[{"embeddable":true,"href":"https:\/\/noticiasdestaque.com.br\/index.php\/wp-json\/wp\/v2\/comments?post=48878"}],"version-history":[{"count":0,"href":"https:\/\/noticiasdestaque.com.br\/index.php\/wp-json\/wp\/v2\/posts\/48878\/revisions"}],"wp:featuredmedia":[{"embeddable":true,"href":"https:\/\/noticiasdestaque.com.br\/index.php\/wp-json\/wp\/v2\/media\/48879"}],"wp:attachment":[{"href":"https:\/\/noticiasdestaque.com.br\/index.php\/wp-json\/wp\/v2\/media?parent=48878"}],"wp:term":[{"taxonomy":"category","embeddable":true,"href":"https:\/\/noticiasdestaque.com.br\/index.php\/wp-json\/wp\/v2\/categories?post=48878"},{"taxonomy":"post_tag","embeddable":true,"href":"https:\/\/noticiasdestaque.com.br\/index.php\/wp-json\/wp\/v2\/tags?post=48878"}],"curies":[{"name":"wp","href":"https:\/\/api.w.org\/{rel}","templated":true}]}}