{"id":48872,"date":"2026-01-07T04:55:00","date_gmt":"2026-01-07T07:55:00","guid":{"rendered":"https:\/\/noticiasdestaque.com.br\/index.php\/2026\/01\/07\/aura-borborema-utilizando-agua-de-reuso-para-processamento-do-minerio-de-ouro\/"},"modified":"2026-01-07T04:55:00","modified_gmt":"2026-01-07T07:55:00","slug":"aura-borborema-utilizando-agua-de-reuso-para-processamento-do-minerio-de-ouro","status":"publish","type":"post","link":"https:\/\/noticiasdestaque.com.br\/index.php\/2026\/01\/07\/aura-borborema-utilizando-agua-de-reuso-para-processamento-do-minerio-de-ouro\/","title":{"rendered":"AURA BORBOREMA: Utilizando \u00e1gua de reuso para processamento do min\u00e9rio de ouro"},"content":{"rendered":"<p>o <strong>sert\u00e3o de Currais Novos<\/strong>, regi\u00e3o do Serid\u00f3 potiguar, o cen\u00e1rio \u00e9 de contrastes. O sol forte e a vegeta\u00e7\u00e3o seca revelam o quanto a \u00e1gua \u00e9 um recurso raro e precioso. \u00c9 justamente ali que a Aura Borborema, a mais recente opera\u00e7\u00e3o de ouro da <strong>Aura Minerals<\/strong>, decidiu enfrentar o maior dos desafios: operar uma mina sem utilizar nenhum litro de \u00e1gua nova. A iniciativa levou a empresa a ser eleita como <strong>Empresa do Ano do Setor Mineral 2025<\/strong> <strong>na categoria<\/strong> <strong>ESG <\/strong>&#8211; <strong>M\u00e9dio Porte<\/strong>.<\/p>\n<p>\u201cQuando desenhamos o projeto, sab\u00edamos que o grande desafio seria o h\u00eddrico\u201d, conta Fred Silva, diretor de Opera\u00e7\u00f5es da Aura Borborema. \u201cA regi\u00e3o caminha para um processo de desertifica\u00e7\u00e3o, e n\u00e3o fazia sentido competir com a popula\u00e7\u00e3o por um bem t\u00e3o essencial. Por isso, o projeto nasceu com o compromisso de funcionar 100% com \u00e1gua de reuso\u201d.<\/p>\n<p>O conceito, simples na ess\u00eancia e sofisticado na execu\u00e7\u00e3o, transformou-se em uma das mais inovadoras solu\u00e7\u00f5es ambientais da minera\u00e7\u00e3o brasileira. Em parceria com a <strong>Companhia de \u00c1guas e Esgotos do Rio Grande do Norte (CAERN)<\/strong>, a Aura estruturou uma <strong>parceria p\u00fablico-privada (PPP)<\/strong> que permite captar, tratar e reutilizar a \u00e1gua de esgoto dom\u00e9stico do munic\u00edpio de Currais Novos para uso integral nas opera\u00e7\u00f5es da mina.<\/p>\n<p>\u201cN\u00e3o usamos \u00e1gua subterr\u00e2nea, nem de c\u00f3rregos ou rios\u201d, refor\u00e7a Fred. \u201cToda a \u00e1gua que move Borborema \u00e9 de reuso. \u00c9 um ciclo completo, que come\u00e7a no esgoto da cidade e termina no processo industrial da minera\u00e7\u00e3o, ap\u00f3s tratamento avan\u00e7ado com osmose reversa e tr\u00eas etapas de purifica\u00e7\u00e3o\u201d.<\/p>\n<p>A proposta, segundo Fred, foi bem recebida desde o in\u00edcio pela <strong>CAERN <\/strong>e pela<strong> Ag\u00eancia Nacional de \u00c1guas (ANA)<\/strong>. \u201cChegamos com uma ideia que estava totalmente alinhada ao novo marco do saneamento b\u00e1sico no Brasil\u201d, explica. \u201cConstru\u00edmos uma estrutura dentro da pr\u00f3pria esta\u00e7\u00e3o de tratamento do munic\u00edpio e assumimos a opera\u00e7\u00e3o. Foi um processo r\u00e1pido e colaborativo, em que todos entenderam o potencial de benef\u00edcio coletivo\u201d.<\/p>\n<p>Hoje, toda a opera\u00e7\u00e3o da esta\u00e7\u00e3o \u00e9 gerida pela equipe da Aura Borborema, que bombeia cerca de 70 m\u00b3 por hora de \u00e1gua de reuso ao longo de 27 quil\u00f4metros de adutora at\u00e9 a planta de beneficiamento do min\u00e9rio. O sistema \u00e9 din\u00e2mico, acompanhando o fluxo da cidade: durante o dia, h\u00e1 picos de at\u00e9 120 m\u00b3\/h, enquanto na madrugada o volume chega a 20 m\u00b3\/h.<\/p>\n<p>\u201cQuando chegamos, o que existia era apenas um peneiramento rudimentar do esgoto. N\u00e3o havia tratamento algum\u201d, recorda o executivo. \u201cHoje, al\u00e9m de eliminar o lan\u00e7amento de efluentes in natura no c\u00f3rrego local, n\u00f3s tratamos toda a \u00e1gua coletada e devolvemos ao meio ambiente um ativo limpo e sustent\u00e1vel\u201d.<\/p>\n<p>O investimento total do projeto foi de aproximadamente R$ 45 milh\u00f5es, e o contrato com a <strong>CAERN <\/strong>tem validade vinculada \u00e0 vida \u00fatil da mina, estimada inicialmente em 10 anos, mas que pode se estender para at\u00e9 19 anos, conforme a expans\u00e3o das reservas e da capacidade de produ\u00e7\u00e3o.<\/p>\n<p>\u201c\u00c9 uma PPP diferente, porque n\u00e3o recebemos nenhum incentivo fiscal ou contrapartida financeira\u201d, explica Fred. \u201cO munic\u00edpio e a companhia estadual se beneficiam indiretamente, j\u00e1 que reduzem custos de tratamento e ganham uma estrutura moderna, que ser\u00e1 devolvida em pleno funcionamento quando a mina encerrar suas atividades\u201d.<\/p>\n<p>Mas o compromisso da Aura Borborema com o meio ambiente n\u00e3o se limita ao uso respons\u00e1vel da \u00e1gua. A empresa mant\u00e9m tamb\u00e9m uma fazenda voltada ao reflorestamento e combate \u00e0 desertifica\u00e7\u00e3o, fora da \u00e1rea operacional.<\/p>\n<p>\u201cPoder\u00edamos ter feito o viveiro dentro do site, mas preferimos estabelecer essa estrutura dentro do munic\u00edpio\u201d, conta Fred. \u201cL\u00e1 produzimos e cuidamos das mudas usadas na recomposi\u00e7\u00e3o florestal da mina e tamb\u00e9m realizamos plantios para recupera\u00e7\u00e3o de \u00e1reas degradadas da regi\u00e3o. A fazenda se tornou um polo de restaura\u00e7\u00e3o ambiental\u201d.<\/p>\n<p>Essa decis\u00e3o reflete um dos pilares da Cultura Aura 360, que integra os eixos de respeito, cuidado e gera\u00e7\u00e3o de valor compartilhado. A l\u00f3gica \u00e9 simples: o desenvolvimento da minera\u00e7\u00e3o deve caminhar junto com o desenvolvimento local. \u201cQuando investimos em reflorestamento e uso de \u00e1gua de reuso, estamos cuidando de algo que \u00e9 muito maior que o nosso neg\u00f3cio: estamos ajudando a preservar a vida no sert\u00e3o\u201d, afirma.<\/p>\n<h2>Planejamento de longo prazo e expans\u00e3o sustent\u00e1vel<\/h2>\n<p>Com o avan\u00e7o das obras de transposi\u00e7\u00e3o do Rio S\u00e3o Francisco e a previs\u00e3o de chegada da \u00e1gua \u00e0 cidade de Currais Novos em 2026, a expectativa \u00e9 de que a cobertura de saneamento alcance 80% a 90% do munic\u00edpio, permitindo ampliar a oferta de \u00e1gua de reuso e, consequentemente, dobrar a capacidade de produ\u00e7\u00e3o da mina de Borborema.<\/p>\n<p>\u201cHoje, 69% da cidade tem coleta de esgoto. Nossa meta \u00e9 contribuir para universalizar esse \u00edndice\u201d, explica Fred. \u201cEstamos trabalhando junto com a <strong>CAERN <\/strong>e com a prefeitura num grupo t\u00e9cnico permanente, com reuni\u00f5es quinzenais, para planejar a expans\u00e3o da rede e definir prioridades\u201d.<\/p>\n<p>O grupo de trabalho, formado por representantes da Aura, da <strong>Secretaria Municipal de Infraestrutura<\/strong> e da companhia de saneamento, est\u00e1 desenvolvendo um plano de universaliza\u00e7\u00e3o do saneamento em tr\u00eas horizontes: curto, m\u00e9dio e longo prazo (2026, 2027 e 2028). \u201cEstamos quantificando dados, aprimorando medi\u00e7\u00f5es e criando bases reais para que as decis\u00f5es sejam sustentadas por informa\u00e7\u00f5es concretas\u201d, afirma o executivo.<\/p>\n<p>Segundo ele, essa parceria vai muito al\u00e9m da minera\u00e7\u00e3o: \u201cEstamos ajudando a prefeitura a construir a infraestrutura de saneamento de uma cidade inteira. \u00c9 um legado que fica. Currais Novos ser\u00e1 uma das poucas cidades do Brasil a alcan\u00e7ar praticamente 100% de saneamento \u2014 e isso em pleno semi\u00e1rido nordestino\u201d<\/p>\n<p><strong>Leia a mat\u00e9ria completa na <a href=\"https:\/\/www.brasilmineral.com.br\/revista\/453\/?p=34\" target=\"_blank\">edi\u00e7\u00e3o 453 da Brasil Mineral<\/a><\/strong><\/p>\n<p>\t\t\t\t\t\t\t\t\t\t<img loading=\"lazy\" decoding=\"async\" src=\"https:\/\/brasil61.com\/api\/v1\/serve_pixel\/17677\/86878\" alt=\"Pixel Brasil 61\" class=\"b61_pixel\" width=\"0\" height=\"0\"><\/p>\n<input type=\"hidden\" id=\"baseurl\" value=\"https:\/\/noticiasdestaque.com.br\"><input type=\"hidden\" id=\"audio_nonce\" value=\"6a24ca502e\">","protected":false},"excerpt":{"rendered":"<p>Em pleno sert\u00e3o potiguar, a empresa transforma o desafio da escassez h\u00eddrica em s\u00edmbolo de inova\u00e7\u00e3o e sustentabilidade e exemplo de conviv\u00eancia com o semi\u00e1rido.<\/p>\n","protected":false},"author":1,"featured_media":48873,"comment_status":"open","ping_status":"open","sticky":false,"template":"","format":"standard","meta":{"fifu_image_url":"","fifu_image_alt":"","footnotes":""},"categories":[59],"tags":[],"class_list":["post-48872","post","type-post","status-publish","format-standard","has-post-thumbnail","hentry","category-economia"],"distributor_meta":false,"distributor_terms":false,"distributor_media":false,"distributor_original_site_name":"Noticias em Destaque","distributor_original_site_url":"https:\/\/noticiasdestaque.com.br","push-errors":false,"_links":{"self":[{"href":"https:\/\/noticiasdestaque.com.br\/index.php\/wp-json\/wp\/v2\/posts\/48872","targetHints":{"allow":["GET"]}}],"collection":[{"href":"https:\/\/noticiasdestaque.com.br\/index.php\/wp-json\/wp\/v2\/posts"}],"about":[{"href":"https:\/\/noticiasdestaque.com.br\/index.php\/wp-json\/wp\/v2\/types\/post"}],"author":[{"embeddable":true,"href":"https:\/\/noticiasdestaque.com.br\/index.php\/wp-json\/wp\/v2\/users\/1"}],"replies":[{"embeddable":true,"href":"https:\/\/noticiasdestaque.com.br\/index.php\/wp-json\/wp\/v2\/comments?post=48872"}],"version-history":[{"count":0,"href":"https:\/\/noticiasdestaque.com.br\/index.php\/wp-json\/wp\/v2\/posts\/48872\/revisions"}],"wp:featuredmedia":[{"embeddable":true,"href":"https:\/\/noticiasdestaque.com.br\/index.php\/wp-json\/wp\/v2\/media\/48873"}],"wp:attachment":[{"href":"https:\/\/noticiasdestaque.com.br\/index.php\/wp-json\/wp\/v2\/media?parent=48872"}],"wp:term":[{"taxonomy":"category","embeddable":true,"href":"https:\/\/noticiasdestaque.com.br\/index.php\/wp-json\/wp\/v2\/categories?post=48872"},{"taxonomy":"post_tag","embeddable":true,"href":"https:\/\/noticiasdestaque.com.br\/index.php\/wp-json\/wp\/v2\/tags?post=48872"}],"curies":[{"name":"wp","href":"https:\/\/api.w.org\/{rel}","templated":true}]}}