{"id":48870,"date":"2026-01-07T04:30:00","date_gmt":"2026-01-07T07:30:00","guid":{"rendered":"https:\/\/noticiasdestaque.com.br\/index.php\/2026\/01\/07\/entenda-as-novas-regras-da-aposentadoria-que-entram-em-vigor-em-2026\/"},"modified":"2026-01-07T04:30:00","modified_gmt":"2026-01-07T07:30:00","slug":"entenda-as-novas-regras-da-aposentadoria-que-entram-em-vigor-em-2026","status":"publish","type":"post","link":"https:\/\/noticiasdestaque.com.br\/index.php\/2026\/01\/07\/entenda-as-novas-regras-da-aposentadoria-que-entram-em-vigor-em-2026\/","title":{"rendered":"Entenda as novas regras da aposentadoria que entram em vigor em 2026"},"content":{"rendered":"<p>\t\t\t\t\t\t\t\t\t\t\t<audio controls class=\"b61_audio_player\" data-noticia=\"86865\" src=\"https:\/\/brasil61.com\/rails\/active_storage\/blobs\/eyJfcmFpbHMiOnsibWVzc2FnZSI6IkJBaHBBNjdlQXc9PSIsImV4cCI6bnVsbCwicHVyIjoiYmxvYl9pZCJ9fQ==--fb29f46f65684bbe2d0b3d07b99ebad87aa93412\/BRAS2615499A\"><\/audio><\/p>\n<p>A partir de <strong>1\u00ba de janeiro de 2026<\/strong>, entram em vigor novas exig\u00eancias para quem pretende se aposentar pelo Instituto Nacional do Seguro Social (INSS). As mudan\u00e7as fazem parte das<strong> regras de transi\u00e7\u00e3o da Reforma da Previd\u00eancia<\/strong>, institu\u00edda pela Emenda Constitucional n\u00ba 103, de 2019, e seguem um calend\u00e1rio de aumento gradual dos requisitos ao longo dos anos.<\/p>\n<p>Essas regras se aplicam aos segurados que j\u00e1 contribu\u00edam para a Previd\u00eancia Social antes da reforma e que ainda n\u00e3o conseguiram se aposentar. O objetivo \u00e9 fazer uma transi\u00e7\u00e3o progressiva entre o modelo antigo e as regras permanentes atuais.<\/p>\n<p>Uma das principais altera\u00e7\u00f5es ocorre na<strong> regra dos pontos<\/strong>, que considera a soma da idade com o tempo de contribui\u00e7\u00e3o. Em 2026, a pontua\u00e7\u00e3o m\u00ednima passa a ser de <strong>93 pontos para mulheres<\/strong> e <strong>103 pontos para homens<\/strong>, mantendo-se o tempo m\u00ednimo de contribui\u00e7\u00e3o de <strong>30 anos para mulheres<\/strong> e <strong>35 anos para homens<\/strong>.<\/p>\n<p>Outra mudan\u00e7a importante est\u00e1 na <strong>idade m\u00ednima progressiva<\/strong>, que aumenta seis meses em rela\u00e7\u00e3o a 2025. A partir de 2026, ser\u00e1 necess\u00e1rio ter <strong>59 anos e 6 meses de idade para mulheres<\/strong> e <strong>64 anos e 6 meses para homens<\/strong>, al\u00e9m do tempo m\u00ednimo de contribui\u00e7\u00e3o exigido.<\/p>\n<p>As demais regras de transi\u00e7\u00e3o seguem valendo. \u00c9 o caso do <strong>ped\u00e1gio de 50%<\/strong>, voltado para quem estava a at\u00e9 dois anos de se aposentar em novembro de 2019, e do <strong>ped\u00e1gio de 100%<\/strong>, que exige o cumprimento integral do tempo que faltava para a aposentadoria na data da reforma, al\u00e9m da idade m\u00ednima de 57 anos para mulheres e 60 anos para homens.<\/p>\n<p>J\u00e1 a <strong>regra permanente da aposentadoria por idade<\/strong> n\u00e3o sofre altera\u00e7\u00f5es em 2026. Permanecem os crit\u00e9rios de <strong>62 anos de idade e 15 anos de contribui\u00e7\u00e3o para mulheres<\/strong> e <strong>65 anos de idade e 20 anos de contribui\u00e7\u00e3o para homens<\/strong>.<\/p>\n<p>O INSS orienta que os segurados acompanhem sua situa\u00e7\u00e3o previdenci\u00e1ria por meio do portal ou aplicativo <a href=\"https:\/\/www.gov.br\/pt-br\/temas\/meu-inss\">Meu INSS<\/a>, onde \u00e9 poss\u00edvel consultar o hist\u00f3rico de contribui\u00e7\u00f5es e realizar<strong> simula\u00e7\u00f5es de aposentadoria<\/strong> com base nas regras atualizadas. O planejamento previdenci\u00e1rio \u00e9 fundamental para evitar surpresas e garantir o acesso ao benef\u00edcio no momento correto.<\/p>\n<p>\t\t\t\t\t\t\t\t\t\t<img loading=\"lazy\" decoding=\"async\" src=\"https:\/\/brasil61.com\/api\/v1\/serve_pixel\/17677\/86865\" alt=\"Pixel Brasil 61\" class=\"b61_pixel\" width=\"0\" height=\"0\"><\/p>\n<input type=\"hidden\" id=\"baseurl\" value=\"https:\/\/noticiasdestaque.com.br\"><input type=\"hidden\" id=\"audio_nonce\" value=\"6a24ca502e\">","protected":false},"excerpt":{"rendered":"<p>As regras de transi\u00e7\u00e3o da Reforma da Previd\u00eancia passam por novos ajustes em 2026, com aumento da idade m\u00ednima e da pontua\u00e7\u00e3o exigida para aposentadoria pelo INSS. Mudan\u00e7as atingem trabalhadores que j\u00e1 contribu\u00edam antes de novembro de 2019 e est\u00e3o pr\u00f3ximos de se aposentar<\/p>\n","protected":false},"author":1,"featured_media":48871,"comment_status":"open","ping_status":"open","sticky":false,"template":"","format":"standard","meta":{"fifu_image_url":"","fifu_image_alt":"","footnotes":""},"categories":[48],"tags":[],"class_list":["post-48870","post","type-post","status-publish","format-standard","has-post-thumbnail","hentry","category-mundo"],"distributor_meta":false,"distributor_terms":false,"distributor_media":false,"distributor_original_site_name":"Noticias em Destaque","distributor_original_site_url":"https:\/\/noticiasdestaque.com.br","push-errors":false,"_links":{"self":[{"href":"https:\/\/noticiasdestaque.com.br\/index.php\/wp-json\/wp\/v2\/posts\/48870","targetHints":{"allow":["GET"]}}],"collection":[{"href":"https:\/\/noticiasdestaque.com.br\/index.php\/wp-json\/wp\/v2\/posts"}],"about":[{"href":"https:\/\/noticiasdestaque.com.br\/index.php\/wp-json\/wp\/v2\/types\/post"}],"author":[{"embeddable":true,"href":"https:\/\/noticiasdestaque.com.br\/index.php\/wp-json\/wp\/v2\/users\/1"}],"replies":[{"embeddable":true,"href":"https:\/\/noticiasdestaque.com.br\/index.php\/wp-json\/wp\/v2\/comments?post=48870"}],"version-history":[{"count":0,"href":"https:\/\/noticiasdestaque.com.br\/index.php\/wp-json\/wp\/v2\/posts\/48870\/revisions"}],"wp:featuredmedia":[{"embeddable":true,"href":"https:\/\/noticiasdestaque.com.br\/index.php\/wp-json\/wp\/v2\/media\/48871"}],"wp:attachment":[{"href":"https:\/\/noticiasdestaque.com.br\/index.php\/wp-json\/wp\/v2\/media?parent=48870"}],"wp:term":[{"taxonomy":"category","embeddable":true,"href":"https:\/\/noticiasdestaque.com.br\/index.php\/wp-json\/wp\/v2\/categories?post=48870"},{"taxonomy":"post_tag","embeddable":true,"href":"https:\/\/noticiasdestaque.com.br\/index.php\/wp-json\/wp\/v2\/tags?post=48870"}],"curies":[{"name":"wp","href":"https:\/\/api.w.org\/{rel}","templated":true}]}}