{"id":48856,"date":"2026-01-06T18:40:00","date_gmt":"2026-01-06T21:40:00","guid":{"rendered":"https:\/\/noticiasdestaque.com.br\/index.php\/2026\/01\/06\/previsao-do-tempo-sul-tem-alerta-de-tempestades-e-ventos-costeiros-nesta-quarta-feira-7\/"},"modified":"2026-01-06T18:40:00","modified_gmt":"2026-01-06T21:40:00","slug":"previsao-do-tempo-sul-tem-alerta-de-tempestades-e-ventos-costeiros-nesta-quarta-feira-7","status":"publish","type":"post","link":"https:\/\/noticiasdestaque.com.br\/index.php\/2026\/01\/06\/previsao-do-tempo-sul-tem-alerta-de-tempestades-e-ventos-costeiros-nesta-quarta-feira-7\/","title":{"rendered":"PREVIS\u00c3O DO TEMPO: Sul tem alerta de tempestades e ventos costeiros nesta quarta-feira (7)"},"content":{"rendered":"<p>\t\t\t\t\t\t\t\t\t\t\t<audio controls class=\"b61_audio_player\" data-noticia=\"86863\" src=\"https:\/\/brasil61.com\/rails\/active_storage\/blobs\/eyJfcmFpbHMiOnsibWVzc2FnZSI6IkJBaHBBNjNlQXc9PSIsImV4cCI6bnVsbCwicHVyIjoiYmxvYl9pZCJ9fQ==--8ce5b06ab6c04d197e33f976d68a9dd133593c5b\/PTRS264189A\"><\/audio><\/p>\n<p>\u00a0<\/p>\n<\/p>\n<p>O <a href=\"https:\/\/portal.inmet.gov.br\/\">Instituto Nacional de Meteorologia<\/a> emitiu <strong>alerta de tempestades e ventos costeiros<\/strong> para os tr\u00eas estados da regi\u00e3o Sul do pa\u00eds nesta quarta-feira.<\/p>\n<p>No Rio Grande do Sul, a previs\u00e3o \u00e9 de <strong>fortes precipita\u00e7\u00f5es em diferentes regi\u00f5es do estado<\/strong>. No Vale do Taquari e Vale do Rio Pardo, a chuva atinge munic\u00edpios como Canudos do Vale, Ven\u00e2ncio Aires e Santa Cruz do Sul. J\u00e1 na regi\u00e3o Central e Sudeste ga\u00facho, cidades como Cachoeira do Sul, Santana da Boa Vista e Encruzilhada do Sul podem registrar <strong>chuva intensa, com possibilidade de<\/strong> <strong>queda de granizo<\/strong>.<\/p>\n<p>Em Santa Catarina, a <strong>expectativa \u00e9 de chuva na regi\u00e3o litor\u00e2nea<\/strong>, influenciada pelos ventos costeiros. As precipita\u00e7\u00f5es devem atingir munic\u00edpios do litoral norte e centro-norte catarinense, como Balne\u00e1rio Barra do Sul, Barra Velha e Porto Belo.<\/p>\n<p>No Paran\u00e1, as <strong>chuvas mais intensas <\/strong>se concentram no noroeste do estado, com destaque para os munic\u00edpios de Nova Londrina, Santa Cruz de Monte Castelo e Santa M\u00f4nica, com risco de temporais isolados.<\/p>\n<p>Entre as capitais, a temperatura m\u00ednima prevista \u00e9 de 16\u00b0C, em Curitiba. J\u00e1 a m\u00e1xima deve atingir at\u00e9 35\u00b0C, em Porto Alegre. A umidade relativa do ar varia entre 40% e 100%.<\/p>\n<h2>O QUE \u00c9 GRANIZO?\u00a0<\/h2>\n<p>Precipita\u00e7\u00e3o originada de nuvens convectivas, sobretudo cumulonimbus, que atinge o solo em forma de esferas ou fragmentos irregulares de gelo. Quando o di\u00e2metro das part\u00edculas \u00e9 \u2265 5 mm, classificam-se como granizo; part\u00edculas menores s\u00e3o classificadas como granizo mi\u00fado e\/ou neve granulada (graupel). Em boletins METAR, utiliza-se \u2018GR\u2019 para granizo e \u2018GS\u2019 para granizo mi\u00fado\/neve granulada. Unidades isoladas s\u00e3o chamadas de \u2018pedras de granizo\u2019.<\/p>\n<h2>5 motivos para acompanhar as previs\u00f5es do tempo<\/h2>\n<ul>\n<li>Agricultura: garantia de uma boa colheita;<\/li>\n<li>Marinha: prote\u00e7\u00e3o de marinheiros, navios e passageiros;<\/li>\n<li>Aeron\u00e1utica: seguran\u00e7a de pilotos, aeronaves e passageiros;<\/li>\n<li>Pesca: condi\u00e7\u00f5es favor\u00e1veis e seguras para a atividade;<\/li>\n<li>Turismo: garantia de passeios e viagens tranquilas e agrad\u00e1veis.<\/li>\n<\/ul>\n<h2>Import\u00e2ncia das observa\u00e7\u00f5es meteorol\u00f3gicas no INMET<\/h2>\n<p>As observa\u00e7\u00f5es meteorol\u00f3gicas do <a href=\"https:\/\/portal.inmet.gov.br\/\">INMET<\/a> s\u00e3o essenciais para previs\u00f5es em tempo real, estat\u00edsticas clim\u00e1ticas e coopera\u00e7\u00e3o internacional. Esses dados precisos ajudam a estudar o clima passado e a produzir Normais Climatol\u00f3gicas conforme a <strong>Organiza\u00e7\u00e3o Meteorol\u00f3gica Mundial <\/strong>(<a href=\"https:\/\/worldweather.wmo.int\/pt\/home.html\">OMM<\/a>).<\/p>\n<p>As informa\u00e7\u00f5es s\u00e3o do <strong>Instituto Nacional de Meteorologia<\/strong> (<a href=\"https:\/\/portal.inmet.gov.br\/\">Inmet<\/a>).<br \/>\n\u00a0<\/p>\n<p>\t\t\t\t\t\t\t\t\t\t<img loading=\"lazy\" decoding=\"async\" src=\"https:\/\/brasil61.com\/api\/v1\/serve_pixel\/17677\/86863\" alt=\"Pixel Brasil 61\" class=\"b61_pixel\" width=\"0\" height=\"0\"><\/p>\n<input type=\"hidden\" id=\"baseurl\" value=\"https:\/\/noticiasdestaque.com.br\"><input type=\"hidden\" id=\"audio_nonce\" value=\"6f73a554f1\">","protected":false},"excerpt":{"rendered":"<p>Entre as capitais, a temperatura m\u00ednima prevista \u00e9 de 16\u00b0C, em Curitiba. J\u00e1 a m\u00e1xima deve atingir at\u00e9 35\u00b0C, em Porto Alegre<\/p>\n","protected":false},"author":1,"featured_media":48857,"comment_status":"open","ping_status":"open","sticky":false,"template":"","format":"standard","meta":{"fifu_image_url":"","fifu_image_alt":"","footnotes":""},"categories":[58],"tags":[],"class_list":["post-48856","post","type-post","status-publish","format-standard","has-post-thumbnail","hentry","category-cotidiano"],"distributor_meta":false,"distributor_terms":false,"distributor_media":false,"distributor_original_site_name":"Noticias em Destaque","distributor_original_site_url":"https:\/\/noticiasdestaque.com.br","push-errors":false,"_links":{"self":[{"href":"https:\/\/noticiasdestaque.com.br\/index.php\/wp-json\/wp\/v2\/posts\/48856","targetHints":{"allow":["GET"]}}],"collection":[{"href":"https:\/\/noticiasdestaque.com.br\/index.php\/wp-json\/wp\/v2\/posts"}],"about":[{"href":"https:\/\/noticiasdestaque.com.br\/index.php\/wp-json\/wp\/v2\/types\/post"}],"author":[{"embeddable":true,"href":"https:\/\/noticiasdestaque.com.br\/index.php\/wp-json\/wp\/v2\/users\/1"}],"replies":[{"embeddable":true,"href":"https:\/\/noticiasdestaque.com.br\/index.php\/wp-json\/wp\/v2\/comments?post=48856"}],"version-history":[{"count":0,"href":"https:\/\/noticiasdestaque.com.br\/index.php\/wp-json\/wp\/v2\/posts\/48856\/revisions"}],"wp:featuredmedia":[{"embeddable":true,"href":"https:\/\/noticiasdestaque.com.br\/index.php\/wp-json\/wp\/v2\/media\/48857"}],"wp:attachment":[{"href":"https:\/\/noticiasdestaque.com.br\/index.php\/wp-json\/wp\/v2\/media?parent=48856"}],"wp:term":[{"taxonomy":"category","embeddable":true,"href":"https:\/\/noticiasdestaque.com.br\/index.php\/wp-json\/wp\/v2\/categories?post=48856"},{"taxonomy":"post_tag","embeddable":true,"href":"https:\/\/noticiasdestaque.com.br\/index.php\/wp-json\/wp\/v2\/tags?post=48856"}],"curies":[{"name":"wp","href":"https:\/\/api.w.org\/{rel}","templated":true}]}}