{"id":48852,"date":"2026-01-06T18:10:00","date_gmt":"2026-01-06T21:10:00","guid":{"rendered":"https:\/\/noticiasdestaque.com.br\/index.php\/2026\/01\/06\/previsao-do-tempo-sudeste-tem-alerta-para-acumulado-de-chuva-nesta-quarta-feira-7\/"},"modified":"2026-01-06T18:10:00","modified_gmt":"2026-01-06T21:10:00","slug":"previsao-do-tempo-sudeste-tem-alerta-para-acumulado-de-chuva-nesta-quarta-feira-7","status":"publish","type":"post","link":"https:\/\/noticiasdestaque.com.br\/index.php\/2026\/01\/06\/previsao-do-tempo-sudeste-tem-alerta-para-acumulado-de-chuva-nesta-quarta-feira-7\/","title":{"rendered":"PREVIS\u00c3O DO TEMPO: Sudeste tem alerta para acumulado de chuva nesta quarta-feira (7)"},"content":{"rendered":"<p>\t\t\t\t\t\t\t\t\t\t\t<audio controls class=\"b61_audio_player\" data-noticia=\"86861\" src=\"https:\/\/brasil61.com\/rails\/active_storage\/blobs\/eyJfcmFpbHMiOnsibWVzc2FnZSI6IkJBaHBBNnplQXc9PSIsImV4cCI6bnVsbCwicHVyIjoiYmxvYl9pZCJ9fQ==--99f0f25946c067b70e856cf4af6db3ffea998583\/PTSD264307A\"><\/audio><\/p>\n<p>\u00a0<\/p>\n<\/p>\n<p dir=\"ltr\">O <a href=\"https:\/\/portal.inmet.gov.br\/\">Instituto Nacional de Meteorologia<\/a> emitiu <strong>alerta de perigo potencial para acumulado de chuva<\/strong> para os quatro estados da regi\u00e3o Sudeste nesta quarta-feira (7).<\/p>\n<p dir=\"ltr\">Em S\u00e3o Paulo, o tempo fica com <strong>muitas nuvens, pancadas de chuva e trovoadas isoladas<\/strong>, principalmente no sul e sudoeste paulista, com destaque para os munic\u00edpios de Itapetininga, Eldorado e Pilar do Sul.<\/p>\n<p dir=\"ltr\">Em Minas Gerais, a previs\u00e3o indica<strong> muitas nuvens<\/strong> durante a tarde no norte do estado, atingindo Santa Cruz de Salinas, Salinas e \u00c1guas Vermelhas. J\u00e1 na regi\u00e3o Central e Zona da Mata, cidades como Mariana, Ouro Preto e Nova Lima devem registrar <strong>chuvas mais intensas<\/strong>, acompanhadas de trovoadas isoladas.<\/p>\n<p dir=\"ltr\">No Esp\u00edrito Santo, h\u00e1 possibilidade de <strong>chuva isolada<\/strong> no norte capixaba, especialmente em Linhares, Rio Bananal e Jo\u00e3o Neiva, com varia\u00e7\u00e3o de nuvens ao longo do dia.<\/p>\n<p dir=\"ltr\">No Rio de Janeiro, a expectativa \u00e9 de <strong>pancadas de chuva e trovoadas isoladas<\/strong> em todas as regi\u00f5es do estado.<\/p>\n<p dir=\"ltr\">Entre as capitais, a temperatura m\u00ednima prevista \u00e9 de 16\u00b0C, em Belo Horizonte. J\u00e1 a m\u00e1xima pode chegar at\u00e9 29\u00b0C, em Vit\u00f3ria. A \u00a0umidade relativa do ar varia entre 50% e 100%.<\/p>\n<h2 dir=\"ltr\">5 motivos para acompanhar as previs\u00f5es do tempo<\/h2>\n<ul dir=\"ltr\">\n<li>Agricultura: garantia de uma boa colheita;<\/li>\n<li>Marinha: prote\u00e7\u00e3o de marinheiros, navios e passageiros;<\/li>\n<li>Aeron\u00e1utica: seguran\u00e7a de pilotos, aeronaves e passageiros;<\/li>\n<li>Pesca: condi\u00e7\u00f5es favor\u00e1veis e seguras para a atividade;<\/li>\n<li>Turismo: garantia de passeios e viagens tranquilas e agrad\u00e1veis.<\/li>\n<\/ul>\n<h2 dir=\"ltr\">Import\u00e2ncia das observa\u00e7\u00f5es meteorol\u00f3gicas no INMET<\/h2>\n<p dir=\"ltr\">As observa\u00e7\u00f5es meteorol\u00f3gicas do <a href=\"https:\/\/portal.inmet.gov.br\/\">INMET <\/a>s\u00e3o essenciais para previs\u00f5es em tempo real, estat\u00edsticas clim\u00e1ticas e coopera\u00e7\u00e3o internacional. Esses dados precisos ajudam a estudar o clima passado e a produzir Normais Climatol\u00f3gicas conforme a <strong>Organiza\u00e7\u00e3o Meteorol\u00f3gica Mundial<\/strong> (<a href=\"https:\/\/worldweather.wmo.int\/pt\/home.html\">OMM<\/a>).<\/p>\n<p dir=\"ltr\">As informa\u00e7\u00f5es s\u00e3o do <strong>Instituto Nacional de Meteorologia <\/strong>(<a href=\"https:\/\/portal.inmet.gov.br\/\">Inmet<\/a>).<\/p>\n<p>\t\t\t\t\t\t\t\t\t\t<img loading=\"lazy\" decoding=\"async\" src=\"https:\/\/brasil61.com\/api\/v1\/serve_pixel\/17677\/86861\" alt=\"Pixel Brasil 61\" class=\"b61_pixel\" width=\"0\" height=\"0\"><\/p>\n<input type=\"hidden\" id=\"baseurl\" value=\"https:\/\/noticiasdestaque.com.br\"><input type=\"hidden\" id=\"audio_nonce\" value=\"6f73a554f1\">","protected":false},"excerpt":{"rendered":"<p>Em Minas Gerais, a previs\u00e3o indica muitas nuvens durante a tarde no norte do estado, atingindo Santa Cruz de Salinas, Salinas e \u00c1guas Vermelhas<\/p>\n","protected":false},"author":1,"featured_media":48853,"comment_status":"open","ping_status":"open","sticky":false,"template":"","format":"standard","meta":{"fifu_image_url":"","fifu_image_alt":"","footnotes":""},"categories":[58],"tags":[],"class_list":["post-48852","post","type-post","status-publish","format-standard","has-post-thumbnail","hentry","category-cotidiano"],"distributor_meta":false,"distributor_terms":false,"distributor_media":false,"distributor_original_site_name":"Noticias em Destaque","distributor_original_site_url":"https:\/\/noticiasdestaque.com.br","push-errors":false,"_links":{"self":[{"href":"https:\/\/noticiasdestaque.com.br\/index.php\/wp-json\/wp\/v2\/posts\/48852","targetHints":{"allow":["GET"]}}],"collection":[{"href":"https:\/\/noticiasdestaque.com.br\/index.php\/wp-json\/wp\/v2\/posts"}],"about":[{"href":"https:\/\/noticiasdestaque.com.br\/index.php\/wp-json\/wp\/v2\/types\/post"}],"author":[{"embeddable":true,"href":"https:\/\/noticiasdestaque.com.br\/index.php\/wp-json\/wp\/v2\/users\/1"}],"replies":[{"embeddable":true,"href":"https:\/\/noticiasdestaque.com.br\/index.php\/wp-json\/wp\/v2\/comments?post=48852"}],"version-history":[{"count":0,"href":"https:\/\/noticiasdestaque.com.br\/index.php\/wp-json\/wp\/v2\/posts\/48852\/revisions"}],"wp:featuredmedia":[{"embeddable":true,"href":"https:\/\/noticiasdestaque.com.br\/index.php\/wp-json\/wp\/v2\/media\/48853"}],"wp:attachment":[{"href":"https:\/\/noticiasdestaque.com.br\/index.php\/wp-json\/wp\/v2\/media?parent=48852"}],"wp:term":[{"taxonomy":"category","embeddable":true,"href":"https:\/\/noticiasdestaque.com.br\/index.php\/wp-json\/wp\/v2\/categories?post=48852"},{"taxonomy":"post_tag","embeddable":true,"href":"https:\/\/noticiasdestaque.com.br\/index.php\/wp-json\/wp\/v2\/tags?post=48852"}],"curies":[{"name":"wp","href":"https:\/\/api.w.org\/{rel}","templated":true}]}}