{"id":48840,"date":"2026-01-06T04:20:00","date_gmt":"2026-01-06T07:20:00","guid":{"rendered":"https:\/\/noticiasdestaque.com.br\/index.php\/2026\/01\/06\/fronteira-entre-brasil-e-venezuela-permanece-aberta-e-sob-monitoramento\/"},"modified":"2026-01-06T04:20:00","modified_gmt":"2026-01-06T07:20:00","slug":"fronteira-entre-brasil-e-venezuela-permanece-aberta-e-sob-monitoramento","status":"publish","type":"post","link":"https:\/\/noticiasdestaque.com.br\/index.php\/2026\/01\/06\/fronteira-entre-brasil-e-venezuela-permanece-aberta-e-sob-monitoramento\/","title":{"rendered":"Fronteira entre Brasil e Venezuela permanece aberta e sob monitoramento"},"content":{"rendered":"<p>\t\t\t\t\t\t\t\t\t\t\t<audio controls class=\"b61_audio_player\" data-noticia=\"86848\" src=\"https:\/\/brasil61.com\/rails\/active_storage\/blobs\/eyJfcmFpbHMiOnsibWVzc2FnZSI6IkJBaHBBNGZlQXc9PSIsImV4cCI6bnVsbCwicHVyIjoiYmxvYl9pZCJ9fQ==--e38b81c870ca5f4072cea6aa4bb554812675e86d\/BRAS2615493A\"><\/audio><\/p>\n<p><strong>A fronteira entre o Brasil e a Venezuela<\/strong>, no munic\u00edpio de Pacaraima, em Roraima, <strong>permanece aberta nos dois sentidos<\/strong> e<strong> n\u00e3o h\u00e1 previs\u00e3o de suspens\u00e3o do fluxo de pessoas<\/strong>. A informa\u00e7\u00e3o foi confirmada pela Pol\u00edcia Militar de Roraima (PMRR), em nota divulgada ap\u00f3s a invas\u00e3o dos Estados Unidos ao territ\u00f3rio venezuelano e a captura do presidente Nicol\u00e1s Maduro e de sua esposa, Cilia Flores, no \u00faltimo s\u00e1bado (3).<\/p>\n<p>Ainda no s\u00e1bado, ap\u00f3s reuni\u00e3o coordenada por videoconfer\u00eancia pelo presidente Luiz In\u00e1cio Lula da Silva, em Bras\u00edlia, o ministro da Defesa, Jos\u00e9 M\u00facio, afirmou que <strong>a<\/strong> <strong>fronteira segue sob monitoramento constante<\/strong>. Nesta segunda-feira (5), a assessoria da pasta reiterou que<strong> a fronteira permanece aberta<\/strong>.<\/p>\n<p>De acordo com a 1\u00aa Companhia Independente de Pol\u00edcia Militar de Fronteira, <strong>houve uma leve redu\u00e7\u00e3o no fluxo de imigrantes<\/strong>, apesar dos acontecimentos recentes no pa\u00eds vizinho. \u201c<strong>O tr\u00e2nsito na linha internacional ocorre de forma tranquila<\/strong>, com a <strong>Pol\u00edcia Militar mantendo policiamento ostensivo e monitoramento permanente<\/strong> na regi\u00e3o\u201d, informa a corpora\u00e7\u00e3o.<\/p>\n<p>O ministro da Defesa tamb\u00e9m destacou que <strong>n\u00e3o h\u00e1 registro de movimenta\u00e7\u00e3o at\u00edpica na fronteira entre Brasil e Venezuela<\/strong>, que segue sendo monitorada. Segundo ele, o governo federal est\u00e1 em contato direto com o governador de Roraima, Antonio Denarium.<\/p>\n<p>Segundo a PMRR,<strong> o refor\u00e7o no policiamento permanece ativo<\/strong>, com a mobiliza\u00e7\u00e3o de viaturas especializadas do Batalh\u00e3o de Opera\u00e7\u00f5es Policiais Especiais (Bope), atuando de forma preventiva para garantir a ordem p\u00fablica, a seguran\u00e7a da popula\u00e7\u00e3o e a normalidade no lado brasileiro da fronteira.<\/p>\n<p>Jos\u00e9 M\u00facio informou ainda que o Brasil mant\u00e9m cerca de<strong> 10 mil militares<\/strong> <strong>na Regi\u00e3o Amaz\u00f4nica<\/strong>, sendo aproximadamente<strong> 2.300 em Roraima<\/strong>.<\/p>\n<h2>Governo de Roraima monitora cen\u00e1rio regional<\/h2>\n<p>Em nota, o Governo de Roraima informou que acompanha com aten\u00e7\u00e3o os acontecimentos recentes na Venezuela e eventuais impactos na estabilidade regional, reafirmando o compromisso com a paz, a ordem p\u00fablica e a seguran\u00e7a da popula\u00e7\u00e3o roraimense.<\/p>\n<p>Segundo o comunicado, as autoridades estaduais mant\u00eam contato permanente com os \u00f3rg\u00e3os competentes da Uni\u00e3o para monitorar poss\u00edveis desdobramentos que possam afetar a rotina da popula\u00e7\u00e3o. Os \u00f3rg\u00e3os de seguran\u00e7a p\u00fablica do estado seguem preparados e articulados, mantendo suas atividades regulares, com foco na garantia da paz, da prote\u00e7\u00e3o e da continuidade dos servi\u00e7os essenciais \u00e0 popula\u00e7\u00e3o de Roraima.<\/p>\n<p><strong>VEJA MAIS:<\/strong><\/p>\n<ul>\n<li><a href=\"https:\/\/brasil61.com\/n\/taxa-ambiental-ganha-forca-em-destinos-turisticos-para-preservar-cidades-e-garantir-turismo-sustentavel-bras2515468\" target=\"_blank\">Taxa ambiental ganha for\u00e7a em destinos tur\u00edsticos para preservar cidades e garantir turismo sustent\u00e1vel<\/a><\/li>\n<li><a href=\"https:\/\/brasil61.com\/n\/prazo-estendido-uniao-ganha-mais-tres-anos-para-mapear-terras-federais-em-rios-e-no-litoral-bras2615476\" target=\"_blank\">Prazo estendido: Uni\u00e3o ganha mais tr\u00eas anos para mapear terras federais em rios e no litoral<\/a><\/li>\n<\/ul>\n<p>\t\t\t\t\t\t\t\t\t\t<img loading=\"lazy\" decoding=\"async\" src=\"https:\/\/brasil61.com\/api\/v1\/serve_pixel\/17677\/86848\" alt=\"Pixel Brasil 61\" class=\"b61_pixel\" width=\"0\" height=\"0\"><\/p>\n<input type=\"hidden\" id=\"baseurl\" value=\"https:\/\/noticiasdestaque.com.br\"><input type=\"hidden\" id=\"audio_nonce\" value=\"6f73a554f1\">","protected":false},"excerpt":{"rendered":"<p>Pol\u00edcia Militar e Minist\u00e9rio da Defesa afirmam que o fluxo segue tranquilo, com refor\u00e7o na seguran\u00e7a em Pacaraima<\/p>\n","protected":false},"author":1,"featured_media":48841,"comment_status":"open","ping_status":"open","sticky":false,"template":"","format":"standard","meta":{"fifu_image_url":"","fifu_image_alt":"","footnotes":""},"categories":[48],"tags":[],"class_list":["post-48840","post","type-post","status-publish","format-standard","has-post-thumbnail","hentry","category-mundo"],"distributor_meta":false,"distributor_terms":false,"distributor_media":false,"distributor_original_site_name":"Noticias em Destaque","distributor_original_site_url":"https:\/\/noticiasdestaque.com.br","push-errors":false,"_links":{"self":[{"href":"https:\/\/noticiasdestaque.com.br\/index.php\/wp-json\/wp\/v2\/posts\/48840","targetHints":{"allow":["GET"]}}],"collection":[{"href":"https:\/\/noticiasdestaque.com.br\/index.php\/wp-json\/wp\/v2\/posts"}],"about":[{"href":"https:\/\/noticiasdestaque.com.br\/index.php\/wp-json\/wp\/v2\/types\/post"}],"author":[{"embeddable":true,"href":"https:\/\/noticiasdestaque.com.br\/index.php\/wp-json\/wp\/v2\/users\/1"}],"replies":[{"embeddable":true,"href":"https:\/\/noticiasdestaque.com.br\/index.php\/wp-json\/wp\/v2\/comments?post=48840"}],"version-history":[{"count":0,"href":"https:\/\/noticiasdestaque.com.br\/index.php\/wp-json\/wp\/v2\/posts\/48840\/revisions"}],"wp:featuredmedia":[{"embeddable":true,"href":"https:\/\/noticiasdestaque.com.br\/index.php\/wp-json\/wp\/v2\/media\/48841"}],"wp:attachment":[{"href":"https:\/\/noticiasdestaque.com.br\/index.php\/wp-json\/wp\/v2\/media?parent=48840"}],"wp:term":[{"taxonomy":"category","embeddable":true,"href":"https:\/\/noticiasdestaque.com.br\/index.php\/wp-json\/wp\/v2\/categories?post=48840"},{"taxonomy":"post_tag","embeddable":true,"href":"https:\/\/noticiasdestaque.com.br\/index.php\/wp-json\/wp\/v2\/tags?post=48840"}],"curies":[{"name":"wp","href":"https:\/\/api.w.org\/{rel}","templated":true}]}}