{"id":4884,"date":"2022-12-14T16:43:41","date_gmt":"2022-12-14T19:43:41","guid":{"rendered":"https:\/\/noticiasdestaque.com.br\/index.php\/2022\/12\/14\/pedagios-de-sp-vao-ficar-mais-caros-a-partir-de-sexta-feira\/"},"modified":"2022-12-14T16:43:41","modified_gmt":"2022-12-14T19:43:41","slug":"pedagios-de-sp-vao-ficar-mais-caros-a-partir-de-sexta-feira","status":"publish","type":"post","link":"https:\/\/noticiasdestaque.com.br\/index.php\/2022\/12\/14\/pedagios-de-sp-vao-ficar-mais-caros-a-partir-de-sexta-feira\/","title":{"rendered":"Ped\u00e1gios de SP v\u00e3o ficar mais caros a partir de sexta-feira"},"content":{"rendered":"<style> bloco.meta {font-style: italic; color: #666;font-weight: 600;font-size: .8em; \/* line-height: .3em; *\/}  text h2 { font-weight: 700 !important;  color: #062f46 !important;} text img { width: none; left: none;}<\/style>\n<\/p>\n<p>A partir da meia-noite da pr\u00f3xima sexta-feira (16), os ped\u00e1gios de S\u00e3o Paulo v\u00e3o sofrer um reajuste, podendo ficar at\u00e9 quase 12% mais caros. O reajuste nas tarifas de ped\u00e1gios foi autorizado pela Ag\u00eancia de Transporte do Estado de S\u00e3o Paulo (Artesp) e a decis\u00e3o foi publicada hoje (14) no <a href=\"http:\/\/diariooficial.imprensaoficial.com.br\/nav_v6\/index.asp?c=32747\n<\/p>\n<input type=\"hidden\" id=\"baseurl\" value=\"https:\/\/noticiasdestaque.com.br\"><input type=\"hidden\" id=\"audio_nonce\" value=\"62ca87eee3\">","protected":false},"excerpt":{"rendered":"<p>Aumento deveria ter ocorrido em julho, mas foi adiado este m\u00eas<\/p>\n","protected":false},"author":1,"featured_media":4885,"comment_status":"open","ping_status":"open","sticky":false,"template":"","format":"standard","meta":{"fifu_image_url":"","fifu_image_alt":"","footnotes":""},"categories":[48],"tags":[],"class_list":["post-4884","post","type-post","status-publish","format-standard","has-post-thumbnail","hentry","category-mundo"],"distributor_meta":false,"distributor_terms":false,"distributor_media":false,"distributor_original_site_name":"Portal de Recupera\u00e7\u00e3o","distributor_original_site_url":"https:\/\/portalderecuperacao.com","push-errors":false,"_links":{"self":[{"href":"https:\/\/noticiasdestaque.com.br\/index.php\/wp-json\/wp\/v2\/posts\/4884","targetHints":{"allow":["GET"]}}],"collection":[{"href":"https:\/\/noticiasdestaque.com.br\/index.php\/wp-json\/wp\/v2\/posts"}],"about":[{"href":"https:\/\/noticiasdestaque.com.br\/index.php\/wp-json\/wp\/v2\/types\/post"}],"author":[{"embeddable":true,"href":"https:\/\/noticiasdestaque.com.br\/index.php\/wp-json\/wp\/v2\/users\/1"}],"replies":[{"embeddable":true,"href":"https:\/\/noticiasdestaque.com.br\/index.php\/wp-json\/wp\/v2\/comments?post=4884"}],"version-history":[{"count":0,"href":"https:\/\/noticiasdestaque.com.br\/index.php\/wp-json\/wp\/v2\/posts\/4884\/revisions"}],"wp:featuredmedia":[{"embeddable":true,"href":"https:\/\/noticiasdestaque.com.br\/index.php\/wp-json\/wp\/v2\/media\/4885"}],"wp:attachment":[{"href":"https:\/\/noticiasdestaque.com.br\/index.php\/wp-json\/wp\/v2\/media?parent=4884"}],"wp:term":[{"taxonomy":"category","embeddable":true,"href":"https:\/\/noticiasdestaque.com.br\/index.php\/wp-json\/wp\/v2\/categories?post=4884"},{"taxonomy":"post_tag","embeddable":true,"href":"https:\/\/noticiasdestaque.com.br\/index.php\/wp-json\/wp\/v2\/tags?post=4884"}],"curies":[{"name":"wp","href":"https:\/\/api.w.org\/{rel}","templated":true}]}}