{"id":48826,"date":"2026-01-05T20:15:00","date_gmt":"2026-01-05T23:15:00","guid":{"rendered":"https:\/\/noticiasdestaque.com.br\/index.php\/2026\/01\/05\/previsao-do-tempo-terca-feira-6-de-chuvas-intensas-e-trovoadas-no-sudeste\/"},"modified":"2026-01-05T20:15:00","modified_gmt":"2026-01-05T23:15:00","slug":"previsao-do-tempo-terca-feira-6-de-chuvas-intensas-e-trovoadas-no-sudeste","status":"publish","type":"post","link":"https:\/\/noticiasdestaque.com.br\/index.php\/2026\/01\/05\/previsao-do-tempo-terca-feira-6-de-chuvas-intensas-e-trovoadas-no-sudeste\/","title":{"rendered":"PREVIS\u00c3O DO TEMPO: ter\u00e7a-feira (6) de chuvas intensas e trovoadas no Sudeste"},"content":{"rendered":"<p>\t\t\t\t\t\t\t\t\t\t\t<audio controls class=\"b61_audio_player\" data-noticia=\"86845\" src=\"https:\/\/brasil61.com\/rails\/active_storage\/blobs\/eyJfcmFpbHMiOnsibWVzc2FnZSI6IkJBaHBBNVhlQXc9PSIsImV4cCI6bnVsbCwicHVyIjoiYmxvYl9pZCJ9fQ==--b377715ae7b1e4274c62627be00da1254ea56f94\/PTSD264306A\"><\/audio><\/p>\n<p>A <strong>previs\u00e3o do tempo<\/strong> para a <strong>Regi\u00e3o Sudeste<\/strong> do pa\u00eds, nesta <strong>ter\u00e7a-feira (6)<\/strong>, \u00e9 de c\u00e9u com <strong>muitas<\/strong> <strong>nuvens<\/strong> para toda a regi\u00e3o e <strong>pancadas de chuva com trovoadas <\/strong>para todos os estados ao longo do dia, com <strong>maior<\/strong> <strong>intensidade<\/strong> pela manh\u00e3. Ap\u00f3s as semanas de <strong>calor intenso <\/strong>que castigaram o Brasil durante as festividades de Natal e Ano Novo, as <strong>temperaturas voltam a ficar amenas\u00a0<\/strong>na regi\u00e3o nesta primeira semana de 2026.<\/p>\n<p>Pela <strong>manh\u00e3<\/strong>, a previs\u00e3o \u00e9 c\u00e9u de <strong>muitas nuvens<\/strong> para toda a regi\u00e3o, com <strong>possibilidade de chuvas isoladas<\/strong> em todos os estados \u2014 \u00e0 exce\u00e7\u00e3o dos extremos-sul e sudoeste de S\u00e3o Paulo. As <strong>chuvas<\/strong> devem <strong>amanhecer mais intensas e acompanhadas de trovoadas<\/strong> em todo o estado de Minas Gerais, Esp\u00edrito Santo, Rio de Janeiro e extremo-norte de S\u00e3o Paulo.<\/p>\n<p>Durante a <strong>tarde<\/strong>, as <strong>chuvas<\/strong> devem <strong>recuar<\/strong> em S\u00e3o Paulo,<strong> se restringindo<\/strong> ao extremo-norte do estado. Da mesma forma, as <strong>chuvas mais intensas e acompanhadas de trovoadas <\/strong>devem <strong>se restringir<\/strong> ao Esp\u00edrito Santo, centro-norte mineiro e norte do Rio de Janeiro. Essas <strong>condi\u00e7\u00f5es<\/strong> devem <strong>se manter<\/strong> at\u00e9 a <strong>noite<\/strong>.<\/p>\n<p>O <b>Instituto Nacional de Meteorologia<\/b> (<a href=\"https:\/\/portal.inmet.gov.br\/\">Inmet<\/a>) emitiu alerta para <strong>perigo potencial de chuvas intensas<\/strong> para o Esp\u00edrito Santo, por\u00e7\u00e3o centro-norte de Minas Gerais e extremo-norte do Rio de Janeiro, al\u00e9m de alerta de <strong>perigo de tempestades<\/strong> para o estado capixaba, centro-norte mineiro e extremo-norte do Rio de Janeiro, e alerta de <strong>perigo potencial de tempestades<\/strong> para o extremo-sul de Minas e centro-norte de S\u00e3o Paulo. H\u00e1, ainda, alerta de <strong>perigo potencial de acumulado de chuva<\/strong> para todo o litoral do Rio de Janeiro e de S\u00e3o Paulo.<\/p>\n<p>Entre as <strong>capitais<\/strong>, a <strong>temperatura m\u00ednima<\/strong> prevista \u00e9 de<strong> 16\u00b0C<\/strong> em<strong> Belo Horizonte<\/strong> e <strong>S\u00e3o Paulo<\/strong>. J\u00e1 a <strong>m\u00e1xima<\/strong> pode chegar at\u00e9 <strong>28\u00b0C<\/strong>, no <strong>Rio de Janeiro<\/strong>. A <strong>umidade relativa do ar <\/strong>varia entre <strong>50%<\/strong> e <strong>100%<\/strong>.<\/p>\n<p>\u00a0<\/p>\n<h2>5 motivos para acompanhar as previs\u00f5es do tempo<\/h2>\n<ul>\n<li>Agricultura: garantia de uma boa colheita;<\/li>\n<li>Marinha: prote\u00e7\u00e3o de marinheiros, navios e passageiros;<\/li>\n<li>Aeron\u00e1utica: seguran\u00e7a de pilotos, aeronaves e passageiros;<\/li>\n<li>Pesca: condi\u00e7\u00f5es favor\u00e1veis e seguras para a atividade;<\/li>\n<li>Turismo: garantia de passeios e viagens tranquilas e agrad\u00e1veis.<\/li>\n<\/ul>\n<p>\u00a0<\/p>\n<h2>Import\u00e2ncia das observa\u00e7\u00f5es meteorol\u00f3gicas no INMET<\/h2>\n<p>As observa\u00e7\u00f5es meteorol\u00f3gicas do INMET s\u00e3o essenciais para previs\u00f5es em tempo real, estat\u00edsticas clim\u00e1ticas e coopera\u00e7\u00e3o internacional. Esses dados precisos ajudam a estudar o clima passado e a produzir Normais Climatol\u00f3gicas conforme a Organiza\u00e7\u00e3o Meteorol\u00f3gica Mundial (<a href=\"https:\/\/worldweather.wmo.int\/pt\/home.html\">OMM<\/a>).<\/p>\n<p>As informa\u00e7\u00f5es s\u00e3o do Instituto Nacional de Meteorologia (<a href=\"https:\/\/portal.inmet.gov.br\">Inmet<\/a>).<\/p>\n<p>\t\t\t\t\t\t\t\t\t\t<img loading=\"lazy\" decoding=\"async\" src=\"https:\/\/brasil61.com\/api\/v1\/serve_pixel\/17677\/86845\" alt=\"Pixel Brasil 61\" class=\"b61_pixel\" width=\"0\" height=\"0\"><\/p>\n<input type=\"hidden\" id=\"baseurl\" value=\"https:\/\/noticiasdestaque.com.br\"><input type=\"hidden\" id=\"audio_nonce\" value=\"6f73a554f1\">","protected":false},"excerpt":{"rendered":"<p>Previs\u00e3o de chuvas e trovoadas para todos os estados ao longo do dia, com maior intensidade pela manh\u00e3; temperaturas variam entre 16\u00b0C e 28\u00b0C<\/p>\n","protected":false},"author":1,"featured_media":48827,"comment_status":"open","ping_status":"open","sticky":false,"template":"","format":"standard","meta":{"fifu_image_url":"","fifu_image_alt":"","footnotes":""},"categories":[58],"tags":[],"class_list":["post-48826","post","type-post","status-publish","format-standard","has-post-thumbnail","hentry","category-cotidiano"],"distributor_meta":false,"distributor_terms":false,"distributor_media":false,"distributor_original_site_name":"Noticias em Destaque","distributor_original_site_url":"https:\/\/noticiasdestaque.com.br","push-errors":false,"_links":{"self":[{"href":"https:\/\/noticiasdestaque.com.br\/index.php\/wp-json\/wp\/v2\/posts\/48826","targetHints":{"allow":["GET"]}}],"collection":[{"href":"https:\/\/noticiasdestaque.com.br\/index.php\/wp-json\/wp\/v2\/posts"}],"about":[{"href":"https:\/\/noticiasdestaque.com.br\/index.php\/wp-json\/wp\/v2\/types\/post"}],"author":[{"embeddable":true,"href":"https:\/\/noticiasdestaque.com.br\/index.php\/wp-json\/wp\/v2\/users\/1"}],"replies":[{"embeddable":true,"href":"https:\/\/noticiasdestaque.com.br\/index.php\/wp-json\/wp\/v2\/comments?post=48826"}],"version-history":[{"count":0,"href":"https:\/\/noticiasdestaque.com.br\/index.php\/wp-json\/wp\/v2\/posts\/48826\/revisions"}],"wp:featuredmedia":[{"embeddable":true,"href":"https:\/\/noticiasdestaque.com.br\/index.php\/wp-json\/wp\/v2\/media\/48827"}],"wp:attachment":[{"href":"https:\/\/noticiasdestaque.com.br\/index.php\/wp-json\/wp\/v2\/media?parent=48826"}],"wp:term":[{"taxonomy":"category","embeddable":true,"href":"https:\/\/noticiasdestaque.com.br\/index.php\/wp-json\/wp\/v2\/categories?post=48826"},{"taxonomy":"post_tag","embeddable":true,"href":"https:\/\/noticiasdestaque.com.br\/index.php\/wp-json\/wp\/v2\/tags?post=48826"}],"curies":[{"name":"wp","href":"https:\/\/api.w.org\/{rel}","templated":true}]}}