{"id":4882,"date":"2022-12-14T16:34:33","date_gmt":"2022-12-14T19:34:33","guid":{"rendered":"https:\/\/noticiasdestaque.com.br\/index.php\/2022\/12\/14\/vetada-lei-que-proibe-arquitetura-hostil-a-morador-em-situacao-de-rua\/"},"modified":"2022-12-14T16:34:33","modified_gmt":"2022-12-14T19:34:33","slug":"vetada-lei-que-proibe-arquitetura-hostil-a-morador-em-situacao-de-rua","status":"publish","type":"post","link":"https:\/\/noticiasdestaque.com.br\/index.php\/2022\/12\/14\/vetada-lei-que-proibe-arquitetura-hostil-a-morador-em-situacao-de-rua\/","title":{"rendered":"Vetada lei que pro\u00edbe arquitetura hostil a morador em situa\u00e7\u00e3o de rua"},"content":{"rendered":"<style> bloco.meta {font-style: italic; color: #666;font-weight: 600;font-size: .8em; \/* line-height: .3em; *\/}  text h2 { font-weight: 700 !important;  color: #062f46 !important;} text img { width: none; left: none;}<\/style>\n<\/p>\n<p>O presidente Jair Bolsonaro vetou o projeto de lei que pro\u00edbe o uso de materiais e estruturas para afastar pessoas em situa\u00e7\u00e3o de rua de locais p\u00fablicos nas cidades. A informa\u00e7\u00e3o foi divulgada pela Presid\u00eancia da Rep\u00fablica nesta ter\u00e7a-feira (13). A medida, de autoria do senador Fabiano Contarato (PT-ES), incluiu no Estatuto da Cidade uma diretriz para impedir o emprego de &#8220;t\u00e9cnicas construtivas hostis&#8221; em espa\u00e7os livres de uso p\u00fablico.<\/p>\n<p>O projeto ficou conhecido como Lei Padre J\u00falio Lancelotti. No ano passado, o padre paulistano, que tem forte atua\u00e7\u00e3o em favor de moradores em situa\u00e7\u00e3o de rua, viralizou nas redes sociais ao protagonizar uma cena em que tentava quebrar estacas pontiagudas de concreto instaladas pela prefeitura de S\u00e3o Paulo sob um viaduto. A constru\u00e7\u00e3o visava impedir a perman\u00eancia das pessoas nesses locais.<\/p>\n<p>Na justificativa para o veto, o presidente da Rep\u00fablica argumentou que, ap\u00f3s ouvir minist\u00e9rios, concluiu que a norma poderia &#8220;ocasionar uma interfer\u00eancia na fun\u00e7\u00e3o de planejamento e governan\u00e7a local da pol\u00edtica urbana, ao buscar definir as caracter\u00edsticas e condi\u00e7\u00f5es a serem observadas para a instala\u00e7\u00e3o f\u00edsica de equipamentos e mobili\u00e1rios urbanos&#8221;.<\/p>\n<p>Em nota, a Secretaria-Geral da Presid\u00eancia da Rep\u00fablica informou que: &#8220;O emprego da express\u00e3o de t\u00e9cnicas construtivas hostis poderia gerar inseguran\u00e7a jur\u00eddica, por se tratar de um conceito ainda em constru\u00e7\u00e3o, ou seja, terminologia que ainda se encontra em processo de consolida\u00e7\u00e3o para sua inser\u00e7\u00e3o no ordenamento jur\u00eddico&#8221;.<\/p>\n<p>O texto havia sido aprovado pelo Congresso Nacional no fim de novembro. O veto presidencial precisar\u00e1 ser apreciado pelos parlamentares, que podem mant\u00ea-lo, arquivando a lei, ou ser derrubado, assegurando a validade da medida.<\/p>\n<p class=\"alt-font font-italic my-2 small text-info\">\n                                                Edi\u00e7\u00e3o:   Denise Griesinger                    <\/p>\n<p>            <!-- blog End --><\/p>\n<p>            <!-- tag and share --><\/p>\n<p> Fonte: EBC <\/p>\n<input type=\"hidden\" id=\"baseurl\" value=\"https:\/\/noticiasdestaque.com.br\"><input type=\"hidden\" id=\"audio_nonce\" value=\"62ca87eee3\">","protected":false},"excerpt":{"rendered":"<p>Justificativa \u00e9 preservar a liberdade de governan\u00e7a da pol\u00edtica urbana<\/p>\n","protected":false},"author":1,"featured_media":4883,"comment_status":"open","ping_status":"open","sticky":false,"template":"","format":"standard","meta":{"fifu_image_url":"","fifu_image_alt":"","footnotes":""},"categories":[58],"tags":[],"class_list":["post-4882","post","type-post","status-publish","format-standard","has-post-thumbnail","hentry","category-cotidiano"],"distributor_meta":false,"distributor_terms":false,"distributor_media":false,"distributor_original_site_name":"Portal de Recupera\u00e7\u00e3o","distributor_original_site_url":"https:\/\/portalderecuperacao.com","push-errors":false,"_links":{"self":[{"href":"https:\/\/noticiasdestaque.com.br\/index.php\/wp-json\/wp\/v2\/posts\/4882","targetHints":{"allow":["GET"]}}],"collection":[{"href":"https:\/\/noticiasdestaque.com.br\/index.php\/wp-json\/wp\/v2\/posts"}],"about":[{"href":"https:\/\/noticiasdestaque.com.br\/index.php\/wp-json\/wp\/v2\/types\/post"}],"author":[{"embeddable":true,"href":"https:\/\/noticiasdestaque.com.br\/index.php\/wp-json\/wp\/v2\/users\/1"}],"replies":[{"embeddable":true,"href":"https:\/\/noticiasdestaque.com.br\/index.php\/wp-json\/wp\/v2\/comments?post=4882"}],"version-history":[{"count":0,"href":"https:\/\/noticiasdestaque.com.br\/index.php\/wp-json\/wp\/v2\/posts\/4882\/revisions"}],"wp:featuredmedia":[{"embeddable":true,"href":"https:\/\/noticiasdestaque.com.br\/index.php\/wp-json\/wp\/v2\/media\/4883"}],"wp:attachment":[{"href":"https:\/\/noticiasdestaque.com.br\/index.php\/wp-json\/wp\/v2\/media?parent=4882"}],"wp:term":[{"taxonomy":"category","embeddable":true,"href":"https:\/\/noticiasdestaque.com.br\/index.php\/wp-json\/wp\/v2\/categories?post=4882"},{"taxonomy":"post_tag","embeddable":true,"href":"https:\/\/noticiasdestaque.com.br\/index.php\/wp-json\/wp\/v2\/tags?post=4882"}],"curies":[{"name":"wp","href":"https:\/\/api.w.org\/{rel}","templated":true}]}}