{"id":48812,"date":"2026-01-05T01:00:00","date_gmt":"2026-01-05T04:00:00","guid":{"rendered":"https:\/\/noticiasdestaque.com.br\/index.php\/2026\/01\/05\/ano-eleitoral-encurta-agenda-e-empurra-projetos-estrategicos-do-congresso-para-2026\/"},"modified":"2026-01-05T09:07:27","modified_gmt":"2026-01-05T12:07:27","slug":"ano-eleitoral-encurta-agenda-e-empurra-projetos-estrategicos-do-congresso-para-2026","status":"publish","type":"post","link":"https:\/\/noticiasdestaque.com.br\/index.php\/2026\/01\/05\/ano-eleitoral-encurta-agenda-e-empurra-projetos-estrategicos-do-congresso-para-2026\/","title":{"rendered":"Calend\u00e1rio eleitoral deve reduzir ritmo do Congresso e adiar decis\u00f5es estrat\u00e9gicas em 2026"},"content":{"rendered":"<p>\t\t\t\t\t\t\t\t\t\t<audio controls class=\"b61_audio_player\" data-noticia=\"86804\" src=\"https:\/\/brasil61.com\/rails\/active_storage\/blobs\/eyJfcmFpbHMiOnsibWVzc2FnZSI6IkJBaHBBMUhlQXc9PSIsImV4cCI6bnVsbCwicHVyIjoiYmxvYl9pZCJ9fQ==--a8242351539ca859b501b83f1105aa69b595bc5d\/BRAS2615475A\"><\/audio><\/p>\n<p>O <strong>calend\u00e1rio eleitoral de 2026 deve reduzir significativamente o ritmo de vota\u00e7\u00f5es no Congresso Nacional e adiar decis\u00f5es sobre projetos considerados estrat\u00e9gicos para o pa\u00eds<\/strong>. Os <strong>trabalhos legislativos come\u00e7am em fevereiro, mas ser\u00e3o interrompidos j\u00e1 em julho<\/strong>, quando tem in\u00edcio o recesso informal para as campanhas eleitorais. As sess\u00f5es plen\u00e1rias s\u00f3 devem ser retomadas em outubro, ap\u00f3s o primeiro turno.<\/p>\n<h2>Seguran\u00e7a p\u00fablica<\/h2>\n<p>Na \u00e1rea da seguran\u00e7a, ao menos duas iniciativas de grande impacto devem voltar \u00e0 pauta na volta do recesso, em 2026. A <strong>PEC da Seguran\u00e7a P\u00fablica (<a href=\"https:\/\/www.camara.leg.br\/proposicoesWeb\/fichadetramitacao?idProposicao=2500080\">PEC 18\/2025<\/a>)<\/strong>, elaborada pelo Minist\u00e9rio da Justi\u00e7a, pretende inserir na Constitui\u00e7\u00e3o o Sistema \u00danico de Seguran\u00e7a P\u00fablica e integrar for\u00e7as federais, estaduais e municipais no combate ao crime organizado.<\/p>\n<p>Apesar de j\u00e1 ter parecer favor\u00e1vel na Comiss\u00e3o de Constitui\u00e7\u00e3o e Justi\u00e7a, o texto sofreu altera\u00e7\u00f5es profundas na comiss\u00e3o especial. A resist\u00eancia de governadores e l\u00edderes partid\u00e1rios levou ao adiamento da vota\u00e7\u00e3o.<\/p>\n<p>Outro projeto travado \u00e9 o <strong>PL Antifac\u00e7\u00e3o (<a href=\"https:\/\/www.camara.leg.br\/proposicoesWeb\/fichadetramitacao?idProposicao=2579832\">PL 5582\/2025<\/a>)<\/strong>. A proposta, que busca endurecer o combate \u00e0s organiza\u00e7\u00f5es criminosas, virou alvo de disputa pol\u00edtica entre C\u00e2mara e Senado. Enquanto deputados ampliaram o protagonismo dos Estados e aumentaram penas, senadores retomaram uma vers\u00e3o mais alinhada ao governo federal. A defini\u00e7\u00e3o sobre qual texto prevalecer\u00e1 ficou para o pr\u00f3ximo ano.<\/p>\n<h2>CPMIs, trabalho e impasses institucionais<\/h2>\n<p>Al\u00e9m da seguran\u00e7a, <strong>temas ligados \u00e0s rela\u00e7\u00f5es de trabalho tamb\u00e9m foram adiados. A PEC da Jornada 6&#215;1 (<a href=\"https:\/\/www.camara.leg.br\/proposicoesWeb\/fichadetramitacao?idProposicao=2485341\">PEC 8\/2025<\/a>) divide parlamentares<\/strong>. Na C\u00e2mara, o relat\u00f3rio prop\u00f5e manter o modelo atual, com redu\u00e7\u00e3o da carga semanal para 40 horas. No Senado, a CCJ j\u00e1 aprovou uma jornada 5&#215;2, mas o texto ainda aguarda vota\u00e7\u00e3o em plen\u00e1rio.<\/p>\n<p><strong>Outro tema sens\u00edvel \u00e9 a regulamenta\u00e7\u00e3o do trabalho por aplicativo (<a href=\"https:\/\/www.camara.leg.br\/proposicoesWeb\/fichadetramitacao?idProposicao=2537739\">PLP 152\/2025<\/a>)<\/strong>. Ap\u00f3s meses de audi\u00eancias p\u00fablicas, a comiss\u00e3o especial da C\u00e2mara apresentou um texto sem consenso entre trabalhadores, plataformas e parlamentares, o que levou ao adiamento da vota\u00e7\u00e3o.<\/p>\n<p>No campo institucional, tamb\u00e9m ficou para 2026 a <strong>sabatina de Jorge Messias<\/strong>, indicado pelo presidente Luiz In\u00e1cio Lula da Silva para uma vaga no <strong>Supremo Tribunal Federal <\/strong>aberta em setembro. A avalia\u00e7\u00e3o do nome enfrentou resist\u00eancia no Senado e a sabatina, inicialmente prevista para dezembro de 2025, acabou sendo cancelada \u2014 movimento que, nos bastidores, foi visto como uma estrat\u00e9gia para reduzir tens\u00f5es pol\u00edticas.<\/p>\n<p>J\u00e1 no \u00e2mbito investigativo, <strong>duas comiss\u00f5es parlamentares devem encerrar seus trabalhos ainda no primeiro semestre de 2026: a CPMI do INSS, que apura descontos indevidos em aposentadorias, e a CPI do Crime Organizado, no Senado, voltada \u00e0 investiga\u00e7\u00e3o e ao enfrentamento das fac\u00e7\u00f5es criminosas<\/strong>.<\/p>\n<p>\t\t\t\t\t\t\t\t\t<img loading=\"lazy\" decoding=\"async\" src=\"https:\/\/brasil61.com\/api\/v1\/serve_pixel\/17677\/86804\" alt=\"Pixel Brasil 61\" class=\"b61_pixel\" width=\"0\" height=\"0\"><\/p>\n<input type=\"hidden\" id=\"baseurl\" value=\"https:\/\/noticiasdestaque.com.br\"><input type=\"hidden\" id=\"audio_nonce\" value=\"6a24ca502e\">","protected":false},"excerpt":{"rendered":"<p>Com recesso ampliado por causa das elei\u00e7\u00f5es, temas como seguran\u00e7a p\u00fablica, jornada de trabalho e aplicativos ficam para o pr\u00f3ximo ano<\/p>\n","protected":false},"author":1,"featured_media":48819,"comment_status":"open","ping_status":"open","sticky":false,"template":"","format":"standard","meta":{"fifu_image_url":"","fifu_image_alt":"","footnotes":""},"categories":[50],"tags":[],"class_list":["post-48812","post","type-post","status-publish","format-standard","has-post-thumbnail","hentry","category-politica"],"distributor_meta":false,"distributor_terms":false,"distributor_media":false,"distributor_original_site_name":"Noticias em Destaque","distributor_original_site_url":"https:\/\/noticiasdestaque.com.br","push-errors":false,"_links":{"self":[{"href":"https:\/\/noticiasdestaque.com.br\/index.php\/wp-json\/wp\/v2\/posts\/48812","targetHints":{"allow":["GET"]}}],"collection":[{"href":"https:\/\/noticiasdestaque.com.br\/index.php\/wp-json\/wp\/v2\/posts"}],"about":[{"href":"https:\/\/noticiasdestaque.com.br\/index.php\/wp-json\/wp\/v2\/types\/post"}],"author":[{"embeddable":true,"href":"https:\/\/noticiasdestaque.com.br\/index.php\/wp-json\/wp\/v2\/users\/1"}],"replies":[{"embeddable":true,"href":"https:\/\/noticiasdestaque.com.br\/index.php\/wp-json\/wp\/v2\/comments?post=48812"}],"version-history":[{"count":1,"href":"https:\/\/noticiasdestaque.com.br\/index.php\/wp-json\/wp\/v2\/posts\/48812\/revisions"}],"predecessor-version":[{"id":48818,"href":"https:\/\/noticiasdestaque.com.br\/index.php\/wp-json\/wp\/v2\/posts\/48812\/revisions\/48818"}],"wp:featuredmedia":[{"embeddable":true,"href":"https:\/\/noticiasdestaque.com.br\/index.php\/wp-json\/wp\/v2\/media\/48819"}],"wp:attachment":[{"href":"https:\/\/noticiasdestaque.com.br\/index.php\/wp-json\/wp\/v2\/media?parent=48812"}],"wp:term":[{"taxonomy":"category","embeddable":true,"href":"https:\/\/noticiasdestaque.com.br\/index.php\/wp-json\/wp\/v2\/categories?post=48812"},{"taxonomy":"post_tag","embeddable":true,"href":"https:\/\/noticiasdestaque.com.br\/index.php\/wp-json\/wp\/v2\/tags?post=48812"}],"curies":[{"name":"wp","href":"https:\/\/api.w.org\/{rel}","templated":true}]}}