{"id":48802,"date":"2026-01-04T18:20:00","date_gmt":"2026-01-04T21:20:00","guid":{"rendered":"https:\/\/noticiasdestaque.com.br\/index.php\/2026\/01\/04\/previsao-do-tempo-sudeste-tem-chuva-forte-nesta-segunda-feira-5\/"},"modified":"2026-01-04T18:20:00","modified_gmt":"2026-01-04T21:20:00","slug":"previsao-do-tempo-sudeste-tem-chuva-forte-nesta-segunda-feira-5","status":"publish","type":"post","link":"https:\/\/noticiasdestaque.com.br\/index.php\/2026\/01\/04\/previsao-do-tempo-sudeste-tem-chuva-forte-nesta-segunda-feira-5\/","title":{"rendered":"PREVIS\u00c3O DO TEMPO: Sudeste tem chuva forte nesta segunda-feira (5)"},"content":{"rendered":"<p>\t\t\t\t\t\t\t\t\t\t\t<audio controls class=\"b61_audio_player\" data-noticia=\"86831\" src=\"https:\/\/brasil61.com\/rails\/active_storage\/blobs\/eyJfcmFpbHMiOnsibWVzc2FnZSI6IkJBaHBBMlRlQXc9PSIsImV4cCI6bnVsbCwicHVyIjoiYmxvYl9pZCJ9fQ==--2557dd0a9c26705b01706a741f023b1e08719210\/PTSD264305A\"><\/audio><\/p>\n<p>\u00a0<\/p>\n<\/p>\n<p dir=\"ltr\">A <strong>previs\u00e3o do tempo<\/strong> para esta segunda-feira (5) indica <strong>chuva intensa<\/strong> em grande parte da regi\u00e3o Sudeste, com varia\u00e7\u00e3o nas condi\u00e7\u00f5es do tempo em S\u00e3o Paulo.<\/p>\n<p dir=\"ltr\">Em S\u00e3o Paulo, o tempo fica mais firme em munic\u00edpios do oeste paulista, como Presidente Epit\u00e1cio e Marab\u00e1 Paulista, onde o dia ser\u00e1 de <strong>poucas nuvens e tempo claro<\/strong>. J\u00e1 no nordeste e norte do estado, cidades como Serrana e Santa Rita do Passa Quatro devem registrar <strong>muitas nuvens com pancadas de chuva isoladas<\/strong>.<\/p>\n<p dir=\"ltr\">Em Minas Gerais, a previs\u00e3o \u00e9 de<strong> chuva com intensidade <\/strong>em todo o estado. Munic\u00edpios de diferentes regi\u00f5es, como A\u00e7ucena, no Vale do Rio Doce, Diamantina, no Jequitinhonha, e Concei\u00e7\u00e3o do Mato Dentro, na regi\u00e3o Central, devem ser afetados pelas precipita\u00e7\u00f5es mais volumosas.<\/p>\n<p dir=\"ltr\">No Rio de Janeiro e no Esp\u00edrito Santo, a expectativa \u00e9 de<strong> precipita\u00e7\u00f5es fortes<\/strong> ao longo de todo o dia, com c\u00e9u encoberto e possibilidade de trovoadas.<\/p>\n<p dir=\"ltr\">Entre as capitais, a temperatura m\u00ednima prevista \u00e9 de 18\u00b0C, em S\u00e3o Paulo. J\u00e1 a m\u00e1xima pode chegar at\u00e9 26\u00b0C, em Vit\u00f3ria. A \u00a0umidade relativa do ar varia entre 30% e 100%.<\/p>\n<h2 dir=\"ltr\">5 motivos para acompanhar as previs\u00f5es do tempo<\/h2>\n<ul dir=\"ltr\">\n<li>Agricultura: garantia de uma boa colheita;<\/li>\n<li>Marinha: prote\u00e7\u00e3o de marinheiros, navios e passageiros;<\/li>\n<li>Aeron\u00e1utica: seguran\u00e7a de pilotos, aeronaves e passageiros;<\/li>\n<li>Pesca: condi\u00e7\u00f5es favor\u00e1veis e seguras para a atividade;<\/li>\n<li>Turismo: garantia de passeios e viagens tranquilas e agrad\u00e1veis.<\/li>\n<\/ul>\n<h2 dir=\"ltr\">Import\u00e2ncia das observa\u00e7\u00f5es meteorol\u00f3gicas no INMET<\/h2>\n<p dir=\"ltr\">As observa\u00e7\u00f5es meteorol\u00f3gicas do <a href=\"https:\/\/portal.inmet.gov.br\/\">INMET<\/a> s\u00e3o essenciais para previs\u00f5es em tempo real, estat\u00edsticas clim\u00e1ticas e coopera\u00e7\u00e3o internacional. Esses dados precisos ajudam a estudar o clima passado e a produzir Normais Climatol\u00f3gicas conforme a <strong>Organiza\u00e7\u00e3o Meteorol\u00f3gica Mundial <\/strong>(<a href=\"https:\/\/worldweather.wmo.int\/pt\/home.html\">OMM<\/a>).<\/p>\n<p dir=\"ltr\">As informa\u00e7\u00f5es s\u00e3o do <strong>Instituto Nacional de Meteorologia<\/strong> (<a href=\"https:\/\/portal.inmet.gov.br\/\">Inmet<\/a>).<\/p>\n<p>\t\t\t\t\t\t\t\t\t\t<img loading=\"lazy\" decoding=\"async\" src=\"https:\/\/brasil61.com\/api\/v1\/serve_pixel\/17677\/86831\" alt=\"Pixel Brasil 61\" class=\"b61_pixel\" width=\"0\" height=\"0\"><\/p>\n<input type=\"hidden\" id=\"baseurl\" value=\"https:\/\/noticiasdestaque.com.br\"><input type=\"hidden\" id=\"audio_nonce\" value=\"6a24ca502e\">","protected":false},"excerpt":{"rendered":"<p>Entre as capitais, a temperatura m\u00ednima prevista \u00e9 de 18\u00b0C, em S\u00e3o Paulo. J\u00e1 a m\u00e1xima pode chegar at\u00e9 26\u00b0C, em Vit\u00f3ria<\/p>\n","protected":false},"author":1,"featured_media":48803,"comment_status":"open","ping_status":"open","sticky":false,"template":"","format":"standard","meta":{"fifu_image_url":"","fifu_image_alt":"","footnotes":""},"categories":[58],"tags":[],"class_list":["post-48802","post","type-post","status-publish","format-standard","has-post-thumbnail","hentry","category-cotidiano"],"distributor_meta":false,"distributor_terms":false,"distributor_media":false,"distributor_original_site_name":"Noticias em Destaque","distributor_original_site_url":"https:\/\/noticiasdestaque.com.br","push-errors":false,"_links":{"self":[{"href":"https:\/\/noticiasdestaque.com.br\/index.php\/wp-json\/wp\/v2\/posts\/48802","targetHints":{"allow":["GET"]}}],"collection":[{"href":"https:\/\/noticiasdestaque.com.br\/index.php\/wp-json\/wp\/v2\/posts"}],"about":[{"href":"https:\/\/noticiasdestaque.com.br\/index.php\/wp-json\/wp\/v2\/types\/post"}],"author":[{"embeddable":true,"href":"https:\/\/noticiasdestaque.com.br\/index.php\/wp-json\/wp\/v2\/users\/1"}],"replies":[{"embeddable":true,"href":"https:\/\/noticiasdestaque.com.br\/index.php\/wp-json\/wp\/v2\/comments?post=48802"}],"version-history":[{"count":0,"href":"https:\/\/noticiasdestaque.com.br\/index.php\/wp-json\/wp\/v2\/posts\/48802\/revisions"}],"wp:featuredmedia":[{"embeddable":true,"href":"https:\/\/noticiasdestaque.com.br\/index.php\/wp-json\/wp\/v2\/media\/48803"}],"wp:attachment":[{"href":"https:\/\/noticiasdestaque.com.br\/index.php\/wp-json\/wp\/v2\/media?parent=48802"}],"wp:term":[{"taxonomy":"category","embeddable":true,"href":"https:\/\/noticiasdestaque.com.br\/index.php\/wp-json\/wp\/v2\/categories?post=48802"},{"taxonomy":"post_tag","embeddable":true,"href":"https:\/\/noticiasdestaque.com.br\/index.php\/wp-json\/wp\/v2\/tags?post=48802"}],"curies":[{"name":"wp","href":"https:\/\/api.w.org\/{rel}","templated":true}]}}