{"id":4880,"date":"2022-12-13T16:24:34","date_gmt":"2022-12-13T19:24:34","guid":{"rendered":"https:\/\/noticiasdestaque.com.br\/index.php\/2022\/12\/13\/presidente-do-tse-diz-que-diplomacao-representa-lisura-das-eleicoes\/"},"modified":"2022-12-13T16:24:34","modified_gmt":"2022-12-13T19:24:34","slug":"presidente-do-tse-diz-que-diplomacao-representa-lisura-das-eleicoes","status":"publish","type":"post","link":"https:\/\/noticiasdestaque.com.br\/index.php\/2022\/12\/13\/presidente-do-tse-diz-que-diplomacao-representa-lisura-das-eleicoes\/","title":{"rendered":"Presidente do TSE diz que diploma\u00e7\u00e3o representa lisura das elei\u00e7\u00f5es"},"content":{"rendered":"<style> bloco.meta {font-style: italic; color: #666;font-weight: 600;font-size: .8em; \/* line-height: .3em; *\/}  text h2 { font-weight: 700 !important;  color: #062f46 !important;} text img { width: none; left: none;}<\/style>\n<\/p>\n<p>O presidente do Tribunal Superior Eleitoral (TSE), ministro Alexandre de Moraes, disse hoje (12) que a diploma\u00e7\u00e3o do presidente eleito, Luiz In\u00e1cio Lula da Silva, e do vice-presidente eleito, Geraldo Alckmin, representa o reconhecimento da lisura da elei\u00e7\u00f5es.<\/p>\n<p>Durante discurso proferido na cerim\u00f4nia de diploma\u00e7\u00e3o de Lula e Alckmin, Moraes afirmou que a Justi\u00e7a Eleitoral se preparou para combater com efici\u00eancia ataques antidemocr\u00e1ticos contra o Estado de Direito e os &#8220;covardes ataques e viol\u00eancias pessoais aos seus membros&#8221;.<\/p>\n<p>&#8220;A diploma\u00e7\u00e3o da chapa presidencial eleita consiste no reconhecimento da lisura do pleito eleitoral e na legitimidade pol\u00edtica conferida soberanamente pela maioria do povo brasileiro por meio do voto direto e secreto.&#8221;<\/p>\n<p>O presidente do TSE tamb\u00e9m prometeu a responsabiliza\u00e7\u00e3o de &#8220;discursos de \u00f3dio e de desinforma\u00e7\u00e3o&#8221; proferidos por grupos organizados.<\/p>\n<p>&#8220;J\u00e1 identificados, garanto que ser\u00e3o responsabilizados para que isso n\u00e3o retorne nas pr\u00f3ximas elei\u00e7\u00f5es&#8221;, concluiu.<\/p>\n<p>A diploma\u00e7\u00e3o \u00e9 uma cerim\u00f4nia organizada pela Justi\u00e7a Eleitoral para formalizar a escolha dos eleitos nas elei\u00e7\u00f5es e marca do fim do processo eleitoral. Com o diploma eleitoral em m\u00e3os, os eleitos podem tomar posse no dia 1\u00b0 de janeiro de 2023.<\/p>\n<p class=\"alt-font font-italic my-2 small text-info\">\n                                                Edi\u00e7\u00e3o:   Val\u00e9ria Aguiar                    <\/p>\n<p>            <!-- blog End --><\/p>\n<p>            <!-- tag and share --><\/p>\n<p> Fonte: EBC <\/p>\n<input type=\"hidden\" id=\"baseurl\" value=\"https:\/\/noticiasdestaque.com.br\"><input type=\"hidden\" id=\"audio_nonce\" value=\"62ca87eee3\">","protected":false},"excerpt":{"rendered":"<p>Lula e Geraldo Alckmin foram diplomados hoje no TSE<\/p>\n","protected":false},"author":1,"featured_media":4881,"comment_status":"open","ping_status":"open","sticky":false,"template":"","format":"standard","meta":{"fifu_image_url":"","fifu_image_alt":"","footnotes":""},"categories":[50],"tags":[],"class_list":["post-4880","post","type-post","status-publish","format-standard","has-post-thumbnail","hentry","category-politica"],"distributor_meta":false,"distributor_terms":false,"distributor_media":false,"distributor_original_site_name":"Portal de Recupera\u00e7\u00e3o","distributor_original_site_url":"https:\/\/portalderecuperacao.com","push-errors":false,"_links":{"self":[{"href":"https:\/\/noticiasdestaque.com.br\/index.php\/wp-json\/wp\/v2\/posts\/4880","targetHints":{"allow":["GET"]}}],"collection":[{"href":"https:\/\/noticiasdestaque.com.br\/index.php\/wp-json\/wp\/v2\/posts"}],"about":[{"href":"https:\/\/noticiasdestaque.com.br\/index.php\/wp-json\/wp\/v2\/types\/post"}],"author":[{"embeddable":true,"href":"https:\/\/noticiasdestaque.com.br\/index.php\/wp-json\/wp\/v2\/users\/1"}],"replies":[{"embeddable":true,"href":"https:\/\/noticiasdestaque.com.br\/index.php\/wp-json\/wp\/v2\/comments?post=4880"}],"version-history":[{"count":0,"href":"https:\/\/noticiasdestaque.com.br\/index.php\/wp-json\/wp\/v2\/posts\/4880\/revisions"}],"wp:featuredmedia":[{"embeddable":true,"href":"https:\/\/noticiasdestaque.com.br\/index.php\/wp-json\/wp\/v2\/media\/4881"}],"wp:attachment":[{"href":"https:\/\/noticiasdestaque.com.br\/index.php\/wp-json\/wp\/v2\/media?parent=4880"}],"wp:term":[{"taxonomy":"category","embeddable":true,"href":"https:\/\/noticiasdestaque.com.br\/index.php\/wp-json\/wp\/v2\/categories?post=4880"},{"taxonomy":"post_tag","embeddable":true,"href":"https:\/\/noticiasdestaque.com.br\/index.php\/wp-json\/wp\/v2\/tags?post=4880"}],"curies":[{"name":"wp","href":"https:\/\/api.w.org\/{rel}","templated":true}]}}