{"id":48794,"date":"2026-01-04T03:00:00","date_gmt":"2026-01-04T06:00:00","guid":{"rendered":"https:\/\/noticiasdestaque.com.br\/index.php\/2026\/01\/04\/reforma-tributaria-cna-orienta-produtores-sobre-mudancas-na-emissao-de-notas-fiscais-em-2026\/"},"modified":"2026-01-04T03:00:00","modified_gmt":"2026-01-04T06:00:00","slug":"reforma-tributaria-cna-orienta-produtores-sobre-mudancas-na-emissao-de-notas-fiscais-em-2026","status":"publish","type":"post","link":"https:\/\/noticiasdestaque.com.br\/index.php\/2026\/01\/04\/reforma-tributaria-cna-orienta-produtores-sobre-mudancas-na-emissao-de-notas-fiscais-em-2026\/","title":{"rendered":"Reforma Tribut\u00e1ria: CNA orienta produtores sobre mudan\u00e7as na emiss\u00e3o de notas fiscais em 2026"},"content":{"rendered":"<p>\t\t\t\t\t\t\t\t\t\t\t<audio controls class=\"b61_audio_player\" data-noticia=\"86808\" src=\"https:\/\/brasil61.com\/rails\/active_storage\/blobs\/eyJfcmFpbHMiOnsibWVzc2FnZSI6IkJBaHBBMFRlQXc9PSIsImV4cCI6bnVsbCwicHVyIjoiYmxvYl9pZCJ9fQ==--734e7b98a01b95f4ffaa9cd5ed946399eaf8af9f\/BRAS2615479A\"><\/audio><\/p>\n<p>A <a href=\"https:\/\/cnabrasil.org.br\/\">Confedera\u00e7\u00e3o da Agricultura e Pecu\u00e1ria do Brasil (CNA)<\/a> orienta <strong>produtores rurais de todo o pa\u00eds a se prepararem para as mudan\u00e7as da Reforma Tribut\u00e1ria<\/strong>, em vigor desde a \u00faltima quinta-feira, 1\u00ba de janeiro de 2026. <strong><a href=\"https:\/\/www.cnabrasil.org.br\/noticias\/cna-alerta-produtor-rural-para-mudancas-no-modelo-de-emissao-de-notas-fiscais-a-partir-de-2026\">O alerta refere-se \u00e0 atualiza\u00e7\u00e3o dos sistemas eletr\u00f4nicos de emiss\u00e3o de notas fiscais<\/a><\/strong>, que passam a seguir o novo padr\u00e3o definido pela Receita Federal.<\/p>\n<p>Segundo o coordenador do N\u00facleo Econ\u00f4mico da CNA, Renato Conchon, <strong>produtores que utilizam sistemas pr\u00f3prios devem realizar a atualiza\u00e7\u00e3o at\u00e9 o fim de dezembro de 2025.<\/strong> A falta de adequa\u00e7\u00e3o pode gerar restri\u00e7\u00f5es na emiss\u00e3o de documentos fiscais a partir do in\u00edcio de 2026.<\/p>\n<p>A medida integra a transi\u00e7\u00e3o para o novo modelo de tributa\u00e7\u00e3o sobre o consumo, previsto na<strong> <a href=\"https:\/\/www.planalto.gov.br\/ccivil_03\/constituicao\/emendas\/emc\/emc132.htm\">Emenda Constitucional n\u00ba 132<\/a><\/strong>, promulgada em dezembro de 2023. O sistema substitui gradualmente os tributos atuais por dois impostos sobre valor agregado: o Imposto sobre Bens e Servi\u00e7os (IBS), de compet\u00eancia estadual e municipal, e a Contribui\u00e7\u00e3o sobre Bens e Servi\u00e7os (CBS), de compet\u00eancia federal.<\/p>\n<p><strong>Em 2026, a implementa\u00e7\u00e3o ocorre em fase de testes, com aplica\u00e7\u00e3o de al\u00edquota de 1%, sem efeito arrecadat\u00f3rio. De acordo com a Receita Federal, o per\u00edodo permite ajustes nos sistemas fiscais e a defini\u00e7\u00e3o das al\u00edquotas que ser\u00e3o aplicadas ap\u00f3s a transi\u00e7\u00e3o.<\/strong><\/p>\n<p>A <strong>CNA recomenda que os produtores realizem planejamento pr\u00e9vio, com envolvimento das \u00e1reas cont\u00e1bil, financeira, jur\u00eddica, de tecnologia da informa\u00e7\u00e3o e de recursos humanos.<\/strong> O objetivo \u00e9 garantir a emiss\u00e3o de notas fiscais conforme o novo modelo nacional.<\/p>\n<p>A entidade destaca pontos do novo sistema para o setor agropecu\u00e1rio, como a simplifica\u00e7\u00e3o das obriga\u00e7\u00f5es fiscais, a redu\u00e7\u00e3o de 60% nas al\u00edquotas aplicadas ao agro, o regime opcional para produtores com faturamento anual de at\u00e9 R$ 3,6 milh\u00f5es, a n\u00e3o incid\u00eancia do imposto seletivo sobre produtos agropecu\u00e1rios e regras espec\u00edficas para cooperativas e biocombust\u00edveis.<br \/>\n\u00a0<\/p>\n<p>\t\t\t\t\t\t\t\t\t\t<img loading=\"lazy\" decoding=\"async\" src=\"https:\/\/brasil61.com\/api\/v1\/serve_pixel\/17677\/86808\" alt=\"Pixel Brasil 61\" class=\"b61_pixel\" width=\"0\" height=\"0\"><\/p>\n<input type=\"hidden\" id=\"baseurl\" value=\"https:\/\/noticiasdestaque.com.br\"><input type=\"hidden\" id=\"audio_nonce\" value=\"6a24ca502e\">","protected":false},"excerpt":{"rendered":"<p>Entidade alerta para a necessidade de atualiza\u00e7\u00e3o dos sistemas eletr\u00f4nicos e explica como ser\u00e1 a fase de transi\u00e7\u00e3o do novo modelo tribut\u00e1rio.<\/p>\n","protected":false},"author":1,"featured_media":48795,"comment_status":"open","ping_status":"open","sticky":false,"template":"","format":"standard","meta":{"fifu_image_url":"","fifu_image_alt":"","footnotes":""},"categories":[59],"tags":[],"class_list":["post-48794","post","type-post","status-publish","format-standard","has-post-thumbnail","hentry","category-economia"],"distributor_meta":false,"distributor_terms":false,"distributor_media":false,"distributor_original_site_name":"Noticias em Destaque","distributor_original_site_url":"https:\/\/noticiasdestaque.com.br","push-errors":false,"_links":{"self":[{"href":"https:\/\/noticiasdestaque.com.br\/index.php\/wp-json\/wp\/v2\/posts\/48794","targetHints":{"allow":["GET"]}}],"collection":[{"href":"https:\/\/noticiasdestaque.com.br\/index.php\/wp-json\/wp\/v2\/posts"}],"about":[{"href":"https:\/\/noticiasdestaque.com.br\/index.php\/wp-json\/wp\/v2\/types\/post"}],"author":[{"embeddable":true,"href":"https:\/\/noticiasdestaque.com.br\/index.php\/wp-json\/wp\/v2\/users\/1"}],"replies":[{"embeddable":true,"href":"https:\/\/noticiasdestaque.com.br\/index.php\/wp-json\/wp\/v2\/comments?post=48794"}],"version-history":[{"count":0,"href":"https:\/\/noticiasdestaque.com.br\/index.php\/wp-json\/wp\/v2\/posts\/48794\/revisions"}],"wp:featuredmedia":[{"embeddable":true,"href":"https:\/\/noticiasdestaque.com.br\/index.php\/wp-json\/wp\/v2\/media\/48795"}],"wp:attachment":[{"href":"https:\/\/noticiasdestaque.com.br\/index.php\/wp-json\/wp\/v2\/media?parent=48794"}],"wp:term":[{"taxonomy":"category","embeddable":true,"href":"https:\/\/noticiasdestaque.com.br\/index.php\/wp-json\/wp\/v2\/categories?post=48794"},{"taxonomy":"post_tag","embeddable":true,"href":"https:\/\/noticiasdestaque.com.br\/index.php\/wp-json\/wp\/v2\/tags?post=48794"}],"curies":[{"name":"wp","href":"https:\/\/api.w.org\/{rel}","templated":true}]}}