{"id":48792,"date":"2026-01-04T02:00:00","date_gmt":"2026-01-04T05:00:00","guid":{"rendered":"https:\/\/noticiasdestaque.com.br\/index.php\/2026\/01\/04\/vigilancia-contra-sarampo-e-intensificada-em-sp-ms-e-pr-para-evitar-reintroducao-do-virus\/"},"modified":"2026-01-04T02:00:00","modified_gmt":"2026-01-04T05:00:00","slug":"vigilancia-contra-sarampo-e-intensificada-em-sp-ms-e-pr-para-evitar-reintroducao-do-virus","status":"publish","type":"post","link":"https:\/\/noticiasdestaque.com.br\/index.php\/2026\/01\/04\/vigilancia-contra-sarampo-e-intensificada-em-sp-ms-e-pr-para-evitar-reintroducao-do-virus\/","title":{"rendered":"Vigil\u00e2ncia contra sarampo \u00e9 intensificada em SP, MS e PR para evitar reintrodu\u00e7\u00e3o do v\u00edrus"},"content":{"rendered":"<p>\t\t\t\t\t\t\t\t\t\t\t<audio controls class=\"b61_audio_player\" data-noticia=\"86828\" src=\"https:\/\/brasil61.com\/rails\/active_storage\/blobs\/eyJfcmFpbHMiOnsibWVzc2FnZSI6IkJBaHBBMlhlQXc9PSIsImV4cCI6bnVsbCwicHVyIjoiYmxvYl9pZCJ9fQ==--437a92ee37e4289ff6fbcf883842f1c11739d869\/BRAS2615486A\"><\/audio><\/p>\n<p>O Brasil mant\u00e9m o alerta para o risco de importa\u00e7\u00e3o do <b>sarampo<\/b>, especialmente com o aumento do fluxo de viajantes na temporada 2025\/2026. Ap\u00f3s o pa\u00eds recuperar a certifica\u00e7\u00e3o de \u00e1rea livre da doen\u00e7a, estados como <b>S\u00e3o Paulo, Mato Grosso do Sul e Paran\u00e1<\/b> refor\u00e7am a vigil\u00e2ncia epidemiol\u00f3gica e as campanhas de imuniza\u00e7\u00e3o.<\/p>\n<p>A <b>vacina tr\u00edplice viral<\/b>, que protege contra sarampo, caxumba e rub\u00e9ola, \u00e9 a principal ferramenta de preven\u00e7\u00e3o. Autoridades de sa\u00fade recomendam que a dose seja aplicada com pelo menos <b>15 dias de anteced\u00eancia<\/b> de viagens ou participa\u00e7\u00e3o em eventos de massa.<\/p>\n<p><b>Alerta em S\u00e3o Paulo: temporada de cruzeiros<\/b><\/p>\n<p>A Secretaria de Estado da Sa\u00fade de S\u00e3o Paulo emitiu um alerta espec\u00edfico para a <a href=\"https:\/\/brasil61.com\/n\/temporada-de-cruzeiros-acende-alerta-para-vacinacao-contra-o-sarampo-bras2515448\"><b>temporada de cruzeiros mar\u00edtimos<\/b>.<\/a> O grande fluxo de passageiros no litoral paulista e a circula\u00e7\u00e3o internacional do v\u00edrus aumentam a vulnerabilidade.<\/p>\n<p>Em 2025, o Brasil registrou <b>38 casos importados<\/b> da doen\u00e7a, sendo dois confirmados em territ\u00f3rio paulista. A vigil\u00e2ncia foi redobrada em portos e servi\u00e7os de sa\u00fade para garantir resposta r\u00e1pida a poss\u00edveis novos casos.<\/p>\n<p><b>Mato Grosso do Sul: cobertura vacinal e &#8220;Dose Zero&#8221;<\/b><\/p>\n<p>No Mato Grosso do Sul, a campanha <b>&#8220;MS Vacina Mais: Sarampo&#8221;<\/b> mobilizou os 79 munic\u00edpios. O estado implementou a <b>&#8220;dose zero&#8221;<\/b> para crian\u00e7as de 6 a 11 meses, oferecendo prote\u00e7\u00e3o extra ao p\u00fablico infantil.<\/p>\n<p>Dados da Secretaria de Estado de Sa\u00fade (SES) apontam os seguintes \u00edndices de cobertura at\u00e9 outubro de 2025:<\/p>\n<ul>\n<li><b>Primeira dose (tr\u00edplice viral):<\/b> 97,16% de cobertura;<\/li>\n<li><b>Segunda dose:<\/b> 83,65% de cobertura;<\/li>\n<li><b>Cen\u00e1rio epidemiol\u00f3gico:<\/b> 105 casos descartados e nenhum confirmado no estado em 2025.<\/li>\n<\/ul>\n<p><b>Vigil\u00e2ncia no Paran\u00e1<\/b><\/p>\n<p>A Secretaria de Sa\u00fade do Paran\u00e1 (Sesa) mant\u00e9m o monitoramento cont\u00ednuo, embora n\u00e3o haja registro de transmiss\u00e3o local. O foco paranaense est\u00e1 na orienta\u00e7\u00e3o de <b>profissionais de sa\u00fade e viajantes<\/b> durante feriados prolongados.<\/p>\n<p>O esquema de vacina\u00e7\u00e3o dispon\u00edvel no SUS segue os crit\u00e9rios:<\/p>\n<ul>\n<li><b>Pessoas at\u00e9 29 anos:<\/b> Duas doses;<\/li>\n<li><b>Adultos de 30 a 59 anos:<\/b> Uma dose;<\/li>\n<li><b>Trabalhadores da sa\u00fade:<\/b> Duas doses independentemente da idade.<\/li>\n<\/ul>\n<p><b>Sarampo: o que \u00e9 como se prevenir<\/b><\/p>\n<p>O <b>sarampo \u00e9 uma doen\u00e7a infecciosa altamente contagiosa<\/b> que j\u00e1 foi uma das principais causas de mortalidade infantil em todo o mundo. Segundo o<a href=\"https:\/\/www.gov.br\/saude\/pt-br\/assuntos\/saude-de-a-a-z\/s\/sarampo\"> Minist\u00e9rio da Sa\u00fade<\/a>, apesar dos avan\u00e7os significativos no controle e preven\u00e7\u00e3o por meio da vacina\u00e7\u00e3o, a <b>doen\u00e7a ainda representa um desafio para a sa\u00fade p\u00fablica, especialmente em regi\u00f5es com baixas taxas de imuniza\u00e7\u00e3o.<\/b><\/p>\n<p><b>A transmiss\u00e3o do v\u00edrus do sarampo ocorre de pessoa a pessoa, por via a\u00e9rea, ao tossir, espirrar, falar ou respirar<\/b>. E pode ocorrer entre 6 dias antes e 4 dias ap\u00f3s o aparecimento das manchas vermelhas pelo corpo. Uma pessoa infectada, por exemplo, pode transmitir para 90% das pessoas pr\u00f3ximas que n\u00e3o estejam imunes.\u00a0<\/p>\n<p><b>A principal forma de preven\u00e7\u00e3o \u00e9 a vacina\u00e7\u00e3o, dispon\u00edvel gratuitamente no <\/b><a href=\"https:\/\/www.gov.br\/saude\/pt-br\/sus\"><b>Sistema \u00danico de Sa\u00fade (SUS)<\/b><\/a><b>.<\/b> Medidas complementares, como higienizar as m\u00e3os com frequ\u00eancia, cobrir o nariz e a boca ao tossir ou espirrar e evitar contato pr\u00f3ximo com pessoas doentes, tamb\u00e9m ajudam a reduzir o risco de transmiss\u00e3o.<\/p>\n<p>\t\t\t\t\t\t\t\t\t\t<img loading=\"lazy\" decoding=\"async\" src=\"https:\/\/brasil61.com\/api\/v1\/serve_pixel\/17677\/86828\" alt=\"Pixel Brasil 61\" class=\"b61_pixel\" width=\"0\" height=\"0\"><\/p>\n<input type=\"hidden\" id=\"baseurl\" value=\"https:\/\/noticiasdestaque.com.br\"><input type=\"hidden\" id=\"audio_nonce\" value=\"6a24ca502e\">","protected":false},"excerpt":{"rendered":"<p>Autoridades alertam para alta transmissibilidade e import\u00e2ncia da vacina\u00e7\u00e3o\u2028<\/p>\n","protected":false},"author":1,"featured_media":48793,"comment_status":"open","ping_status":"open","sticky":false,"template":"","format":"standard","meta":{"fifu_image_url":"","fifu_image_alt":"","footnotes":""},"categories":[51],"tags":[],"class_list":["post-48792","post","type-post","status-publish","format-standard","has-post-thumbnail","hentry","category-saude"],"distributor_meta":false,"distributor_terms":false,"distributor_media":false,"distributor_original_site_name":"Noticias em Destaque","distributor_original_site_url":"https:\/\/noticiasdestaque.com.br","push-errors":false,"_links":{"self":[{"href":"https:\/\/noticiasdestaque.com.br\/index.php\/wp-json\/wp\/v2\/posts\/48792","targetHints":{"allow":["GET"]}}],"collection":[{"href":"https:\/\/noticiasdestaque.com.br\/index.php\/wp-json\/wp\/v2\/posts"}],"about":[{"href":"https:\/\/noticiasdestaque.com.br\/index.php\/wp-json\/wp\/v2\/types\/post"}],"author":[{"embeddable":true,"href":"https:\/\/noticiasdestaque.com.br\/index.php\/wp-json\/wp\/v2\/users\/1"}],"replies":[{"embeddable":true,"href":"https:\/\/noticiasdestaque.com.br\/index.php\/wp-json\/wp\/v2\/comments?post=48792"}],"version-history":[{"count":0,"href":"https:\/\/noticiasdestaque.com.br\/index.php\/wp-json\/wp\/v2\/posts\/48792\/revisions"}],"wp:featuredmedia":[{"embeddable":true,"href":"https:\/\/noticiasdestaque.com.br\/index.php\/wp-json\/wp\/v2\/media\/48793"}],"wp:attachment":[{"href":"https:\/\/noticiasdestaque.com.br\/index.php\/wp-json\/wp\/v2\/media?parent=48792"}],"wp:term":[{"taxonomy":"category","embeddable":true,"href":"https:\/\/noticiasdestaque.com.br\/index.php\/wp-json\/wp\/v2\/categories?post=48792"},{"taxonomy":"post_tag","embeddable":true,"href":"https:\/\/noticiasdestaque.com.br\/index.php\/wp-json\/wp\/v2\/tags?post=48792"}],"curies":[{"name":"wp","href":"https:\/\/api.w.org\/{rel}","templated":true}]}}